{"id":37762,"date":"2014-06-23T16:15:06","date_gmt":"2014-06-23T14:15:06","guid":{"rendered":"http:\/\/stockportal.hu\/?p=37762"},"modified":"2014-06-23T14:16:30","modified_gmt":"2014-06-23T12:16:30","slug":"szerzodes-szerint-erkezik-a-gaz-magyarorszagra","status":"publish","type":"post","link":"https:\/\/gazdasagportal.hu\/index.php\/szerzodes-szerint-erkezik-a-gaz-magyarorszagra\/","title":{"rendered":"Szerz\u0151d\u00e9s szerint \u00e9rkezik a g\u00e1z Magyarorsz\u00e1gra"},"content":{"rendered":"<p><strong>Szerz\u0151d\u00e9s szerinti g\u00e1zmennyis\u00e9g \u00e9rkezik  Magyarorsz\u00e1gra Ukrajna ir\u00e1ny\u00e1b\u00f3l &#8211; k\u00f6z\u00f6lte Lakatos Edina, az FGSZ F\u00f6ldg\u00e1zsz\u00e1ll\u00edt\u00f3 Zrt. sz\u00f3viv\u0151je h\u00e9tf\u0151n az MTI \u00e9rdekl\u0151d\u00e9s\u00e9re.<br \/>\n<\/strong><!--more--><br \/>\n<div class=\"ads-in-post1\"><div id=\"gazdasagportal.hu_fullbanner_wideboard\"><\/div>\r\n<\/div>\n    A h\u00edr\u00fcgyn\u00f6ks\u00e9g azt k\u00f6vet\u0151en kereste a c\u00e9get, hogy az orosz Gazprom g\u00e1zipari c\u00e9g bejelentette, Ukrajn\u00e1ban \u00f6t\u00f6dik napja vesznek ki g\u00e1zt a tranzitvezet\u00e9kb\u0151l. Az orosz energia\u00fcgyi miniszt\u00e9riumban azonban h\u00e9tf\u0151n azonnal c\u00e1folt\u00e1k az \u00e1llami c\u00e9g k\u00f6zl\u00e9s\u00e9t, \u00e9s arr\u00f3l t\u00e1j\u00e9koztattak, hogy a k\u00f6zponti diszp\u00e9cserszolg\u00e1lat adatai &#8222;m\u0171szaki \u00e1tsz\u00e1m\u00edt\u00e1sokat t\u00fckr\u00f6znek&#8221;.<br \/>\n    A Gazprom h\u00e9tf\u0151 d\u00e9lel\u0151tt meger\u0151s\u00edtette, hogy nincs fennakad\u00e1s az Ukrajn\u00e1n \u00e1t Eur\u00f3p\u00e1ba ir\u00e1nyul\u00f3 g\u00e1ztranzitban. A g\u00e1zvezet\u00e9kben a nyom\u00e1s stabil, az elm\u00falt 24 \u00f3r\u00e1ban 205 milli\u00f3 k\u00f6bm\u00e9ter orosz f\u00f6ldg\u00e1z haladt \u00e1t Ukrajn\u00e1n.<br \/>\n     Hasonl\u00f3 k\u00f6zlem\u00e9nyt tett k\u00f6zz\u00e9 az Eustream szlov\u00e1k g\u00e1zvezet\u00e9k \u00fczemeltet\u0151 is. Az Eustream felel a m\u00e1s uni\u00f3s orsz\u00e1gokba Ukrajna fel\u0151l \u00e9rkez\u0151 orosz f\u00f6ldg\u00e1z Szlov\u00e1ki\u00e1n \u00e1t tart\u00f3 tranzitj\u00e1\u00e9rt. A c\u00e9g 2255 kilom\u00e9ter hossz\u00fa vezet\u00e9ket, tov\u00e1bb\u00e1 n\u00e9gy kompresszor\u00e1llom\u00e1st \u00fczemeltet.(MTI)<\/p>\n","protected":false},"excerpt":{"rendered":"<p>Szerz\u0151d\u00e9s szerinti g\u00e1zmennyis\u00e9g \u00e9rkezik Magyarorsz\u00e1gra Ukrajna ir\u00e1ny\u00e1b\u00f3l &#8211; k\u00f6z\u00f6lte Lakatos Edina, az FGSZ F\u00f6ldg\u00e1zsz\u00e1ll\u00edt\u00f3 Zrt. sz\u00f3viv\u0151je h\u00e9tf\u0151n az MTI \u00e9rdekl\u0151d\u00e9s\u00e9re.<\/p>\n","protected":false},"author":1,"featured_media":0,"comment_status":"open","ping_status":"closed","sticky":false,"template":"","format":"standard","meta":[],"categories":[139],"tags":[],"_links":{"self":[{"href":"https:\/\/gazdasagportal.hu\/index.php\/wp-json\/wp\/v2\/posts\/37762"}],"collection":[{"href":"https:\/\/gazdasagportal.hu\/index.php\/wp-json\/wp\/v2\/posts"}],"about":[{"href":"https:\/\/gazdasagportal.hu\/index.php\/wp-json\/wp\/v2\/types\/post"}],"author":[{"embeddable":true,"href":"https:\/\/gazdasagportal.hu\/index.php\/wp-json\/wp\/v2\/users\/1"}],"replies":[{"embeddable":true,"href":"https:\/\/gazdasagportal.hu\/index.php\/wp-json\/wp\/v2\/comments?post=37762"}],"version-history":[{"count":1,"href":"https:\/\/gazdasagportal.hu\/index.php\/wp-json\/wp\/v2\/posts\/37762\/revisions"}],"predecessor-version":[{"id":37763,"href":"https:\/\/gazdasagportal.hu\/index.php\/wp-json\/wp\/v2\/posts\/37762\/revisions\/37763"}],"wp:attachment":[{"href":"https:\/\/gazdasagportal.hu\/index.php\/wp-json\/wp\/v2\/media?parent=37762"}],"wp:term":[{"taxonomy":"category","embeddable":true,"href":"https:\/\/gazdasagportal.hu\/index.php\/wp-json\/wp\/v2\/categories?post=37762"},{"taxonomy":"post_tag","embeddable":true,"href":"https:\/\/gazdasagportal.hu\/index.php\/wp-json\/wp\/v2\/tags?post=37762"}],"curies":[{"name":"wp","href":"https:\/\/api.w.org\/{rel}","templated":true}]}}