{"id":37760,"date":"2014-06-23T14:58:54","date_gmt":"2014-06-23T12:58:54","guid":{"rendered":"http:\/\/stockportal.hu\/?p=37760"},"modified":"2014-06-23T14:24:19","modified_gmt":"2014-06-23T12:24:19","slug":"eu-tisztujitas-a-le-figaro-cameron-politikailag-elszigetelodeserol","status":"publish","type":"post","link":"https:\/\/gazdasagportal.hu\/index.php\/eu-tisztujitas-a-le-figaro-cameron-politikailag-elszigetelodeserol\/","title":{"rendered":"EU-tiszt\u00faj\u00edt\u00e1s &#8211; A Le Figaro Cameron politikailag elszigetel\u0151d\u00e9s\u00e9r\u0151l"},"content":{"rendered":"<p><strong>A politikai elszigetel\u0151d\u00e9st kock\u00e1ztatja David Cameron brit minisztereln\u00f6k azzal, hogy minden\u00e1ron meg akarja akad\u00e1lyozni a luxemburgi Jean-Claude Juncker megv\u00e1laszt\u00e1s\u00e1t az Eur\u00f3pai Bizotts\u00e1g \u00faj eln\u00f6k\u00e9nek &#8211; \u00edrta h\u00e9tf\u0151n a Le Figaro c\u00edm\u0171 konzervat\u00edv francia napilap br\u00fcsszeli tud\u00f3s\u00edt\u00f3ja.<br \/>\n<\/strong><!--more--><br \/>\n<div class=\"ads-in-post1\"><div id=\"gazdasagportal.hu_fullbanner_wideboard\"><\/div>\r\n<\/div>\n    Jean-Jacques Mevel megfogalmaz\u00e1sa szerint Cameron &#8222;a legvesz\u00e9lyesebb eur\u00f3pai csat\u00e1ra&#8221; k\u00e9sz\u00fcl a j\u00fanius 26-27-\u00e9n esed\u00e9kes br\u00fcsszeli cs\u00facstal\u00e1lkoz\u00f3n a Juncker megv\u00e1laszt\u00e1s\u00e1t illet\u0151en &#8222;a jobboldalt\u00f3l a baloldalig, \u00e9szakt\u00f3l d\u00e9lig egyre \u00f6sszeforrottabb eur\u00f3pai koal\u00edci\u00f3val szemben&#8221;. A tud\u00f3s\u00edt\u00f3 eml\u00e9keztetett arra, hogy szombaton P\u00e1rizsban kilenc uni\u00f3s orsz\u00e1g baloldali vezet\u0151je meg\u00e1llapodott abban, hogy Junckert t\u00e1mogatj\u00e1k, aki m\u00f6g\u00f6tt a legt\u00f6bb konzervat\u00edv \u00e9s liber\u00e1lis vezet\u0151, k\u00f6zt\u00fck Angela Merkel n\u00e9met kancell\u00e1r is felsorakozott.<br \/>\n    Arra is felh\u00edvta a figyelmet, hogy a szavaz\u00e1skor Cameron mag\u00e1ra maradhat Orb\u00e1n Viktor magyar minisztereln\u00f6kkel, &#8222;akit mag\u00e1t is id\u0151nk\u00e9nt szalonk\u00e9ptelennek tartanak&#8221;. Ugyanakkor \u00fagy t\u0171nik, hogy a brit minisztereln\u00f6k \u00e9ppen erre, a legrosszabb forgat\u00f3k\u00f6nyvre j\u00e1tszik: el\u0151sz\u00f6r fordulna el\u0151 ugyanis, hogy az Eur\u00f3pai Bizotts\u00e1g eln\u00f6k\u00e9t nem valamennyi uni\u00f3s \u00e1llam- \u00e9s korm\u00e1nyf\u0151 hivatalos t\u00e1mogat\u00e1s\u00e1val v\u00e1lasztj\u00e1k meg, ami &#8222;precedens n\u00e9lk\u00fcli politikai h\u00e1tr\u00e1nyt&#8221; jelentene &#8211; hangs\u00falyozta a Le Figaro.<br \/>\n    A lap szerint a n\u00e9met kancell\u00e1r elt\u00f6k\u00e9lt abban, hogy az EU-bizotts\u00e1g \u00faj eln\u00f6k\u00e9r\u0151l m\u00e1r a h\u00e9ten d\u00f6ntsenek \u00e9s \u00edgy az \u00faj eur\u00f3pai vezet\u00e9s halad\u00e9ktalanul megkezdhesse a munk\u00e1t, de Cameron nem akarja letenni a fegyvert \u00e9s tart\u00f3zkodni sem szeretne. Szem\u00e9ben az Eurocsoport kor\u00e1bbi vezet\u0151jek\u00e9nt Juncker a f\u00f6deralista eur\u00f3pai technokrata protot\u00edpusa, aki k\u00e9ptelen megreform\u00e1lni az Eur\u00f3pai Uni\u00f3t. A tud\u00f3s\u00edt\u00f3 komment\u00e1rja szerint a brit korm\u00e1nyf\u0151 els\u0151sorban a hazai k\u00f6zv\u00e9lem\u00e9nynek \u00e9s az euroszkeptikusok \u00e1ltal uralt londoni parlamentnek j\u00e1tszik, ez\u00e9rt nem k\u00edv\u00e1n egy elvi k\u00e9rd\u00e9sben alkudozni. A k\u00f6vetkez\u0151 napokban London megpr\u00f3b\u00e1l id\u0151t nyerni \u00e9s meggy\u0151zni Merkelt \u00e9s Herman Van Rompuyt, az Eur\u00f3pai Uni\u00f3 eln\u00f6k\u00e9t arr\u00f3l, hogy keressenek \u00faj jel\u00f6ltet. Nekik azonban kev\u00e9ss\u00e9 van \u00edny\u00fckre ez a b\u0171v\u00e9szmutatv\u00e1ny, amely elker\u00fclhetetlen\u00fcl \u00fajabb int\u00e9zm\u00e9nyi csat\u00e1hoz vezetne, ez\u00fattal az Eur\u00f3pai Parlamenttel &#8211; fogalmazott a tud\u00f3s\u00edt\u00f3.<br \/>\n    Amennyiben mindez nem siker\u00fcl, Cameron a cs\u00facstal\u00e1lkoz\u00f3n szavaz\u00e1st fog k\u00e9rni az Eur\u00f3pai Bizotts\u00e1g k\u00f6vetkez\u0151 eln\u00f6k\u00e9nek szem\u00e9ly\u00e9r\u0151l, miut\u00e1n &#8222;a hidakat m\u00e1r fel\u00e9gette maga m\u00f6g\u00f6tt&#8221; &#8211; eml\u00e9keztetett a tud\u00f3s\u00edt\u00f3, s id\u00e9zte a The Sunday Times c\u00edm\u0171  konzervat\u00edv vas\u00e1rnapi brit lapnak nyilatkoz\u00f3 brit korm\u00e1nyforr\u00e1sokat, akik gyakorlatilag elismert\u00e9k, hogy rem\u00e9nytelen pr\u00f3b\u00e1lkoz\u00e1sr\u00f3l van sz\u00f3. A brit lap \u00e1ltal id\u00e9zett egyik Downing Street-i illet\u00e9kes kijelentette: Londonnak nagyj\u00e1b\u00f3l annyi es\u00e9lye van Juncker eur\u00f3pai bizotts\u00e1gi eln\u00f6kk\u00e9 v\u00e1laszt\u00e1s\u00e1nak megakad\u00e1lyoz\u00e1s\u00e1ra, mint amennyi a (m\u00e1r kiesett) angol labdar\u00fag\u00f3-v\u00e1logatottnak a braz\u00edliai vil\u00e1gbajnoks\u00e1g megnyer\u00e9s\u00e9re.<br \/>\n    A hat\u00e1lyos uni\u00f3s szerz\u0151d\u00e9sek \u00e9rtelm\u00e9ben az Eur\u00f3pai Bizotts\u00e1g eln\u00f6k\u00e9nek szem\u00e9ly\u00e9re a tagorsz\u00e1gok \u00e1llam-, illetve korm\u00e1nyf\u0151ib\u0151l \u00e1ll\u00f3 tan\u00e1cs tesz javaslatot az Eur\u00f3pai Parlamentnek, az EP-v\u00e1laszt\u00e1sok eredm\u00e9nyeinek figyelembev\u00e9tel\u00e9vel. A jel\u00f6ltr\u0151l ezt k\u00f6vet\u0151en a 751 tag\u00fa uni\u00f3s parlament szavaz, megv\u00e1laszt\u00e1s\u00e1hoz egyszer\u0171 t\u00f6bbs\u00e9gre van sz\u00fcks\u00e9g. Ha nem kapja meg a t\u00f6bbs\u00e9gi t\u00e1mogat\u00e1st, az \u00e1llam- \u00e9s korm\u00e1nyf\u0151i tan\u00e1cs \u00faj jel\u00f6ltet javasol.(MTI)<\/p>\n","protected":false},"excerpt":{"rendered":"<p>A politikai elszigetel\u0151d\u00e9st kock\u00e1ztatja David Cameron brit minisztereln\u00f6k azzal, hogy minden\u00e1ron meg akarja akad\u00e1lyozni a luxemburgi Jean-Claude Juncker megv\u00e1laszt\u00e1s\u00e1t az Eur\u00f3pai Bizotts\u00e1g \u00faj eln\u00f6k\u00e9nek &#8211; \u00edrta h\u00e9tf\u0151n a Le Figaro c\u00edm\u0171 konzervat\u00edv francia napilap br\u00fcsszeli tud\u00f3s\u00edt\u00f3ja.<\/p>\n","protected":false},"author":1,"featured_media":0,"comment_status":"open","ping_status":"closed","sticky":false,"template":"","format":"standard","meta":[],"categories":[12],"tags":[],"_links":{"self":[{"href":"https:\/\/gazdasagportal.hu\/index.php\/wp-json\/wp\/v2\/posts\/37760"}],"collection":[{"href":"https:\/\/gazdasagportal.hu\/index.php\/wp-json\/wp\/v2\/posts"}],"about":[{"href":"https:\/\/gazdasagportal.hu\/index.php\/wp-json\/wp\/v2\/types\/post"}],"author":[{"embeddable":true,"href":"https:\/\/gazdasagportal.hu\/index.php\/wp-json\/wp\/v2\/users\/1"}],"replies":[{"embeddable":true,"href":"https:\/\/gazdasagportal.hu\/index.php\/wp-json\/wp\/v2\/comments?post=37760"}],"version-history":[{"count":1,"href":"https:\/\/gazdasagportal.hu\/index.php\/wp-json\/wp\/v2\/posts\/37760\/revisions"}],"predecessor-version":[{"id":37761,"href":"https:\/\/gazdasagportal.hu\/index.php\/wp-json\/wp\/v2\/posts\/37760\/revisions\/37761"}],"wp:attachment":[{"href":"https:\/\/gazdasagportal.hu\/index.php\/wp-json\/wp\/v2\/media?parent=37760"}],"wp:term":[{"taxonomy":"category","embeddable":true,"href":"https:\/\/gazdasagportal.hu\/index.php\/wp-json\/wp\/v2\/categories?post=37760"},{"taxonomy":"post_tag","embeddable":true,"href":"https:\/\/gazdasagportal.hu\/index.php\/wp-json\/wp\/v2\/tags?post=37760"}],"curies":[{"name":"wp","href":"https:\/\/api.w.org\/{rel}","templated":true}]}}