{"id":37756,"date":"2014-06-23T13:49:00","date_gmt":"2014-06-23T11:49:00","guid":{"rendered":"http:\/\/stockportal.hu\/?p=37756"},"modified":"2014-06-23T12:17:11","modified_gmt":"2014-06-23T10:17:11","slug":"bizik-az-imf-a-kinai-gazdasagban","status":"publish","type":"post","link":"https:\/\/gazdasagportal.hu\/index.php\/bizik-az-imf-a-kinai-gazdasagban\/","title":{"rendered":"B\u00edzik az IMF a k\u00ednai gazdas\u00e1gban"},"content":{"rendered":"<p><strong>A k\u00ednai gazdas\u00e1g er\u0151s, de k\u00f6z\u00e9pt\u00e1von az eg\u00e9szs\u00e9ges, fenntarthat\u00f3 fejl\u0151d\u00e9sre kell helyezni\u00fck a hangs\u00falyt a d\u00f6nt\u00e9shoz\u00f3knak &#8211; mondta a Nemzetk\u00f6zi Valutaalap (IMF) titk\u00e1ra a Hszinhua h\u00edr\u00fcgyn\u00f6ks\u00e9gnek<\/strong>.<!--more--><br \/>\n<div class=\"ads-in-post1\"><div id=\"gazdasagportal.hu_fullbanner_wideboard\"><\/div>\r\n<\/div>\n<p>\u00a0\u00a0\u00a0\u00a0Lin Csien-haj \u00fagy fogalmazott: b\u00edzik a k\u00ednai gazdas\u00e1gban, \u00e9s abban, hogy az stabil \u00e9s er\u0151s n\u00f6veked\u00e9st mutat a j\u00f6v\u0151ben is. Az idei, 7,5 sz\u00e1zal\u00e9kos GDP-n\u00f6veked\u00e9si c\u00e9lt v\u00e1rhat\u00f3an teljes\u00fcl. A javul\u00f3 nemzetk\u00f6zi gazdas\u00e1gi helyzetnek \u00e9s a k\u00ednai \u00f6szt\u00f6nz\u0151 int\u00e9zked\u00e9seknek k\u00f6sz\u00f6nhet\u0151en pedig a m\u00e1sodik f\u00e9l\u00e9vben az els\u0151 hat h\u00f3napban a v\u00e1rakoz\u00e1sokt\u00f3l elmarad\u00f3an teljes\u00edt\u0151 exportszektor fellend\u00fcl\u00e9s\u00e9re lehet sz\u00e1m\u00edtani &#8211; er\u0151s\u00edtette meg a k\u00f6zgazd\u00e1sz a kor\u00e1bban k\u00ednai \u00e9s nemzetk\u00f6zi elemz\u0151k \u00e1ltal is hangoztatott v\u00e9lem\u00e9nyt.<br \/>\n\u00a0\u00a0\u00a0\u00a0Az ambici\u00f3zus c\u00e9lok helyett ugyanakkor a kelet-\u00e1zsiai orsz\u00e1gnak a fenntarthat\u00f3s\u00e1gra, a n\u00f6veked\u00e9s min\u0151s\u00e9g\u00e9nek biztos\u00edt\u00e1s\u00e1ra kell koncentr\u00e1lnia. Sz\u00fcks\u00e9g van a szolg\u00e1ltat\u00f3i szektor m\u00e9ly\u00edt\u00e9s\u00e9re, a p\u00e9nz\u00fcgyi rendszer jav\u00edt\u00e1s\u00e1ra, a k\u00f6rnyezetv\u00e9delem fokozottabb szem el\u0151tt tart\u00e1s\u00e1ra &#8211; sorolta Lin.<br \/>\n\u00a0\u00a0\u00a0\u00a0A vil\u00e1ggazdas\u00e1g a k\u00f6zgazd\u00e1sz szerint \u00e1ltal\u00e1noss\u00e1gban er\u0151s\u00f6d\u00e9st mutat, \u00e1m az egyes orsz\u00e1gok elt\u00e9r\u0151 utakat j\u00e1rnak, a magas munkan\u00e9lk\u00fclis\u00e9g \u00e9s a n\u00f6vekv\u0151 ad\u00f3ss\u00e1g tov\u00e1bbra is kock\u00e1zatokat jelentenek. Az IMF j\u00fanius eleji legfrissebb el\u0151rejelz\u00e9s\u00e9ben is ezt hangoztatta, \u00e9s a k\u00f6zponti \u00f6szt\u00f6nz\u00e9ssel kapcsolatban \u00fagy fogalmazott: nagyszab\u00e1s\u00fa csomagra nincs sz\u00fcks\u00e9g, a kisebb, c\u00e9lzottabb int\u00e9zked\u00e9sek \u00e9s enyh\u00edt\u00e9sek megfelel\u0151en szolg\u00e1lj\u00e1k a gazdas\u00e1got.<br \/>\n\u00a0\u00a0\u00a0\u00a0A Valutaalap titk\u00e1ra a fejl\u0151d\u0151 orsz\u00e1gok nemzetk\u00f6zi szerep\u00e9nek er\u0151s\u00f6d\u00e9s\u00e9t illet\u0151en azt mondta: az csak id\u0151 k\u00e9rd\u00e9se, arr\u00f3l az IMF korm\u00e1nyz\u00f3i m\u00e1r 2010-ben meg\u00e1llapodtak, annak kivitelez\u00e9se ugyanakkor m\u00e1ig az Egyes\u00fclt \u00c1llamok ellen\u00e1ll\u00e1s\u00e1ba \u00fctk\u00f6z\u00f6tt.(mti)<\/p>\n","protected":false},"excerpt":{"rendered":"<p>A k\u00ednai gazdas\u00e1g er\u0151s, de k\u00f6z\u00e9pt\u00e1von az eg\u00e9szs\u00e9ges, fenntarthat\u00f3 fejl\u0151d\u00e9sre kell helyezni\u00fck a hangs\u00falyt a d\u00f6nt\u00e9shoz\u00f3knak &#8211; mondta a Nemzetk\u00f6zi Valutaalap (IMF) titk\u00e1ra a Hszinhua h\u00edr\u00fcgyn\u00f6ks\u00e9gnek.<\/p>\n","protected":false},"author":1,"featured_media":0,"comment_status":"open","ping_status":"closed","sticky":false,"template":"","format":"standard","meta":[],"categories":[14],"tags":[],"_links":{"self":[{"href":"https:\/\/gazdasagportal.hu\/index.php\/wp-json\/wp\/v2\/posts\/37756"}],"collection":[{"href":"https:\/\/gazdasagportal.hu\/index.php\/wp-json\/wp\/v2\/posts"}],"about":[{"href":"https:\/\/gazdasagportal.hu\/index.php\/wp-json\/wp\/v2\/types\/post"}],"author":[{"embeddable":true,"href":"https:\/\/gazdasagportal.hu\/index.php\/wp-json\/wp\/v2\/users\/1"}],"replies":[{"embeddable":true,"href":"https:\/\/gazdasagportal.hu\/index.php\/wp-json\/wp\/v2\/comments?post=37756"}],"version-history":[{"count":1,"href":"https:\/\/gazdasagportal.hu\/index.php\/wp-json\/wp\/v2\/posts\/37756\/revisions"}],"predecessor-version":[{"id":37757,"href":"https:\/\/gazdasagportal.hu\/index.php\/wp-json\/wp\/v2\/posts\/37756\/revisions\/37757"}],"wp:attachment":[{"href":"https:\/\/gazdasagportal.hu\/index.php\/wp-json\/wp\/v2\/media?parent=37756"}],"wp:term":[{"taxonomy":"category","embeddable":true,"href":"https:\/\/gazdasagportal.hu\/index.php\/wp-json\/wp\/v2\/categories?post=37756"},{"taxonomy":"post_tag","embeddable":true,"href":"https:\/\/gazdasagportal.hu\/index.php\/wp-json\/wp\/v2\/tags?post=37756"}],"curies":[{"name":"wp","href":"https:\/\/api.w.org\/{rel}","templated":true}]}}