{"id":37739,"date":"2014-06-23T09:21:00","date_gmt":"2014-06-23T07:21:00","guid":{"rendered":"http:\/\/stockportal.hu\/?p=37739"},"modified":"2014-06-23T09:05:00","modified_gmt":"2014-06-23T07:05:00","slug":"ukran-valsag-gazprom-ukrajnaban-mar-ot-napja-vesznek-ki-gazt-a-tranzitvezetekbol","status":"publish","type":"post","link":"https:\/\/gazdasagportal.hu\/index.php\/ukran-valsag-gazprom-ukrajnaban-mar-ot-napja-vesznek-ki-gazt-a-tranzitvezetekbol\/","title":{"rendered":"Ukr\u00e1n v\u00e1ls\u00e1g &#8211; Gazprom: Ukrajn\u00e1ban m\u00e1r \u00f6t napja vesznek ki g\u00e1zt a tranzitvezet\u00e9kb\u0151l"},"content":{"rendered":"<p><strong>Ukrajn\u00e1ban m\u00e1r \u00f6t napja vesznek ki f\u00f6ldg\u00e1zt a tranzitvezet\u00e9kb\u0151l, mik\u00f6zben a Gazprom nem sz\u00e1ll\u00edt a szomsz\u00e9dos orsz\u00e1gnak &#8211; k\u00f6z\u00f6lte a Gazprom h\u00e9tf\u0151n.<\/strong><!--more--><div class=\"ads-in-post1\"><div id=\"gazdasagportal.hu_fullbanner_wideboard\"><\/div>\r\n<\/div>\n<p>\u00a0\u00a0\u00a0\u00a0Az orosz \u00e1llami energetikai c\u00e9g\u00f3ri\u00e1sn\u00e1l a k\u00f6zponti diszp\u00e9cserszolg\u00e1lat adataira hivatkoztak, de nem k\u00f6z\u00f6lt\u00e9k, mennyit &#8222;csapolnak le&#8221; Ukrajn\u00e1ban az eur\u00f3pai orsz\u00e1gokba k\u00fcld\u00f6tt orosz f\u00f6ldg\u00e1zb\u00f3l.<br \/>\n\u00a0\u00a0\u00a0\u00a0A Gazprom egy hete jelentette be, hogy miut\u00e1n az ukr\u00e1n Naftohaz nem fizetett el\u0151re a j\u00faniusra ig\u00e9nyelt energiahordoz\u00f3\u00e9rt \u00e9s tov\u00e1bbra is mintegy 4,5 milli\u00e1rd doll\u00e1rral tartozik a m\u00e1jus v\u00e9g\u00e9ig lesz\u00e1ll\u00edtott f\u00f6ldg\u00e1z\u00e9rt, Ukrajna csak az el\u0151re kifizetett g\u00e1zmennyis\u00e9get kapja meg. Azt is k\u00f6z\u00f6lt\u00e9k Moszkv\u00e1ban, hogy az eur\u00f3pai uni\u00f3s fogyaszt\u00f3k \u00e1ltal megrendelt orosz f\u00f6ldg\u00e1zt tov\u00e1bbra is eljuttatj\u00e1k a tranzitvezet\u00e9kbe az orosz-ukr\u00e1n hat\u00e1rig, annak tov\u00e1bb\u00edt\u00e1s\u00e1t pedig ellen\u0151rzik.<\/p>\n","protected":false},"excerpt":{"rendered":"<p>Ukrajn\u00e1ban m\u00e1r \u00f6t napja vesznek ki f\u00f6ldg\u00e1zt a tranzitvezet\u00e9kb\u0151l, mik\u00f6zben a Gazprom nem sz\u00e1ll\u00edt a szomsz\u00e9dos orsz\u00e1gnak &#8211; k\u00f6z\u00f6lte a Gazprom h\u00e9tf\u0151n.<\/p>\n","protected":false},"author":1,"featured_media":0,"comment_status":"open","ping_status":"closed","sticky":false,"template":"","format":"standard","meta":[],"categories":[139],"tags":[],"_links":{"self":[{"href":"https:\/\/gazdasagportal.hu\/index.php\/wp-json\/wp\/v2\/posts\/37739"}],"collection":[{"href":"https:\/\/gazdasagportal.hu\/index.php\/wp-json\/wp\/v2\/posts"}],"about":[{"href":"https:\/\/gazdasagportal.hu\/index.php\/wp-json\/wp\/v2\/types\/post"}],"author":[{"embeddable":true,"href":"https:\/\/gazdasagportal.hu\/index.php\/wp-json\/wp\/v2\/users\/1"}],"replies":[{"embeddable":true,"href":"https:\/\/gazdasagportal.hu\/index.php\/wp-json\/wp\/v2\/comments?post=37739"}],"version-history":[{"count":1,"href":"https:\/\/gazdasagportal.hu\/index.php\/wp-json\/wp\/v2\/posts\/37739\/revisions"}],"predecessor-version":[{"id":37740,"href":"https:\/\/gazdasagportal.hu\/index.php\/wp-json\/wp\/v2\/posts\/37739\/revisions\/37740"}],"wp:attachment":[{"href":"https:\/\/gazdasagportal.hu\/index.php\/wp-json\/wp\/v2\/media?parent=37739"}],"wp:term":[{"taxonomy":"category","embeddable":true,"href":"https:\/\/gazdasagportal.hu\/index.php\/wp-json\/wp\/v2\/categories?post=37739"},{"taxonomy":"post_tag","embeddable":true,"href":"https:\/\/gazdasagportal.hu\/index.php\/wp-json\/wp\/v2\/tags?post=37739"}],"curies":[{"name":"wp","href":"https:\/\/api.w.org\/{rel}","templated":true}]}}