{"id":37729,"date":"2014-06-23T06:30:36","date_gmt":"2014-06-23T04:30:36","guid":{"rendered":"http:\/\/stockportal.hu\/?p=37729"},"modified":"2014-06-23T06:30:36","modified_gmt":"2014-06-23T04:30:36","slug":"megallapodott-a-francia-allam-es-a-bouygues-az-alstom-reszesedesrol","status":"publish","type":"post","link":"https:\/\/gazdasagportal.hu\/index.php\/megallapodott-a-francia-allam-es-a-bouygues-az-alstom-reszesedesrol\/","title":{"rendered":"Meg\u00e1llapodott a francia \u00e1llam \u00e9s a Bouygues az Alstom-r\u00e9szesed\u00e9sr\u0151l"},"content":{"rendered":"<p><strong>Megsz\u00fcletett a meg\u00e1llapod\u00e1s vas\u00e1rnap este a francia korm\u00e1ny \u00e9s a Bouygues ipari \u00e9s t\u00e1vk\u00f6zl\u00e9si v\u00e1llalat k\u00f6z\u00f6tt arr\u00f3l, hogy az \u00e1llam 20 sz\u00e1zal\u00e9kos Alstom-r\u00e9szesed\u00e9st v\u00e1s\u00e1rol &#8211; jelentette be Arnaud Montebourg gazdas\u00e1gi miniszter.<\/strong><!--more--><br \/>\n<div class=\"ads-in-post1\"><div id=\"gazdasagportal.hu_fullbanner_wideboard\"><\/div>\r\n<\/div>\n<p>    A tulajdonszerz\u00e9s c\u00e9lja, hogy az \u00e1llam, a legnagyobb r\u00e9szv\u00e9nyesk\u00e9nt, az Alstom igazgat\u00f3tan\u00e1cs\u00e1nak tagja lehessen azt k\u00f6vet\u0151en, hogy a francia nagyv\u00e1llalat a General Electric amerikai \u00f3ri\u00e1ssal k\u00f6z\u00f6s v\u00e1llalatot hoz l\u00e9tre az energetik\u00e1ban.<br \/>\n    Az \u00e1llamnak k\u00e9t \u00e9v \u00e1ll rendelkez\u00e9s\u00e9re, hogy felv\u00e1s\u00e1rolja a r\u00e9szv\u00e9nyek h\u00fasz sz\u00e1zal\u00e9k\u00e1t a Bouygues-t\u0151l, vagy k\u00f6zvetlen\u00fcl piacr\u00f3l, s \u00edgy a legf\u0151bb r\u00e9szv\u00e9nyess\u00e9 v\u00e1ljon. A Bouygues viszont m\u00e1r most \u00e1tengedi az igazgat\u00f3tan\u00e1csban a v\u00e9t\u00f3jogot az \u00e1llamnak. A t\u0151ker\u00e9szesed\u00e9s \u00e1tad\u00e1sa 20 h\u00f3napra sz\u00f3l\u00f3 v\u00e9teli opci\u00f3 form\u00e1j\u00e1ban t\u00f6rt\u00e9nik.<br \/>\n    Az Alstom igazgat\u00f3tan\u00e1csa szombat este egyhang\u00falag j\u00f3v\u00e1hagyta a GE aj\u00e1nlat\u00e1t, amelynek keret\u00e9ben 12,35 milli\u00e1rd eur\u00f3\u00e9rt, bizonyos felt\u00e9telekkel, a francia nagyv\u00e1llalat \u00e1tadja az energetikai div\u00edzi\u00f3j\u00e1t az amerikai \u00f3ri\u00e1snak.<br \/>\n    A meg\u00e1llapod\u00e1s felt\u00e9teleit a francia korm\u00e1ny szabta, amely a m\u00e1sf\u00e9l h\u00f3napja ind\u00edtott t\u00e1rgyal\u00e1ssorozat v\u00e9g\u00e9n az amerikai \u00f3ri\u00e1s jav\u00e1ra d\u00f6nt\u00f6tt a n\u00e9met Siemens \u00e9s a jap\u00e1n Mitsubishi Heavy Industries (MHI) k\u00f6z\u00f6s aj\u00e1nlat\u00e1val szemben.<br \/>\n    A gazdas\u00e1gi miniszter p\u00e9ntek este jelentette be, hogy az \u00e1llam 20 sz\u00e1zal\u00e9kos r\u00e9szesed\u00e9st v\u00e1s\u00e1rol a jelenleg mag\u00e1nk\u00e9zben l\u00e9v\u0151 Alstom francia nagyv\u00e1llalatban, s legf\u0151bb r\u00e9szv\u00e9nyesk\u00e9nt bizonyos felt\u00e9telekkel elfogadja a General Electric (GE) aj\u00e1nlat\u00e1t a konglomer\u00e1tum energetikai \u00e1gazat\u00e1nak felv\u00e1s\u00e1rl\u00e1s\u00e1ra.<br \/>\n    A Bouygues az \u00e1llamt\u00f3l 2006-ban, Nicolas Sarkozy akkori \u00e1llamf\u0151 k\u00f6zbenj\u00e1r\u00e1s\u00e1ra vette meg a 29 sz\u00e1zal\u00e9kos tulajdonr\u00e9szt, hogy megmentse az Alstomot, s hogy az Areva nukle\u00e1ris \u00f3ri\u00e1sc\u00e9ggel k\u00f6z\u00f6s nagyv\u00e1llalatot hozzon l\u00e9tre. Ez azonban ut\u00f3bb nem val\u00f3sult meg, ez\u00e9rt a Bouygues m\u00e1r h\u00f3napokkal ezel\u0151tt maga jelentkezett be az \u00e1llamn\u00e1l az Alstom-r\u00e9szv\u00e9nyek visszaad\u00e1s\u00e1ra.<br \/>\n    A Bouygues r\u00e1ad\u00e1sul nemcsak 20 sz\u00e1zal\u00e9kt\u00f3l, hanem a teljes tulajdonr\u00e9szt\u0151l szeretne megszabadulni. A korm\u00e1ny a p\u00e9ntek esti t\u0151zsdez\u00e1r\u00e1s \u00e1rfolyamainak megfelel\u0151en 28 eur\u00f3t aj\u00e1nl a r\u00e9szv\u00e9nyek\u00e9rt, a Bouygues viszont 35 eur\u00f3t szeretne kapni.<br \/>\n    A Bouygues azt rem\u00e9li, hogy az elk\u00f6vetkez\u0151 20 h\u00f3napban n\u00f6vekedni fog az Alstom-r\u00e9szv\u00e9nyek \u00e1rfolyama, s az \u00e1llam a v\u00e9teli opci\u00f3 keret\u00e9ben piaci \u00e1ron fog venni, legal\u00e1bb 35 eur\u00f3\u00e9rt. Az \u00e1llam ugyanakkor fenntartja mag\u00e1nak a jogot arra, hogy a r\u00e9szv\u00e9nyek 20 sz\u00e1zal\u00e9k\u00e1t a piacr\u00f3l v\u00e1s\u00e1rolja fel, a Bouygues megker\u00fcl\u00e9s\u00e9vel.<br \/>\n    A korm\u00e1ny \u00e1ltal szabott felt\u00e9telek szerint az energetikai \u00e1gazatban az Alstom \u00e9s a GE 50-50 sz\u00e1zal\u00e9kos tulajdonr\u00e9sszel k\u00f6z\u00f6s v\u00e1llalatot hoz l\u00e9tre a g\u00e1zturbin\u00e1k, a v\u00edzier\u0151m\u0171vek \u00e9s az energiah\u00e1l\u00f3zatok div\u00edzi\u00f3j\u00e1ban. A francia korm\u00e1nynak a c\u00e9g d\u00f6nt\u00e9shozatali folyamat\u00e1ban v\u00e9t\u00f3joga lesz, s megtarthatja a nukle\u00e1ris fejleszt\u00e9sek szellemi tulajdon\u00e1t. Az Alstom l\u00e1tja el ugyanis a francia nukle\u00e1ris er\u0151m\u0171veket g\u00e1zturbin\u00e1kkal, ez\u00e9rt P\u00e1rizs nem venn\u00e9 j\u00f3 n\u00e9ven, ha az orsz\u00e1g szuverenit\u00e1s\u00e1t \u00e9rint\u0151 szektor amerikai ellen\u0151rz\u00e9s al\u00e1 ker\u00fclne.(MTI)<\/p>\n","protected":false},"excerpt":{"rendered":"<p>Megsz\u00fcletett a meg\u00e1llapod\u00e1s vas\u00e1rnap este a francia korm\u00e1ny \u00e9s a Bouygues ipari \u00e9s t\u00e1vk\u00f6zl\u00e9si v\u00e1llalat k\u00f6z\u00f6tt arr\u00f3l, hogy az \u00e1llam 20 sz\u00e1zal\u00e9kos Alstom-r\u00e9szesed\u00e9st v\u00e1s\u00e1rol &#8211; jelentette be Arnaud Montebourg gazdas\u00e1gi miniszter.<\/p>\n","protected":false},"author":1,"featured_media":0,"comment_status":"open","ping_status":"closed","sticky":false,"template":"","format":"standard","meta":[],"categories":[12],"tags":[],"_links":{"self":[{"href":"https:\/\/gazdasagportal.hu\/index.php\/wp-json\/wp\/v2\/posts\/37729"}],"collection":[{"href":"https:\/\/gazdasagportal.hu\/index.php\/wp-json\/wp\/v2\/posts"}],"about":[{"href":"https:\/\/gazdasagportal.hu\/index.php\/wp-json\/wp\/v2\/types\/post"}],"author":[{"embeddable":true,"href":"https:\/\/gazdasagportal.hu\/index.php\/wp-json\/wp\/v2\/users\/1"}],"replies":[{"embeddable":true,"href":"https:\/\/gazdasagportal.hu\/index.php\/wp-json\/wp\/v2\/comments?post=37729"}],"version-history":[{"count":1,"href":"https:\/\/gazdasagportal.hu\/index.php\/wp-json\/wp\/v2\/posts\/37729\/revisions"}],"predecessor-version":[{"id":37730,"href":"https:\/\/gazdasagportal.hu\/index.php\/wp-json\/wp\/v2\/posts\/37729\/revisions\/37730"}],"wp:attachment":[{"href":"https:\/\/gazdasagportal.hu\/index.php\/wp-json\/wp\/v2\/media?parent=37729"}],"wp:term":[{"taxonomy":"category","embeddable":true,"href":"https:\/\/gazdasagportal.hu\/index.php\/wp-json\/wp\/v2\/categories?post=37729"},{"taxonomy":"post_tag","embeddable":true,"href":"https:\/\/gazdasagportal.hu\/index.php\/wp-json\/wp\/v2\/tags?post=37729"}],"curies":[{"name":"wp","href":"https:\/\/api.w.org\/{rel}","templated":true}]}}