{"id":37714,"date":"2014-06-22T10:40:00","date_gmt":"2014-06-22T08:40:00","guid":{"rendered":"http:\/\/stockportal.hu\/?p=37714"},"modified":"2014-06-22T07:33:47","modified_gmt":"2014-06-22T05:33:47","slug":"a-jovo-evre-csuszhat-az-idoszaki-elszamolasu-ugyletekre-vonatkozo-uj-szabalyozas-bevezetese","status":"publish","type":"post","link":"https:\/\/gazdasagportal.hu\/index.php\/a-jovo-evre-csuszhat-az-idoszaki-elszamolasu-ugyletekre-vonatkozo-uj-szabalyozas-bevezetese\/","title":{"rendered":"A j\u00f6v\u0151 \u00e9vre cs\u00faszhat az id\u0151szaki elsz\u00e1mol\u00e1s\u00fa \u00fcgyletekre vonatkoz\u00f3 \u00faj szab\u00e1lyoz\u00e1s bevezet\u00e9se"},"content":{"rendered":"<p><strong>A parlament el\u0151tt l\u00e9v\u0151 korm\u00e1nyp\u00e1rti m\u00f3dos\u00edt\u00f3 ind\u00edtv\u00e1nynak k\u00f6sz\u00f6nhet\u0151en 2015-re tol\u00f3dhat az id\u0151szaki elsz\u00e1mol\u00e1s\u00fa \u00fcgyletek teljes\u00edt\u00e9si id\u0151pontj\u00e1ra vonatkoz\u00f3 szab\u00e1lyok bevezet\u00e9se, ez\u00e9rt a c\u00e9geknek t\u00f6bb idej\u00fck lesz felk\u00e9sz\u00fclni a csaknem minden gazdas\u00e1gi szerepl\u0151t \u00e9rint\u0151 v\u00e1ltoz\u00e1sra &#8211; h\u00edvja fel a figyelmet a Mazars.<\/strong><br \/>\n<!--more--><\/p>\n<div class=\"ads-in-post1\"><div id=\"gazdasagportal.hu_fullbanner_wideboard\"><\/div>\r\n<\/div>\n<p>\u00a0\u00a0\u00a0\u00a0A k\u00f6nyvvizsg\u00e1l\u00f3 \u00e9s ad\u00f3tan\u00e1csad\u00f3 v\u00e1llalat k\u00f6zlem\u00e9ny\u00e9ben ismerteti: az \u00e1fat\u00f6rv\u00e9ny id\u0151szaki elsz\u00e1mol\u00e1sokra vonatkoz\u00f3 58. paragrafus\u00e1nak \u00faj teljes\u00edt\u00e9si id\u0151pontra vonatkoz\u00f3 szab\u00e1lyai a 2013 v\u00e9g\u00e9n elfogadott ad\u00f3t\u00f6rv\u00e9nycsomaggal ker\u00fcltek be a hazai szab\u00e1lyoz\u00e1sba. A v\u00e1ltoztat\u00e1s c\u00e9lja a harmoniz\u00e1ci\u00f3 volt, az uni\u00f3s direkt\u00edv\u00e1nak megfelel\u0151, de a magyar szab\u00e1lyt\u00f3l elt\u00e9r\u0151 joggyakorlat ugyanis visszat\u00e9r\u0151 vitaalap volt a NAV vizsg\u00e1latokban.<br \/>\n\u00a0\u00a0\u00a0\u00a0Az \u00faj szab\u00e1ly \u00e9rtelm\u00e9ben &#8211; n\u00e9h\u00e1ny speci\u00e1lis szerz\u0151d\u00e9st\u00edpust\u00f3l eltekintve &#8211; az elsz\u00e1mol\u00e1si id\u0151szak utols\u00f3 napja lesz a teljes\u00edt\u00e9s id\u0151pontja. Kor\u00e1bban a szab\u00e1ly rugalmas volt abban az \u00e9rtelemben, hogy az ad\u00f3alanyok a fizet\u00e9si hat\u00e1rid\u0151r\u0151l megegyezhettek \u00e9s ezzel meghat\u00e1rozhatt\u00e1k az \u00e1fa megfizet\u00e9s\u00e9nek id\u0151pontj\u00e1t.<br \/>\n\u00a0\u00a0\u00a0\u00a0&#8222;B\u00e1r a jelenleg \u00e9rv\u00e9nyes szab\u00e1lyoz\u00e1s bizonyos ter\u00fcleteken seg\u00edtette az ad\u00f3alanyokat, p\u00e9ld\u00e1ul ut\u00f3lagos ad\u00f3alap n\u00f6veked\u00e9s eset\u00e9n nem kellett \u00f6nellen\u0151rz\u00e9st v\u00e9gezni, ezzel egy\u00fctt egyedis\u00e9ge miatt sz\u00e1mos bizonytalans\u00e1gi t\u00e9nyez\u0151t \u00e9s hib\u00e1z\u00e1si lehet\u0151s\u00e9get is hordozott&#8221; &#8211; mutatott r\u00e1 a c\u00e9g k\u00f6zlem\u00e9ny\u00e9ben Ny\u00e1ri Zsolt, a Mazars szenior ad\u00f3menedzsere.<br \/>\n\u00a0\u00a0\u00a0\u00a0Az \u00faj szab\u00e1lyoz\u00e1s pontosan meghat\u00e1rozza az id\u0151szaki elsz\u00e1mol\u00e1s\u00fa \u00fcgyletek teljes\u00edt\u00e9si id\u0151pontj\u00e1t, ez\u00e9rt ha az ad\u00f3alany ut\u00f3lagos ad\u00f3alap n\u00f6vel\u00e9sre k\u00e9nyszer\u00fcl &#8211; mert p\u00e9ld\u00e1ul ad\u00f3alapj\u00e1t kor\u00e1bban rosszul \u00e1llap\u00edtotta meg vagy elfelejtett id\u0151ben sz\u00e1ml\u00e1zni &#8211; akkor k\u00f6telez\u0151en \u00f6nellen\u0151rz\u00e9st kell v\u00e9geznie az eredeti id\u0151szakra, a k\u00fcl\u00f6nb\u00f6zet ut\u00e1n pedig p\u00f3tl\u00e9kfizet\u00e9si k\u00f6telezetts\u00e9ge is keletkezhet.<br \/>\n\u00a0\u00a0\u00a0\u00a0A szakember szerint a v\u00e1ltoz\u00e1s szinte mindenkit \u00e9rint majd, hiszen sz\u00e1mlakibocs\u00e1t\u00f3k\u00e9nt vagy befogad\u00f3k\u00e9nt el\u0151bb ut\u00f3bb mindenki tal\u00e1lkozik id\u0151szaki elsz\u00e1mol\u00e1s\u00fa \u00fcgyletekkel. \u00cdgy a teljes\u00edt\u00e9si id\u0151pont helyes meghat\u00e1roz\u00e1sa az ad\u00f3fizet\u00e9si k\u00f6telezetts\u00e9g vagy \u00e9pp az \u00e1falevon\u00e1si-jog keletkez\u00e9s\u00e9nek id\u0151pontja miatt nem ker\u00fclhet\u0151 el.<br \/>\n\u00a0\u00a0\u00a0\u00a0A jogalkot\u00f3 eredeti sz\u00e1nd\u00e9ka szerint az \u00faj teljes\u00edt\u00e9si id\u0151pontra vonatkoz\u00f3 szab\u00e1lyokat a 2014. j\u00fanius 30-\u00e1t k\u00f6vet\u0151 elsz\u00e1mol\u00e1si id\u0151szakok eset\u00e9n kellett volna el\u0151sz\u00f6r alkalmazni, azokban az esetekben, amelyekben a fizet\u00e9s esed\u00e9kess\u00e9ge is ezt a d\u00e1tumot k\u00f6veti. Ha a m\u00f3dos\u00edt\u00f3 javaslatot elfogadj\u00e1k, akkor az \u00faj szab\u00e1lyokat csak a 2014. december 31-\u00e9t k\u00f6vet\u0151 id\u0151szakok vonatkoz\u00e1s\u00e1ban kell majd el\u0151sz\u00f6r alkalmazni &#8211; ott is csak akkor, ha a fizet\u00e9si hat\u00e1rid\u0151 m\u00e1r 2015-re esik.<br \/>\n\u00a0\u00a0\u00a0\u00a0Az \u00faj szab\u00e1lyoz\u00e1s sok hazai v\u00e1llalkoz\u00e1sn\u00e1l rendszer\u00e1t\u00e1ll\u00edt\u00e1st ig\u00e9nyelhet vagy ak\u00e1r szerz\u0151d\u00e9sm\u00f3dos\u00edt\u00e1sokat is sz\u00fcks\u00e9gess\u00e9 tesz. A m\u00f3dos\u00edt\u00f3 javaslat elfogad\u00e1sa eset\u00e9n az ad\u00f3z\u00f3k m\u00e9g f\u00e9l \u00e9v halad\u00e9kot kapnak a sz\u00fcks\u00e9ges feladatok elv\u00e9gz\u00e9s\u00e9re.(mti)<\/p>\n","protected":false},"excerpt":{"rendered":"<p>A parlament el\u0151tt l\u00e9v\u0151 korm\u00e1nyp\u00e1rti m\u00f3dos\u00edt\u00f3 ind\u00edtv\u00e1nynak k\u00f6sz\u00f6nhet\u0151en 2015-re tol\u00f3dhat az id\u0151szaki elsz\u00e1mol\u00e1s\u00fa \u00fcgyletek teljes\u00edt\u00e9si id\u0151pontj\u00e1ra vonatkoz\u00f3 szab\u00e1lyok bevezet\u00e9se, ez\u00e9rt a c\u00e9geknek t\u00f6bb idej\u00fck lesz felk\u00e9sz\u00fclni a csaknem minden gazdas\u00e1gi szerepl\u0151t \u00e9rint\u0151 v\u00e1ltoz\u00e1sra &#8211; h\u00edvja fel a figyelmet a Mazars.<\/p>\n","protected":false},"author":1,"featured_media":0,"comment_status":"open","ping_status":"closed","sticky":false,"template":"","format":"standard","meta":[],"categories":[20],"tags":[],"_links":{"self":[{"href":"https:\/\/gazdasagportal.hu\/index.php\/wp-json\/wp\/v2\/posts\/37714"}],"collection":[{"href":"https:\/\/gazdasagportal.hu\/index.php\/wp-json\/wp\/v2\/posts"}],"about":[{"href":"https:\/\/gazdasagportal.hu\/index.php\/wp-json\/wp\/v2\/types\/post"}],"author":[{"embeddable":true,"href":"https:\/\/gazdasagportal.hu\/index.php\/wp-json\/wp\/v2\/users\/1"}],"replies":[{"embeddable":true,"href":"https:\/\/gazdasagportal.hu\/index.php\/wp-json\/wp\/v2\/comments?post=37714"}],"version-history":[{"count":2,"href":"https:\/\/gazdasagportal.hu\/index.php\/wp-json\/wp\/v2\/posts\/37714\/revisions"}],"predecessor-version":[{"id":37716,"href":"https:\/\/gazdasagportal.hu\/index.php\/wp-json\/wp\/v2\/posts\/37714\/revisions\/37716"}],"wp:attachment":[{"href":"https:\/\/gazdasagportal.hu\/index.php\/wp-json\/wp\/v2\/media?parent=37714"}],"wp:term":[{"taxonomy":"category","embeddable":true,"href":"https:\/\/gazdasagportal.hu\/index.php\/wp-json\/wp\/v2\/categories?post=37714"},{"taxonomy":"post_tag","embeddable":true,"href":"https:\/\/gazdasagportal.hu\/index.php\/wp-json\/wp\/v2\/tags?post=37714"}],"curies":[{"name":"wp","href":"https:\/\/api.w.org\/{rel}","templated":true}]}}