{"id":37662,"date":"2014-06-21T04:44:59","date_gmt":"2014-06-21T02:44:59","guid":{"rendered":"http:\/\/stockportal.hu\/?p=37662"},"modified":"2014-06-20T19:44:06","modified_gmt":"2014-06-20T17:44:06","slug":"paksi-atomeromu-a-zavartalan-mukodes-hosszu-tavon-is-biztositott","status":"publish","type":"post","link":"https:\/\/gazdasagportal.hu\/index.php\/paksi-atomeromu-a-zavartalan-mukodes-hosszu-tavon-is-biztositott\/","title":{"rendered":"Paksi Atomer\u0151m\u0171: a zavartalan m\u0171k\u00f6d\u00e9s hossz\u00fa t\u00e1von is biztos\u00edtott"},"content":{"rendered":"<p><strong>A paksi atomer\u0151m\u0171 biztons\u00e1gos \u00e9s zavartalan m\u0171k\u00f6d\u00e9s\u00e9t nem befoly\u00e1solja az ukr\u00e1n belpolitikai helyzet, az atomer\u0151m\u0171ben a t\u00f6rv\u00e9nyi el\u0151\u00edr\u00e1soknak megfelel\u0151en k\u00e9t \u00e9vre elegend\u0151 \u00fczemanyag \u00e1ll rendelkez\u00e9sre &#8211; k\u00f6z\u00f6lte Kov\u00e1cs Antal, az MVM Paksi Atomer\u0151m\u0171 Zrt. kommunik\u00e1ci\u00f3s igazgat\u00f3ja az MTI-vel p\u00e9nteken.<\/strong><!--more--><br \/>\n<div class=\"ads-in-post1\"><div id=\"gazdasagportal.hu_fullbanner_wideboard\"><\/div>\r\n<\/div>\n<p>    Hangs\u00falyozta, hogy a tokozott \u00fczemanyag-kazett\u00e1k t\u00e1rol\u00e1sa a hat\u00f3s\u00e1g \u00e1ltal enged\u00e9lyezett, biztons\u00e1gos m\u00f3don, teljes m\u00e9rt\u00e9kben megoldott, \u00e9s nem befoly\u00e1solja az atomer\u0151m\u0171 norm\u00e1l \u00fczemi m\u0171k\u00f6d\u00e9s\u00e9t. Jelezte azt is, hogy a 2. blokk v\u00e1rhat\u00f3an m\u00e9g az \u00e9v folyam\u00e1n megkapja a h\u00fasz \u00e9ves tov\u00e1bb\u00fczemel\u00e9si enged\u00e9lyt, az ott t\u00e1rolt tokozott \u00fczemanyag idei elsz\u00e1ll\u00edt\u00e1sa nem felt\u00e9tele az enged\u00e9lyek megszerz\u00e9s\u00e9nek.<br \/>\n    Kov\u00e1cs Antal al\u00e1h\u00fazta: az atomer\u0151m\u0171ben a jogszab\u00e1lyoknak megfelel\u0151en mindenkor k\u00e9t \u00e9vre elegend\u0151 \u00fczemanyagnak kell rendelkez\u00e9sre \u00e1llnia, \u00edgy az atomenergia hossz\u00fa t\u00e1von k\u00e9pes biztos\u00edtani Magyarorsz\u00e1g villamosenergia-ell\u00e1t\u00e1s\u00e1t, szemben az egy\u00e9b energiahordoz\u00f3kkal.<br \/>\n    Eml\u00e9keztetett arra, hogy az atomer\u0151m\u0171 eddigi m\u0171k\u00f6d\u00e9se sor\u00e1n sosem voltak \u00fczemanyag-sz\u00e1ll\u00edt\u00e1si probl\u00e9m\u00e1k, ezzel egy\u00fctt az ukr\u00e1n helyzett\u0151l f\u00fcggetlen\u00fcl az atomer\u0151m\u0171 m\u00e1r kor\u00e1bban vizsg\u00e1lta alternat\u00edv sz\u00e1ll\u00edt\u00e1si \u00fatvonalak kialak\u00edt\u00e1s\u00e1t, illetve alternat\u00edv sz\u00e1ll\u00edt\u00f3 kiv\u00e1laszt\u00e1s\u00e1nak lehet\u0151s\u00e9g\u00e9t is.<br \/>\n    Kijelentette, hogy sz\u00fcks\u00e9g eset\u00e9n az atomer\u0151m\u0171 k\u00e9pes friss\u00fczemanyag-beszerz\u00e9s\u00e9t alternat\u00edv sz\u00e1ll\u00edt\u00e1si \u00fatvonalon, vagy m\u00e1s sz\u00e1ll\u00edt\u00f3k bevon\u00e1s\u00e1val megoldani, ez\u00e9rt az orsz\u00e1g energiaf\u00fcggetlens\u00e9ge biztos\u00edtott. A Paksi Atomer\u0151m\u0171 \u00e1ltal termelt villamos energia elegend\u0151 a teljes magyar lakoss\u00e1gi fogyaszt\u00e1s, a k\u00f6z\u00fczemi, iskolai, eg\u00e9szs\u00e9g\u00fcgyi villamosenergia-ig\u00e9ny kiel\u00e9g\u00edt\u00e9s\u00e9re &#8211; hangs\u00falyozta.<br \/>\n    A 2. blokk \u00fczemid\u0151-hosszabb\u00edt\u00e1si k\u00e9relm\u00e9vel kapcsolatban \u00fagy t\u00e1j\u00e9koztatott, hogy az elj\u00e1r\u00e1st az Orsz\u00e1gos Atomenergia Hivatal v\u00e9gzi. Az atomer\u0151m\u0171 a hat\u00f3s\u00e1g \u00e1ltal megfogalmazott k\u00f6vetelm\u00e9nyeket teljes\u00edtette, \u00edgy v\u00e1rhat\u00f3an ez \u00e9v folyam\u00e1n megkapja az enged\u00e9lyt a meghosszabb\u00edtott \u00fczemid\u0151re.<br \/>\n    Az enged\u00e9ly kiad\u00e1s\u00e1nak nem felt\u00e9tele a tokozott kazett\u00e1k 2014-ben t\u00f6rt\u00e9n\u0151 elsz\u00e1ll\u00edt\u00e1sa, \u00edgy a 2. blokk zavartalan tov\u00e1bb\u00fczemeltet\u00e9se biztos\u00edtott. A 2003-ban megs\u00e9r\u00fclt \u00fczemanyagot tartalmaz\u00f3, hermetikus tokba z\u00e1rt kazett\u00e1kat az OAH \u00e1ltal enged\u00e9lyezett m\u00f3don, biztons\u00e1gos helyen t\u00e1rolj\u00e1k, \u00e9s nem befoly\u00e1solja az atomer\u0151m\u0171 norm\u00e1l \u00fczemi m\u0171k\u00f6d\u00e9s\u00e9t.<br \/>\n    A t\u00e1rol\u00e1ssal kapcsolatos hat\u00f3s\u00e1gi enged\u00e9ly 2015 v\u00e9g\u00e9ig \u00e9rv\u00e9nyes. A sz\u00e1ll\u00edt\u00e1s\u00e1hoz sz\u00fcks\u00e9ges \u00f6sszes enged\u00e9ly &#8211; bele\u00e9rtve az Eur\u00f3pai Uni\u00f3 illet\u00e9kes szerv\u00e9nek enged\u00e9ly\u00e9t, illetve az \u00e9rintett orsz\u00e1gok k\u00fcl\u00f6nb\u00f6z\u0151 hat\u00f3s\u00e1gainak enged\u00e9ly\u00e9t &#8211; rendelkez\u00e9sre \u00e1ll.(MTI)<\/p>\n","protected":false},"excerpt":{"rendered":"<p>A paksi atomer\u0151m\u0171 biztons\u00e1gos \u00e9s zavartalan m\u0171k\u00f6d\u00e9s\u00e9t nem befoly\u00e1solja az ukr\u00e1n belpolitikai helyzet, az atomer\u0151m\u0171ben a t\u00f6rv\u00e9nyi el\u0151\u00edr\u00e1soknak megfelel\u0151en k\u00e9t \u00e9vre elegend\u0151 \u00fczemanyag \u00e1ll rendelkez\u00e9sre &#8211; k\u00f6z\u00f6lte Kov\u00e1cs Antal, az MVM Paksi Atomer\u0151m\u0171 Zrt. kommunik\u00e1ci\u00f3s igazgat\u00f3ja az MTI-vel p\u00e9nteken.<\/p>\n","protected":false},"author":1,"featured_media":0,"comment_status":"open","ping_status":"closed","sticky":false,"template":"","format":"standard","meta":[],"categories":[19],"tags":[],"_links":{"self":[{"href":"https:\/\/gazdasagportal.hu\/index.php\/wp-json\/wp\/v2\/posts\/37662"}],"collection":[{"href":"https:\/\/gazdasagportal.hu\/index.php\/wp-json\/wp\/v2\/posts"}],"about":[{"href":"https:\/\/gazdasagportal.hu\/index.php\/wp-json\/wp\/v2\/types\/post"}],"author":[{"embeddable":true,"href":"https:\/\/gazdasagportal.hu\/index.php\/wp-json\/wp\/v2\/users\/1"}],"replies":[{"embeddable":true,"href":"https:\/\/gazdasagportal.hu\/index.php\/wp-json\/wp\/v2\/comments?post=37662"}],"version-history":[{"count":1,"href":"https:\/\/gazdasagportal.hu\/index.php\/wp-json\/wp\/v2\/posts\/37662\/revisions"}],"predecessor-version":[{"id":37663,"href":"https:\/\/gazdasagportal.hu\/index.php\/wp-json\/wp\/v2\/posts\/37662\/revisions\/37663"}],"wp:attachment":[{"href":"https:\/\/gazdasagportal.hu\/index.php\/wp-json\/wp\/v2\/media?parent=37662"}],"wp:term":[{"taxonomy":"category","embeddable":true,"href":"https:\/\/gazdasagportal.hu\/index.php\/wp-json\/wp\/v2\/categories?post=37662"},{"taxonomy":"post_tag","embeddable":true,"href":"https:\/\/gazdasagportal.hu\/index.php\/wp-json\/wp\/v2\/tags?post=37662"}],"curies":[{"name":"wp","href":"https:\/\/api.w.org\/{rel}","templated":true}]}}