{"id":37658,"date":"2014-06-21T06:09:32","date_gmt":"2014-06-21T04:09:32","guid":{"rendered":"http:\/\/stockportal.hu\/?p=37658"},"modified":"2014-06-20T19:41:09","modified_gmt":"2014-06-20T17:41:09","slug":"skot-nepszavazas-jelentos-elonyben-a-fuggetlenseget-ellenzok","status":"publish","type":"post","link":"https:\/\/gazdasagportal.hu\/index.php\/skot-nepszavazas-jelentos-elonyben-a-fuggetlenseget-ellenzok\/","title":{"rendered":"Sk\u00f3t n\u00e9pszavaz\u00e1s &#8211; Jelent\u0151s el\u0151nyben a f\u00fcggetlens\u00e9get ellenz\u0151k"},"content":{"rendered":"<p><strong>Jelent\u0151s t\u00e1mogatotts\u00e1gi el\u0151nyben vannak a sk\u00f3t f\u00fcggetlens\u00e9g ellenz\u0151i.<\/strong><!--more--><br \/>\n<div class=\"ads-in-post1\"><div id=\"gazdasagportal.hu_fullbanner_wideboard\"><\/div>\r\n<\/div>\n<p>    A Financial Times c\u00edm\u0171 londoni \u00fczleti napilap, amely rendszeresen k\u00f6z\u00f6l modellsz\u00e1m\u00edt\u00e1sokat a mindenkori legfrissebb k\u00f6zv\u00e9lem\u00e9ny-kutat\u00e1si eredm\u00e9nyek s\u00falyozott \u00e1tlaga alapj\u00e1n, p\u00e9nteken ismertetett \u00faj \u00f6sszegz\u00e9s\u00e9ben k\u00f6z\u00f6lte, hogy sz\u00e1m\u00edt\u00e1si m\u00f3dszere alapj\u00e1n t\u00edz sz\u00e1zal\u00e9kponttal vezetnek a brit uni\u00f3 fenntart\u00e1s\u00e1t p\u00e1rtol\u00f3k az elszakad\u00e1s\u00e9rt kamp\u00e1nyol\u00f3 &#8211; a sk\u00f3t korm\u00e1ny \u00e1ltal is t\u00e1mogatott &#8211; er\u0151k el\u0151tt.<br \/>\n    A lap szerint jelenleg 47 sz\u00e1zal\u00e9knyian szavazn\u00e1nak arra, hogy Sk\u00f3cia maradjon Nagy-Britannia r\u00e9sze; 37 sz\u00e1zal\u00e9k a sk\u00f3t f\u00fcggetlens\u00e9gre voksolna.<br \/>\n    A Financial Times kiemeli, hogy a bizonytalan v\u00e1laszt\u00f3k kisz\u0171r\u00e9s\u00e9vel sz\u00e1molva a f\u00fcggetlens\u00e9gellenes t\u00e1bor abszol\u00fat t\u00f6bbs\u00e9gben van, 56 sz\u00e1zal\u00e9kos t\u00e1mogatotts\u00e1ggal.<br \/>\n    Alex Salmond sk\u00f3t korm\u00e1nyf\u0151, a Sk\u00f3ci\u00e1t 2011 \u00f3ta parlamenti t\u00f6bbs\u00e9gben korm\u00e1nyz\u00f3 Sk\u00f3t Nemzeti P\u00e1rt (SNP) vezet\u0151je k\u00e9t \u00e9s f\u00e9l \u00e9ve jelentette be, hogy Sk\u00f3cia 2014-ben n\u00e9pszavaz\u00e1st tart f\u00fcggetlenn\u00e9 v\u00e1l\u00e1s\u00e1r\u00f3l. A referendumot a sk\u00f3t korm\u00e1ny szeptember 18-ra \u00edrta ki. A n\u00e9pszavaz\u00e1son egyetlen, egyszer\u0171 v\u00e1laszt\u00e1st lehet\u0151v\u00e9 t\u00e9v\u0151 k\u00e9rd\u00e9sre kell majd v\u00e1laszolni, amely \u00fagy sz\u00f3l, hogy Sk\u00f3cia f\u00fcggetlen orsz\u00e1g legyen-e.<br \/>\n    A f\u00fcggetlens\u00e9gp\u00e1rtiaknak a n\u00e9pszavaz\u00e1s meghirdet\u00e9se \u00f3ta egyetlen felm\u00e9r\u00e9s sem mutatott ki t\u00f6bbs\u00e9get. Az elszakad\u00e1st ellenz\u0151k el\u0151nye ugyanakkor sz\u00e9les s\u00e1vban mozog r\u00f6vid id\u0151k\u00f6z\u00f6nk\u00e9nt is, b\u00e1r az ut\u00f3bbi h\u00f3napokban 7-10 sz\u00e1zal\u00e9kpont k\u00f6z\u00f6tt stabiliz\u00e1l\u00f3dni l\u00e1tszik.<br \/>\n    A f\u00fcggetlens\u00e9gi n\u00e9pszavaz\u00e1st megel\u0151z\u0151 kamp\u00e1ny egyik f\u0151 \u00fctk\u00f6z\u0151pontja a font haszn\u00e1lat\u00e1val kapcsolatos vita. A sk\u00f3t korm\u00e1ny \u00e1ll\u00e1spontja szerint semmi akad\u00e1lya, hogy a f\u00fcggetlen Sk\u00f3cia valutauni\u00f3t alkosson Nagy-Britannia fennmarad\u00f3 r\u00e9sz\u00e9vel, de London ezt gyakorlatilag m\u00e1r kiz\u00e1rta. A brit p\u00e9nz\u00fcgyminiszt\u00e9rium nemr\u00e9giben kiadott k\u00f6zlem\u00e9ny\u00e9ben lesz\u00f6gezte, hogy &#8222;ha Sk\u00f3cia otthagyja az Egyes\u00fclt Kir\u00e1lys\u00e1got, otthagyja a fontot is&#8221;.<br \/>\n    George Osborne brit p\u00e9nz\u00fcgyminiszter nemr\u00e9giben a BBC-nek nyilatkozva ehhez hozz\u00e1tette, hogy a brit font &#8222;nem CD-kollekci\u00f3, amelyen szak\u00edt\u00e1s ut\u00e1n osztozkodni lehet&#8221;.(MTI)<\/p>\n","protected":false},"excerpt":{"rendered":"<p>Jelent\u0151s t\u00e1mogatotts\u00e1gi el\u0151nyben vannak a sk\u00f3t f\u00fcggetlens\u00e9g ellenz\u0151i.<\/p>\n","protected":false},"author":1,"featured_media":0,"comment_status":"open","ping_status":"closed","sticky":false,"template":"","format":"standard","meta":[],"categories":[12],"tags":[],"_links":{"self":[{"href":"https:\/\/gazdasagportal.hu\/index.php\/wp-json\/wp\/v2\/posts\/37658"}],"collection":[{"href":"https:\/\/gazdasagportal.hu\/index.php\/wp-json\/wp\/v2\/posts"}],"about":[{"href":"https:\/\/gazdasagportal.hu\/index.php\/wp-json\/wp\/v2\/types\/post"}],"author":[{"embeddable":true,"href":"https:\/\/gazdasagportal.hu\/index.php\/wp-json\/wp\/v2\/users\/1"}],"replies":[{"embeddable":true,"href":"https:\/\/gazdasagportal.hu\/index.php\/wp-json\/wp\/v2\/comments?post=37658"}],"version-history":[{"count":1,"href":"https:\/\/gazdasagportal.hu\/index.php\/wp-json\/wp\/v2\/posts\/37658\/revisions"}],"predecessor-version":[{"id":37659,"href":"https:\/\/gazdasagportal.hu\/index.php\/wp-json\/wp\/v2\/posts\/37658\/revisions\/37659"}],"wp:attachment":[{"href":"https:\/\/gazdasagportal.hu\/index.php\/wp-json\/wp\/v2\/media?parent=37658"}],"wp:term":[{"taxonomy":"category","embeddable":true,"href":"https:\/\/gazdasagportal.hu\/index.php\/wp-json\/wp\/v2\/categories?post=37658"},{"taxonomy":"post_tag","embeddable":true,"href":"https:\/\/gazdasagportal.hu\/index.php\/wp-json\/wp\/v2\/tags?post=37658"}],"curies":[{"name":"wp","href":"https:\/\/api.w.org\/{rel}","templated":true}]}}