{"id":37654,"date":"2014-06-21T04:36:32","date_gmt":"2014-06-21T02:36:32","guid":{"rendered":"http:\/\/stockportal.hu\/?p=37654"},"modified":"2014-06-20T19:37:53","modified_gmt":"2014-06-20T17:37:53","slug":"az-eme-zrt-szerint-tovabbra-is-lehet-naluk-mobillal-parkolast-fizetni-a-nemzeti-mobilfizetesi-zrt-viszont-nem-igy-latja","status":"publish","type":"post","link":"https:\/\/gazdasagportal.hu\/index.php\/az-eme-zrt-szerint-tovabbra-is-lehet-naluk-mobillal-parkolast-fizetni-a-nemzeti-mobilfizetesi-zrt-viszont-nem-igy-latja\/","title":{"rendered":"Az EME Zrt. szerint tov\u00e1bbra is lehet n\u00e1luk mobillal parkol\u00e1st fizetni, a Nemzeti Mobilfizet\u00e9si Zrt. viszont nem \u00edgy l\u00e1tja"},"content":{"rendered":"<p><strong>Az Els\u0151 Mobilfizet\u00e9s Elsz\u00e1mol\u00f3 Szolg\u00e1ltat\u00f3 (EME) Zrt. \u00e1ll\u00e1spontja szerint a t\u00e1rsas\u00e1g mobilparkol\u00e1si \u00e9s e-matrica \u00e9rt\u00e9kes\u00edt\u00e9si szolg\u00e1ltat\u00e1sait nem \u00e9rinti az \u00faj nemzeti mobilfizet\u00e9si rendszer j\u00faliusi bevezet\u00e9se. A Nemzeti Mobilfizet\u00e9si Zrt. azt k\u00f6z\u00f6lte, hogy a vonatkoz\u00f3 t\u00f6rv\u00e9ny szerint j\u00falius 1-j\u00e9t\u0151l csak a zrt.-n \u00e9s annak szerz\u0151d\u00f6tt partnerein kereszt\u00fcl lehet mobilparkolni, az EME pedig nem tartozik ezek k\u00f6z\u00e9.<\/strong><!--more--><br \/>\n<div class=\"ads-in-post1\"><div id=\"gazdasagportal.hu_fullbanner_wideboard\"><\/div>\r\n<\/div>\n<p>    A EME Zrt. p\u00e9nteken azt k\u00f6z\u00f6lte az MTI-vel, hogy a t\u00e1rsas\u00e1g szerz\u0151d\u00e9sei nem sz\u0171nnek meg, azok tov\u00e1bbra is el\u00e9rhet\u0151ek maradnak.<br \/>\n    A szolg\u00e1ltat\u00f3 szerint az \u00e1ltala ny\u00fajtott viszontelad\u00f3i, mobilkereskedelmi szolg\u00e1ltat\u00e1sokra nem vonatkozik a nemzeti mobil fizet\u00e9si rendszerr\u0151l sz\u00f3l\u00f3 t\u00f6rv\u00e9ny, \u00e9s annak v\u00e9grehajt\u00e1si rendelete sem. &#8222;T\u00e1rsas\u00e1gunk szerz\u0151d\u00e9seit ezen szab\u00e1lyok nem \u00e9rintik, ez\u00e9rt a szolg\u00e1ltat\u00e1saink minden ellent\u00e9tes, a sajt\u00f3ban \u00e9s egy\u00e9b \u00e1ll\u00e1sfoglal\u00e1sok form\u00e1j\u00e1ban elhangzott inform\u00e1ci\u00f3kkal ellent\u00e9tben, nem lehetetlen\u00fclnek el, a szerz\u0151d\u00e9seink nem sz\u0171nnek meg&#8221; &#8211; \u00edrt\u00e1k.<br \/>\n    A v\u00e1llalat Magyarorsz\u00e1gon els\u0151k\u00e9nt 2006. j\u00falius elsej\u00e9n ind\u00edtotta el orsz\u00e1gos mobiltelefonos parkol\u00e1si rendszer\u00e9t. Emellett e-matric\u00e1t \u00e9s percalap\u00fa fesztiv\u00e1ljegyet is \u00e9rt\u00e9kes\u00edt mobiltelefonos fizet\u00e9ssel, jelenleg t\u00f6bb mint 100 ezer \u00fcgyfele van.<br \/>\n    Veres Mih\u00e1ly, a Nemzeti Mobilfizet\u00e9si Zrt. vez\u00e9rigazgat\u00f3ja az MTI-nek elmondta: j\u00falius 1-j\u00e9t\u0151l a Nemzeti Mobilfizet\u00e9si Zrt. \u00e9s hat szerz\u0151d\u00f6tt partner\u00e9n (Vodafone, Telenor, Telekom, Mpark, Evopay, Barion) kereszt\u00fcl lehet az orsz\u00e1g 70 hely\u00e9n el\u00e9rhet\u0151 k\u00f6zter\u00fcleti parkol\u00e1si szolg\u00e1ltat\u00e1st mobilfizet\u00e9ssel ig\u00e9nybe venni. A szerz\u0151d\u00f6tt partnerekr\u0151l &#8211; amelyek k\u00f6z\u00e9 nem tartozik az EME Zrt. &#8211; a parkol\u00f3automat\u00e1kon t\u00e1j\u00e9koz\u00f3dhatnak az aut\u00f3sok.<br \/>\n    Hozz\u00e1tette, hogy a t\u00f6rv\u00e9nyi szab\u00e1lyoz\u00e1s szerint csak a m\u00e1r eml\u00edtett, a Nemzeti Mobilfizet\u00e9si Zrt.-vel leszerz\u0151d\u00f6tt viszontelad\u00f3kon kereszt\u00fcl t\u00f6rt\u00e9nhet a mobilparklol\u00e1s.<br \/>\n    A Nemzeti Mobilfizet\u00e9si Zrt. kedden jelentette be, hogy j\u00falius elsej\u00e9n elindul az orsz\u00e1gos, egys\u00e9ges mobilparkol\u00e1si \u00e9s aut\u00f3p\u00e1lya-haszn\u00e1lati rendszer. Az egyik legfontosabb v\u00e1ltoz\u00e1s, hogy m\u00f3dosul az a telefonsz\u00e1m, amelyen kereszt\u00fcl SMS-sel, vagy h\u00edv\u00e1ssal elind\u00edthat\u00f3 \u00e9s befejezhet\u0151 a fizet\u00e9s. Eddig a k\u00f6rzetsz\u00e1m ut\u00e1n a 810-es beh\u00edv\u00f3 sz\u00e1m volt, amely j\u00falius elsej\u00e9t\u0151l 763-ra m\u00f3dosul, ezt k\u00f6veti a fizet\u0151 automat\u00e1kra ragasztott n\u00e9gyjegy\u0171 azonos\u00edt\u00f3 sz\u00e1m.<br \/>\n    Az orsz\u00e1gban eddig 42 \u00f6nkorm\u00e1nyzat parkol\u00f3j\u00e1ban lehetett ig\u00e9nybe venni a szolg\u00e1ltat\u00e1st, ez a sz\u00e1m j\u00falius elsej\u00e9t\u0151l 70-re emelkedik, ezzel az \u00f6sszes olyan \u00f6nkorm\u00e1nyzat csatlakozik a rendszerhez, ahol fizetni kell a szolg\u00e1ltat\u00e1s\u00e9rt. Egyes \u00f6nkorm\u00e1nyzatok sz\u00e1m\u00e1ra lehet\u0151s\u00e9g ny\u00edlik, arra is, hogy id\u00e9ny jelleggel csatlakozhatnak a mobilparkol\u00e1si rendszerhez.(MTI)<\/p>\n","protected":false},"excerpt":{"rendered":"<p>Az Els\u0151 Mobilfizet\u00e9s Elsz\u00e1mol\u00f3 Szolg\u00e1ltat\u00f3 (EME) Zrt. \u00e1ll\u00e1spontja szerint a t\u00e1rsas\u00e1g mobilparkol\u00e1si \u00e9s e-matrica \u00e9rt\u00e9kes\u00edt\u00e9si szolg\u00e1ltat\u00e1sait nem \u00e9rinti az \u00faj nemzeti mobilfizet\u00e9si rendszer j\u00faliusi bevezet\u00e9se. A Nemzeti Mobilfizet\u00e9si Zrt. azt k\u00f6z\u00f6lte, hogy a vonatkoz\u00f3 t\u00f6rv\u00e9ny szerint j\u00falius 1-j\u00e9t\u0151l csak a zrt.-n \u00e9s annak szerz\u0151d\u00f6tt partnerein kereszt\u00fcl lehet mobilparkolni, az EME pedig nem tartozik ezek k\u00f6z\u00e9.<\/p>\n","protected":false},"author":1,"featured_media":0,"comment_status":"open","ping_status":"closed","sticky":false,"template":"","format":"standard","meta":[],"categories":[19],"tags":[],"_links":{"self":[{"href":"https:\/\/gazdasagportal.hu\/index.php\/wp-json\/wp\/v2\/posts\/37654"}],"collection":[{"href":"https:\/\/gazdasagportal.hu\/index.php\/wp-json\/wp\/v2\/posts"}],"about":[{"href":"https:\/\/gazdasagportal.hu\/index.php\/wp-json\/wp\/v2\/types\/post"}],"author":[{"embeddable":true,"href":"https:\/\/gazdasagportal.hu\/index.php\/wp-json\/wp\/v2\/users\/1"}],"replies":[{"embeddable":true,"href":"https:\/\/gazdasagportal.hu\/index.php\/wp-json\/wp\/v2\/comments?post=37654"}],"version-history":[{"count":1,"href":"https:\/\/gazdasagportal.hu\/index.php\/wp-json\/wp\/v2\/posts\/37654\/revisions"}],"predecessor-version":[{"id":37655,"href":"https:\/\/gazdasagportal.hu\/index.php\/wp-json\/wp\/v2\/posts\/37654\/revisions\/37655"}],"wp:attachment":[{"href":"https:\/\/gazdasagportal.hu\/index.php\/wp-json\/wp\/v2\/media?parent=37654"}],"wp:term":[{"taxonomy":"category","embeddable":true,"href":"https:\/\/gazdasagportal.hu\/index.php\/wp-json\/wp\/v2\/categories?post=37654"},{"taxonomy":"post_tag","embeddable":true,"href":"https:\/\/gazdasagportal.hu\/index.php\/wp-json\/wp\/v2\/tags?post=37654"}],"curies":[{"name":"wp","href":"https:\/\/api.w.org\/{rel}","templated":true}]}}