{"id":37652,"date":"2014-06-20T21:35:28","date_gmt":"2014-06-20T19:35:28","guid":{"rendered":"http:\/\/stockportal.hu\/?p=37652"},"modified":"2014-06-20T19:36:18","modified_gmt":"2014-06-20T17:36:18","slug":"targyalasok-a-kinai-fejlesztesi-bank-es-a-magyar-kormany-kozott-a-v0-vasutvonalrol","status":"publish","type":"post","link":"https:\/\/gazdasagportal.hu\/index.php\/targyalasok-a-kinai-fejlesztesi-bank-es-a-magyar-kormany-kozott-a-v0-vasutvonalrol\/","title":{"rendered":"T\u00e1rgyal\u00e1sok a K\u00ednai Fejleszt\u00e9si Bank \u00e9s a magyar korm\u00e1ny k\u00f6z\u00f6tt a V0 vas\u00fatvonalr\u00f3l"},"content":{"rendered":"<p><strong>P\u00e9nteken \u00fajraindultak a t\u00e1rgyal\u00e1sok a K\u00ednai Fejleszt\u00e9si Bank (CDB) \u00e9s a magyar korm\u00e1ny k\u00f6z\u00f6tt a V0 vas\u00fatvonal beruh\u00e1z\u00e1s\u00e1r\u00f3l tekintettel arra, hogy a K\u00ednai Fejleszt\u00e9si Bank kinevezte \u00faj, Magyarorsz\u00e1g\u00e9rt felel\u0151s vezet\u0151j\u00e9t &#8211; k\u00f6z\u00f6lte F\u00fcl\u00f6p Judit, a K\u00fclgazdas\u00e1gi \u00e9s K\u00fcl\u00fcgyminiszt\u00e9rium parlamenti \u00e1llamtitk\u00e1rs\u00e1g\u00e1nak sajt\u00f3f\u0151n\u00f6ke az MTI-vel, p\u00e9nteken.<\/strong><!--more--><br \/>\n<div class=\"ads-in-post1\"><div id=\"gazdasagportal.hu_fullbanner_wideboard\"><\/div>\r\n<\/div>\n<p>    Elmondta: Szijj\u00e1rt\u00f3 P\u00e9ter, a K\u00fclgazdas\u00e1gi \u00e9s K\u00fcl\u00fcgyminiszt\u00e9rium parlamenti \u00e1llamtitk\u00e1ra \u00e9s Hsz\u00fc Csun Jang, a K\u00ednai Fejleszt\u00e9si Bank nemzetk\u00f6zi egy\u00fcttm\u0171k\u00f6d\u00e9s\u00e9rt felel\u0151s vezet\u0151j\u00e9nek megbesz\u00e9l\u00e9s\u00e9n elhangzott, hogy a Budapestet d\u00e9lr\u0151l elker\u00fcl\u0151 tehervas\u00fati gy\u0171r\u0171 meg\u00e9p\u00edt\u00e9se j\u00f3l illeszkedik a K\u00edna \u00e1ltal megfogalmazott \u00faj tengeri \u00e9s kontinent\u00e1lis selyem\u00fat koncepci\u00f3j\u00e1hoz.<br \/>\n    A vas\u00fatvonal meg\u00e9p\u00edt\u00e9se mintegy negyed\u00e9re cs\u00f6kkenten\u00e9 a tehervonatok \u00e1thalad\u00e1si idej\u00e9t Magyarorsz\u00e1gon.<br \/>\n    Az egyeztet\u00e9sek a j\u00f6v\u0151 h\u00e9ten banktechnikai \u00e9s a megval\u00f3s\u00edthat\u00f3s\u00e1gi tanulm\u00e1nyt illet\u0151 k\u00e9rd\u00e9sekkel folytat\u00f3dnak &#8211; tette hozz\u00e1 F\u00fcl\u00f6p Judit.(MTI)<\/p>\n","protected":false},"excerpt":{"rendered":"<p>P\u00e9nteken \u00fajraindultak a t\u00e1rgyal\u00e1sok a K\u00ednai Fejleszt\u00e9si Bank (CDB) \u00e9s a magyar korm\u00e1ny k\u00f6z\u00f6tt a V0 vas\u00fatvonal beruh\u00e1z\u00e1s\u00e1r\u00f3l tekintettel arra, hogy a K\u00ednai Fejleszt\u00e9si Bank kinevezte \u00faj, Magyarorsz\u00e1g\u00e9rt felel\u0151s vezet\u0151j\u00e9t &#8211; k\u00f6z\u00f6lte F\u00fcl\u00f6p Judit, a K\u00fclgazdas\u00e1gi \u00e9s K\u00fcl\u00fcgyminiszt\u00e9rium parlamenti \u00e1llamtitk\u00e1rs\u00e1g\u00e1nak sajt\u00f3f\u0151n\u00f6ke az MTI-vel, p\u00e9nteken.<\/p>\n","protected":false},"author":1,"featured_media":0,"comment_status":"open","ping_status":"closed","sticky":false,"template":"","format":"standard","meta":[],"categories":[19],"tags":[],"_links":{"self":[{"href":"https:\/\/gazdasagportal.hu\/index.php\/wp-json\/wp\/v2\/posts\/37652"}],"collection":[{"href":"https:\/\/gazdasagportal.hu\/index.php\/wp-json\/wp\/v2\/posts"}],"about":[{"href":"https:\/\/gazdasagportal.hu\/index.php\/wp-json\/wp\/v2\/types\/post"}],"author":[{"embeddable":true,"href":"https:\/\/gazdasagportal.hu\/index.php\/wp-json\/wp\/v2\/users\/1"}],"replies":[{"embeddable":true,"href":"https:\/\/gazdasagportal.hu\/index.php\/wp-json\/wp\/v2\/comments?post=37652"}],"version-history":[{"count":1,"href":"https:\/\/gazdasagportal.hu\/index.php\/wp-json\/wp\/v2\/posts\/37652\/revisions"}],"predecessor-version":[{"id":37653,"href":"https:\/\/gazdasagportal.hu\/index.php\/wp-json\/wp\/v2\/posts\/37652\/revisions\/37653"}],"wp:attachment":[{"href":"https:\/\/gazdasagportal.hu\/index.php\/wp-json\/wp\/v2\/media?parent=37652"}],"wp:term":[{"taxonomy":"category","embeddable":true,"href":"https:\/\/gazdasagportal.hu\/index.php\/wp-json\/wp\/v2\/categories?post=37652"},{"taxonomy":"post_tag","embeddable":true,"href":"https:\/\/gazdasagportal.hu\/index.php\/wp-json\/wp\/v2\/tags?post=37652"}],"curies":[{"name":"wp","href":"https:\/\/api.w.org\/{rel}","templated":true}]}}