{"id":37632,"date":"2014-06-20T18:00:37","date_gmt":"2014-06-20T16:00:37","guid":{"rendered":"http:\/\/stockportal.hu\/?p=37632"},"modified":"2014-06-20T16:00:51","modified_gmt":"2014-06-20T14:00:51","slug":"ujabb-muholdrol-is-elerheto-a-duna-es-a-duna-world-adasa","status":"publish","type":"post","link":"https:\/\/gazdasagportal.hu\/index.php\/ujabb-muholdrol-is-elerheto-a-duna-es-a-duna-world-adasa\/","title":{"rendered":"\u00dajabb m\u0171holdr\u00f3l is el\u00e9rhet\u0151 a Duna \u00e9s a Duna World ad\u00e1sa"},"content":{"rendered":"<p><strong>\u00dajabb m\u0171holdr\u00f3l, az Eutelsat 16A-r\u00f3l is el\u00e9rhet\u0151 p\u00e9ntekt\u0151l a Duna \u00e9s a Duna World ad\u00e1sa &#8211; k\u00f6z\u00f6lte a M\u00e9diaszolg\u00e1ltat\u00e1s- T\u00e1mogat\u00f3 \u00e9s Vagyonkezel\u0151 Alap (MTVA) p\u00e9nteken az MTI-vel.<!--more--><\/strong><br \/>\n<div class=\"ads-in-post1\"><div id=\"gazdasagportal.hu_fullbanner_wideboard\"><\/div>\r\n<\/div>\n<p>A keleti 16 fokos \u00e9gi poz\u00edci\u00f3ban l\u00e9v\u0151 m\u0171hold seg\u00edts\u00e9g\u00e9vel a horv\u00e1torsz\u00e1gi \u00e9s r\u00e9szben a szerbiai, valamint a rom\u00e1niai magyarok \u00fajabb m\u0171holdr\u00f3l foghatj\u00e1k az ad\u00e1st. A ny\u00e1ri id\u0151szak el\u0151tti megjelen\u00e9s a tengerparti sz\u00e1llod\u00e1k sz\u00e1m\u00e1ra is lehet\u0151v\u00e9 teszi, hogy a magyarok \u00e1ltal l\u00e1togatott ter\u00fcleteken t\u00f6bbletszolg\u00e1ltat\u00e1st ny\u00fajthassanak vend\u00e9geiknek &#8211; \u00e1ll a k\u00f6zlem\u00e9nyben.<br \/>\nA hagyom\u00e1nyos felbont\u00e1s\u00fa, legegyszer\u0171bb m\u0171holdvev\u0151vel is foghat\u00f3 k\u00f3dolatlan ad\u00e1s a k\u00f6zlem\u00e9ny szerint az\u00e9rt is jelent\u0151s, mert Horv\u00e1torsz\u00e1gban a nyugati 1 fokr\u00f3l m\u00e1r egy el\u0151fizet\u00e9ses szolg\u00e1ltat\u00f3 sem foghat\u00f3, ugyanakkor a meghat\u00e1roz\u00f3 16 fokon l\u00e9v\u0151 m\u0171holdpoz\u00edci\u00f3ban eddig nem volt el\u00e9rhet\u0151 magyar nyelv\u0171 tartalom.<br \/>\nA v\u00e9teli adatokr\u00f3l b\u0151vebb inform\u00e1ci\u00f3 tal\u00e1lhat\u00f3 a\u00a0<a title=\"Hely megnyit\u00e1sa\" href=\"http:\/\/mtva.hu\/hu\/vetel\/allando-veteli-adatok-televizio\" target=\"_blank\" rel=\"noopener\">http:\/\/mtva.hu\/hu\/vetel\/allando-veteli-adatok-televizio<\/a>\u00a0honlapon.(MTI)<\/p>\n","protected":false},"excerpt":{"rendered":"<p>\u00dajabb m\u0171holdr\u00f3l, az Eutelsat 16A-r\u00f3l is el\u00e9rhet\u0151 p\u00e9ntekt\u0151l a Duna \u00e9s a Duna World ad\u00e1sa &#8211; k\u00f6z\u00f6lte a M\u00e9diaszolg\u00e1ltat\u00e1s- T\u00e1mogat\u00f3 \u00e9s Vagyonkezel\u0151 Alap (MTVA) p\u00e9nteken az MTI-vel.<\/p>\n","protected":false},"author":1,"featured_media":0,"comment_status":"open","ping_status":"closed","sticky":false,"template":"","format":"standard","meta":[],"categories":[4,48],"tags":[],"_links":{"self":[{"href":"https:\/\/gazdasagportal.hu\/index.php\/wp-json\/wp\/v2\/posts\/37632"}],"collection":[{"href":"https:\/\/gazdasagportal.hu\/index.php\/wp-json\/wp\/v2\/posts"}],"about":[{"href":"https:\/\/gazdasagportal.hu\/index.php\/wp-json\/wp\/v2\/types\/post"}],"author":[{"embeddable":true,"href":"https:\/\/gazdasagportal.hu\/index.php\/wp-json\/wp\/v2\/users\/1"}],"replies":[{"embeddable":true,"href":"https:\/\/gazdasagportal.hu\/index.php\/wp-json\/wp\/v2\/comments?post=37632"}],"version-history":[{"count":1,"href":"https:\/\/gazdasagportal.hu\/index.php\/wp-json\/wp\/v2\/posts\/37632\/revisions"}],"predecessor-version":[{"id":37634,"href":"https:\/\/gazdasagportal.hu\/index.php\/wp-json\/wp\/v2\/posts\/37632\/revisions\/37634"}],"wp:attachment":[{"href":"https:\/\/gazdasagportal.hu\/index.php\/wp-json\/wp\/v2\/media?parent=37632"}],"wp:term":[{"taxonomy":"category","embeddable":true,"href":"https:\/\/gazdasagportal.hu\/index.php\/wp-json\/wp\/v2\/categories?post=37632"},{"taxonomy":"post_tag","embeddable":true,"href":"https:\/\/gazdasagportal.hu\/index.php\/wp-json\/wp\/v2\/tags?post=37632"}],"curies":[{"name":"wp","href":"https:\/\/api.w.org\/{rel}","templated":true}]}}