{"id":37628,"date":"2014-06-20T15:23:02","date_gmt":"2014-06-20T13:23:02","guid":{"rendered":"http:\/\/stockportal.hu\/?p=37628"},"modified":"2014-06-20T15:23:02","modified_gmt":"2014-06-20T13:23:02","slug":"merkel-tamogatja-hogy-schulz-legyen-az-ep-elnoke","status":"publish","type":"post","link":"https:\/\/gazdasagportal.hu\/index.php\/merkel-tamogatja-hogy-schulz-legyen-az-ep-elnoke\/","title":{"rendered":"Merkel t\u00e1mogatja, hogy Schulz legyen az EP eln\u00f6ke"},"content":{"rendered":"<p><strong>Angela Merkel n\u00e9met kancell\u00e1r t\u00e1mogatja, hogy tov\u00e1bbra is a szoci\u00e1ldemokrata Martin Schulz legyen az Eur\u00f3pai Parlament (EP) eln\u00f6ke, a n\u00e9met kancell\u00e1r ezt p\u00e9nteken jelentette be Berlinben.<\/strong><!--more--><br \/>\n<div class=\"ads-in-post1\"><div id=\"gazdasagportal.hu_fullbanner_wideboard\"><\/div>\r\n<\/div>\n<p>    Taavi R\u00f6ivas \u00e9szt korm\u00e1nyf\u0151vel folytatott megbesz\u00e9l\u00e9se ut\u00e1n tartott sajt\u00f3t\u00e1j\u00e9koztat\u00f3j\u00e1n Angela Merkel \u00fajs\u00e1g\u00edr\u00f3i k\u00e9rd\u00e9sre v\u00e1laszolva elmondta, hogy a nagykoal\u00edci\u00f3s korm\u00e1ny p\u00e1rtjai megegyeztek abban, hogy a konzervat\u00edv CDU\/CSU jel\u00f6lhet n\u00e9met biztost az Eur\u00f3pai Bizotts\u00e1gba, cser\u00e9be pedig a konzervat\u00edvok t\u00e1mogatj\u00e1k a szoci\u00e1ldemokrata p\u00e1rt (SPD) politikusa, Martin Schulz \u00fajrav\u00e1laszt\u00e1s\u00e1t az EP-eln\u00f6ki tiszts\u00e9gbe.<br \/>\n    Hozz\u00e1tette: t\u00e1rgyalt az Eur\u00f3pai N\u00e9pp\u00e1rt frakci\u00f3j\u00e1ban dolgoz\u00f3 CDU\/CSU-csoport vezet\u0151j\u00e9vel, akivel egyet\u00e9rtettek abban, hogy ha az EP szocialista frakci\u00f3ja Schulzot javasolja EP-eln\u00f6knek, akkor a n\u00e9met n\u00e9pp\u00e1rti k\u00e9pvisel\u0151k t\u00e1mogatj\u00e1k ezt a javaslatot.(MTI)<\/p>\n","protected":false},"excerpt":{"rendered":"<p>Angela Merkel n\u00e9met kancell\u00e1r t\u00e1mogatja, hogy tov\u00e1bbra is a szoci\u00e1ldemokrata Martin Schulz legyen az Eur\u00f3pai Parlament (EP) eln\u00f6ke, a n\u00e9met kancell\u00e1r ezt p\u00e9nteken jelentette be Berlinben.<\/p>\n","protected":false},"author":1,"featured_media":0,"comment_status":"open","ping_status":"closed","sticky":false,"template":"","format":"standard","meta":[],"categories":[12],"tags":[],"_links":{"self":[{"href":"https:\/\/gazdasagportal.hu\/index.php\/wp-json\/wp\/v2\/posts\/37628"}],"collection":[{"href":"https:\/\/gazdasagportal.hu\/index.php\/wp-json\/wp\/v2\/posts"}],"about":[{"href":"https:\/\/gazdasagportal.hu\/index.php\/wp-json\/wp\/v2\/types\/post"}],"author":[{"embeddable":true,"href":"https:\/\/gazdasagportal.hu\/index.php\/wp-json\/wp\/v2\/users\/1"}],"replies":[{"embeddable":true,"href":"https:\/\/gazdasagportal.hu\/index.php\/wp-json\/wp\/v2\/comments?post=37628"}],"version-history":[{"count":1,"href":"https:\/\/gazdasagportal.hu\/index.php\/wp-json\/wp\/v2\/posts\/37628\/revisions"}],"predecessor-version":[{"id":37629,"href":"https:\/\/gazdasagportal.hu\/index.php\/wp-json\/wp\/v2\/posts\/37628\/revisions\/37629"}],"wp:attachment":[{"href":"https:\/\/gazdasagportal.hu\/index.php\/wp-json\/wp\/v2\/media?parent=37628"}],"wp:term":[{"taxonomy":"category","embeddable":true,"href":"https:\/\/gazdasagportal.hu\/index.php\/wp-json\/wp\/v2\/categories?post=37628"},{"taxonomy":"post_tag","embeddable":true,"href":"https:\/\/gazdasagportal.hu\/index.php\/wp-json\/wp\/v2\/tags?post=37628"}],"curies":[{"name":"wp","href":"https:\/\/api.w.org\/{rel}","templated":true}]}}