{"id":37587,"date":"2014-06-20T12:08:11","date_gmt":"2014-06-20T10:08:11","guid":{"rendered":"http:\/\/stockportal.hu\/?p=37587"},"modified":"2014-06-20T12:08:11","modified_gmt":"2014-06-20T10:08:11","slug":"amerikabol-jott-a-legtobb-befektetes-tavaly-az-eu-ba","status":"publish","type":"post","link":"https:\/\/gazdasagportal.hu\/index.php\/amerikabol-jott-a-legtobb-befektetes-tavaly-az-eu-ba\/","title":{"rendered":"Amerik\u00e1b\u00f3l j\u00f6tt a legt\u00f6bb befektet\u00e9s tavaly az EU-ba"},"content":{"rendered":"<p><strong>Az Egyes\u00fclt \u00c1llamokb\u00f3l j\u00f6tt a legt\u00f6bb k\u00f6zvetlen k\u00fclf\u00f6ldi t\u0151kebefektet\u00e9s (FDI) az Eur\u00f3pai Uni\u00f3ba (EU) 2013-ban, az el\u0151zetes adatok szerint \u00f6sszesen 313 milli\u00e1rd eur\u00f3 &#8211; szerepelt az Eurostat statisztikai hivatal p\u00e9nteki k\u00f6zlem\u00e9ny\u00e9ben.<\/strong><!--more--><br \/>\n<div class=\"ads-in-post1\"><div id=\"gazdasagportal.hu_fullbanner_wideboard\"><\/div>\r\n<\/div>\n<p>    Az amerikai FDI-hoz k\u00e9pest j\u00f3val kisebb \u00f6sszeg \u00e9rkezett Braz\u00edli\u00e1b\u00f3l (21 milli\u00e1rd eur\u00f3), Sv\u00e1jcb\u00f3l (18 milli\u00e1rd eur\u00f3), Hongkongb\u00f3l (8 milli\u00e1rd eur\u00f3) \u00e9s Jap\u00e1nb\u00f3l (10 milli\u00e1rd eur\u00f3).<br \/>\n    Az \u00f6sszes\u00edtett EU-s bej\u00f6v\u0151 FDI 327 milli\u00e1rd eur\u00f3 lett, ez \u00fagy lehets\u00e9ges, hogy egyes \u00e1llamok nem n\u00f6velt\u00e9k, hanem cs\u00f6kkentett\u00e9k befektet\u00e9seiket.<br \/>\n    Az EU 28 tag\u00e1llama k\u00fclf\u00f6ldi befektet\u00e9seinek \u00e9rt\u00e9ke \u00f6sszesen 341 milli\u00e1rd eur\u00f3 volt 2013-ban. A legfontosabb c\u00e9lorsz\u00e1g az Egyes\u00fclt \u00c1llamok volt (159 milli\u00e1rd eur\u00f3), jelent\u0151s \u00f6sszegek mentek offshore p\u00e9nz\u00fcgyi k\u00f6zpontokba (40 milli\u00e1rd eur\u00f3), valamint Braz\u00edli\u00e1ba (36 milli\u00e1rd eur\u00f3), Sv\u00e1jcba (24 milli\u00e1rd eur\u00f3) \u00e9s K\u00edn\u00e1ba (8 milli\u00e1rd eur\u00f3).<br \/>\n    Az EU-n bel\u00fcl az ad\u00f3jogi szab\u00e1lyok miatt a legt\u00f6bb k\u00f6zvetlen befektet\u00e9s Luxemburgba \u00e9rkezett (240 milli\u00e1rd eur\u00f3), \u00e9s onnan indult ki az uni\u00f3s k\u00fclf\u00f6ldi befektet\u00e9sek d\u00f6nt\u0151 r\u00e9sze is (212,5 milli\u00e1rd eur\u00f3).(MTI)<\/p>\n","protected":false},"excerpt":{"rendered":"<p>Az Egyes\u00fclt \u00c1llamokb\u00f3l j\u00f6tt a legt\u00f6bb k\u00f6zvetlen k\u00fclf\u00f6ldi t\u0151kebefektet\u00e9s (FDI) az Eur\u00f3pai Uni\u00f3ba (EU) 2013-ban, az el\u0151zetes adatok szerint \u00f6sszesen 313 milli\u00e1rd eur\u00f3 &#8211; szerepelt az Eurostat statisztikai hivatal p\u00e9nteki k\u00f6zlem\u00e9ny\u00e9ben.<\/p>\n","protected":false},"author":1,"featured_media":0,"comment_status":"open","ping_status":"closed","sticky":false,"template":"","format":"standard","meta":[],"categories":[12],"tags":[],"_links":{"self":[{"href":"https:\/\/gazdasagportal.hu\/index.php\/wp-json\/wp\/v2\/posts\/37587"}],"collection":[{"href":"https:\/\/gazdasagportal.hu\/index.php\/wp-json\/wp\/v2\/posts"}],"about":[{"href":"https:\/\/gazdasagportal.hu\/index.php\/wp-json\/wp\/v2\/types\/post"}],"author":[{"embeddable":true,"href":"https:\/\/gazdasagportal.hu\/index.php\/wp-json\/wp\/v2\/users\/1"}],"replies":[{"embeddable":true,"href":"https:\/\/gazdasagportal.hu\/index.php\/wp-json\/wp\/v2\/comments?post=37587"}],"version-history":[{"count":1,"href":"https:\/\/gazdasagportal.hu\/index.php\/wp-json\/wp\/v2\/posts\/37587\/revisions"}],"predecessor-version":[{"id":37588,"href":"https:\/\/gazdasagportal.hu\/index.php\/wp-json\/wp\/v2\/posts\/37587\/revisions\/37588"}],"wp:attachment":[{"href":"https:\/\/gazdasagportal.hu\/index.php\/wp-json\/wp\/v2\/media?parent=37587"}],"wp:term":[{"taxonomy":"category","embeddable":true,"href":"https:\/\/gazdasagportal.hu\/index.php\/wp-json\/wp\/v2\/categories?post=37587"},{"taxonomy":"post_tag","embeddable":true,"href":"https:\/\/gazdasagportal.hu\/index.php\/wp-json\/wp\/v2\/tags?post=37587"}],"curies":[{"name":"wp","href":"https:\/\/api.w.org\/{rel}","templated":true}]}}