{"id":37585,"date":"2014-06-20T11:39:10","date_gmt":"2014-06-20T09:39:10","guid":{"rendered":"http:\/\/stockportal.hu\/?p=37585"},"modified":"2014-06-20T11:39:10","modified_gmt":"2014-06-20T09:39:10","slug":"ukran-valsag-koval-a-hadsereg-ellenorzi-a-teljes-ukran-orosz-hatart","status":"publish","type":"post","link":"https:\/\/gazdasagportal.hu\/index.php\/ukran-valsag-koval-a-hadsereg-ellenorzi-a-teljes-ukran-orosz-hatart\/","title":{"rendered":"Ukr\u00e1n v\u00e1ls\u00e1g &#8211; Koval: a hadsereg ellen\u0151rzi a teljes ukr\u00e1n-orosz hat\u00e1rt"},"content":{"rendered":"<p><strong>Az ukr\u00e1n hadsereg helyre\u00e1ll\u00edtotta a teljes ellen\u0151rz\u00e9st az ukr\u00e1n-orosz hat\u00e1ron, \u00e9s k\u00e9pes megakad\u00e1lyozni katonai felszerel\u00e9sek \u00e1tjuttat\u00e1s\u00e1t az oroszbar\u00e1t szakad\u00e1rok t\u00e1mogat\u00e1s\u00e1ra &#8211; jelentette be p\u00e9nteken Mihajlo Koval \u00fcgyviv\u0151 ukr\u00e1n v\u00e9delmi miniszter.<\/strong><!--more--><br \/>\n<div class=\"ads-in-post1\"><div id=\"gazdasagportal.hu_fullbanner_wideboard\"><\/div>\r\n<\/div>\n<p>    &#8222;Er\u0151ink teljesen befejezt\u00e9k a k\u00e9rd\u00e9ses \u00f6vezet k\u00f6r\u00fclz\u00e1r\u00e1s\u00e1t, \u00e9s helyre\u00e1ll\u00edtott\u00e1k Ukrajna \u00e1llamhat\u00e1r\u00e1t&#8221; &#8211; mondta Koval a kijevi parlamentben az UNIAN ukr\u00e1n h\u00edr\u00fcgyn\u00f6ks\u00e9g jelent\u00e9se szerint.<br \/>\n    A miniszter hozz\u00e1tette: az ukr\u00e1n hadsereg m\u00e1r a m\u00falt h\u00e9ten megsz\u00fcntette annak lehet\u0151s\u00e9g\u00e9t, hogy Oroszorsz\u00e1g fel\u0151l a hat\u00e1ron \u00e1t katonai felszerel\u00e9s jusson be Ukrajn\u00e1ba.(MTI)<\/p>\n","protected":false},"excerpt":{"rendered":"<p>Az ukr\u00e1n hadsereg helyre\u00e1ll\u00edtotta a teljes ellen\u0151rz\u00e9st az ukr\u00e1n-orosz hat\u00e1ron, \u00e9s k\u00e9pes megakad\u00e1lyozni katonai felszerel\u00e9sek \u00e1tjuttat\u00e1s\u00e1t az oroszbar\u00e1t szakad\u00e1rok t\u00e1mogat\u00e1s\u00e1ra &#8211; jelentette be p\u00e9nteken Mihajlo Koval \u00fcgyviv\u0151 ukr\u00e1n v\u00e9delmi miniszter.<\/p>\n","protected":false},"author":1,"featured_media":0,"comment_status":"open","ping_status":"closed","sticky":false,"template":"","format":"standard","meta":[],"categories":[139],"tags":[],"_links":{"self":[{"href":"https:\/\/gazdasagportal.hu\/index.php\/wp-json\/wp\/v2\/posts\/37585"}],"collection":[{"href":"https:\/\/gazdasagportal.hu\/index.php\/wp-json\/wp\/v2\/posts"}],"about":[{"href":"https:\/\/gazdasagportal.hu\/index.php\/wp-json\/wp\/v2\/types\/post"}],"author":[{"embeddable":true,"href":"https:\/\/gazdasagportal.hu\/index.php\/wp-json\/wp\/v2\/users\/1"}],"replies":[{"embeddable":true,"href":"https:\/\/gazdasagportal.hu\/index.php\/wp-json\/wp\/v2\/comments?post=37585"}],"version-history":[{"count":1,"href":"https:\/\/gazdasagportal.hu\/index.php\/wp-json\/wp\/v2\/posts\/37585\/revisions"}],"predecessor-version":[{"id":37586,"href":"https:\/\/gazdasagportal.hu\/index.php\/wp-json\/wp\/v2\/posts\/37585\/revisions\/37586"}],"wp:attachment":[{"href":"https:\/\/gazdasagportal.hu\/index.php\/wp-json\/wp\/v2\/media?parent=37585"}],"wp:term":[{"taxonomy":"category","embeddable":true,"href":"https:\/\/gazdasagportal.hu\/index.php\/wp-json\/wp\/v2\/categories?post=37585"},{"taxonomy":"post_tag","embeddable":true,"href":"https:\/\/gazdasagportal.hu\/index.php\/wp-json\/wp\/v2\/tags?post=37585"}],"curies":[{"name":"wp","href":"https:\/\/api.w.org\/{rel}","templated":true}]}}