{"id":37579,"date":"2014-06-20T10:44:29","date_gmt":"2014-06-20T08:44:29","guid":{"rendered":"http:\/\/stockportal.hu\/?p=37579"},"modified":"2014-06-20T10:44:29","modified_gmt":"2014-06-20T08:44:29","slug":"sulyos-veszteseget-szenvedtek-az-ukran-deszantosok-krasznij-limannal","status":"publish","type":"post","link":"https:\/\/gazdasagportal.hu\/index.php\/sulyos-veszteseget-szenvedtek-az-ukran-deszantosok-krasznij-limannal\/","title":{"rendered":"S\u00falyos vesztes\u00e9get szenvedtek az ukr\u00e1n deszantosok Krasznij Limann\u00e1l"},"content":{"rendered":"<p><strong>A Donyeck megyei Krasznij Liman mellett oroszbar\u00e1t szakad\u00e1r fegyveresekkel foly\u00f3 heves harcokban 12 ukr\u00e1n katona esett el, tov\u00e1bbi 25 pedig megsebes\u00fclt &#8211; jelentette az Unian ukr\u00e1n h\u00edr\u00fcgyn\u00f6ks\u00e9g p\u00e9ntek d\u00e9lel\u0151tt.<\/strong><!--more--><br \/>\n<div class=\"ads-in-post1\"><div id=\"gazdasagportal.hu_fullbanner_wideboard\"><\/div>\r\n<\/div>\n<p>    A h\u00edr\u00fcgyn\u00f6ks\u00e9g a Dnyipropetrovszki ter\u00fclet nemzetv\u00e9delmi t\u00f6rzskar\u00e1nak k\u00f6zl\u00e9s\u00e9re hivatkozva azt \u00edrta, hogy a vesztes\u00e9get az ukr\u00e1n l\u00e9gier\u0151 dnyipropetrovszki l\u00e9gideszant dand\u00e1rja szenvedte el.<br \/>\n    A dand\u00e1r, amely r\u00e9szt vesz a Donyeck megy\u00e9ben zajl\u00f3 &#8211; a kijevi korm\u00e1ny \u00e1ltal terrorellenesnek vezett &#8211; ukr\u00e1n hadm\u0171veletben, Facebook-oldal\u00e1ra tette fel a vesztes\u00e9gjelent\u00e9st, hozz\u00e1t\u00e9ve, hogy a sebes\u00fclteket pr\u00f3b\u00e1lj\u00e1k eljuttatni a k\u00f6zeli k\u00f3rh\u00e1zakba.<br \/>\n    K\u00f6zl\u00e9s\u00fck szerint &#8222;\u00f6nk\u00e9nteseket is bevontak annak \u00e9rdek\u00e9ben, hogy els\u0151seg\u00e9lyt ny\u00fajthassanak azoknak, akik h\u0151siesen v\u00e9delmezik Ukrajna ter\u00fclet\u00e9t az orosz agresszorokkal szemben&#8221;.(MTI)<\/p>\n","protected":false},"excerpt":{"rendered":"<p>A Donyeck megyei Krasznij Liman mellett oroszbar\u00e1t szakad\u00e1r fegyveresekkel foly\u00f3 heves harcokban 12 ukr\u00e1n katona esett el, tov\u00e1bbi 25 pedig megsebes\u00fclt &#8211; jelentette az Unian ukr\u00e1n h\u00edr\u00fcgyn\u00f6ks\u00e9g p\u00e9ntek d\u00e9lel\u0151tt.<\/p>\n","protected":false},"author":1,"featured_media":0,"comment_status":"open","ping_status":"closed","sticky":false,"template":"","format":"standard","meta":[],"categories":[139],"tags":[],"_links":{"self":[{"href":"https:\/\/gazdasagportal.hu\/index.php\/wp-json\/wp\/v2\/posts\/37579"}],"collection":[{"href":"https:\/\/gazdasagportal.hu\/index.php\/wp-json\/wp\/v2\/posts"}],"about":[{"href":"https:\/\/gazdasagportal.hu\/index.php\/wp-json\/wp\/v2\/types\/post"}],"author":[{"embeddable":true,"href":"https:\/\/gazdasagportal.hu\/index.php\/wp-json\/wp\/v2\/users\/1"}],"replies":[{"embeddable":true,"href":"https:\/\/gazdasagportal.hu\/index.php\/wp-json\/wp\/v2\/comments?post=37579"}],"version-history":[{"count":1,"href":"https:\/\/gazdasagportal.hu\/index.php\/wp-json\/wp\/v2\/posts\/37579\/revisions"}],"predecessor-version":[{"id":37580,"href":"https:\/\/gazdasagportal.hu\/index.php\/wp-json\/wp\/v2\/posts\/37579\/revisions\/37580"}],"wp:attachment":[{"href":"https:\/\/gazdasagportal.hu\/index.php\/wp-json\/wp\/v2\/media?parent=37579"}],"wp:term":[{"taxonomy":"category","embeddable":true,"href":"https:\/\/gazdasagportal.hu\/index.php\/wp-json\/wp\/v2\/categories?post=37579"},{"taxonomy":"post_tag","embeddable":true,"href":"https:\/\/gazdasagportal.hu\/index.php\/wp-json\/wp\/v2\/tags?post=37579"}],"curies":[{"name":"wp","href":"https:\/\/api.w.org\/{rel}","templated":true}]}}