{"id":37561,"date":"2014-06-20T09:23:05","date_gmt":"2014-06-20T07:23:05","guid":{"rendered":"http:\/\/stockportal.hu\/?p=37561"},"modified":"2014-06-20T09:23:05","modified_gmt":"2014-06-20T07:23:05","slug":"imf-megindult-a-fellendules-az-euroovezetben-de-erositeni-kell","status":"publish","type":"post","link":"https:\/\/gazdasagportal.hu\/index.php\/imf-megindult-a-fellendules-az-euroovezetben-de-erositeni-kell\/","title":{"rendered":"IMF: megindult a fellend\u00fcl\u00e9s az eur\u00f3\u00f6vezetben, de er\u0151s\u00edteni kell"},"content":{"rendered":"<p><strong>Az eur\u00f3\u00f6vezetben m\u00e1r kezdenek megszil\u00e1rdulni a fellend\u00fcl\u00e9s alapjai, meger\u0151s\u00edt\u00e9s\u00e9hez azonban tov\u00e1bbi int\u00e9zked\u00e9sekre van sz\u00fcks\u00e9g, \u00e9s erre a kedvez\u0151 piaci k\u00f6rnyezet meg is adja a lehet\u0151s\u00e9get &#8211; \u00e1llap\u00edtja meg a Nemzetk\u00f6zi Valutaalap (IMF) a szervezet alapszerz\u0151d\u00e9s\u00e9nek n\u00e9gyes cikkelye alapj\u00e1n az eur\u00f3\u00f6vezeti orsz\u00e1gokkal folytatott egyeztet\u00e9sekr\u0151l k\u00e9sz\u00fclt \u00f6sszefoglal\u00f3 jelent\u00e9se. A dokumentumot Christine Lagarde vez\u00e9rigazgat\u00f3 mutatta be cs\u00fct\u00f6rt\u00f6k\u00f6n, az Ecofin tan\u00e1cskoz\u00e1s\u00e1nak el\u0151est\u00e9j\u00e9n.<!--more--><\/strong><br \/>\n<div class=\"ads-in-post1\"><div id=\"gazdasagportal.hu_fullbanner_wideboard\"><\/div>\r\n<\/div>\n<p>A dokumentum r\u00e1mutat, hogy fellend\u00fcl\u00e9s alapjai kezdenek megszil\u00e1rdulni az eur\u00f3\u00f6vezetben, miut\u00e1n a gazdas\u00e1gi aktivit\u00e1s m\u00e1r n\u00e9gy egym\u00e1st k\u00f6vet\u0151 negyed\u00e9vben n\u0151. A n\u00f6veked\u00e9si lend\u00fclethez a nett\u00f3 export mellett a bels\u0151 kereslet \u00e9l\u00e9nk\u00fcl\u00e9se is hozz\u00e1j\u00e1rul. A p\u00e9nzpiaci hangulat els\u0151sorban az EKB int\u00e9zked\u00e9seinek k\u00f6sz\u00f6nhet\u0151en jelent\u0151s m\u00e9rt\u00e9kben javult. Sz\u00e1mos orsz\u00e1gban t\u00f6rt\u00e9nelmi m\u00e9lypontra cs\u00f6kkentek a v\u00e1llalati \u00e9s a szuver\u00e9n k\u00f6tv\u00e9nyhozamok, a lecs\u00f6kkent finansz\u00edroz\u00e1si k\u00f6lts\u00e9gek t\u00f6bb bank sz\u00e1m\u00e1ra megteremtett\u00e9k a t\u0151keemel\u00e9s lehet\u0151s\u00e9g\u00e9t.<br \/>\nA hat\u00e1rozott monet\u00e1ris \u00e9s fisk\u00e1lis int\u00e9zked\u00e9sek meger\u0151s\u00edtett\u00e9k a befektet\u0151i bizalmat, \u00e9s megvetett\u00e9k a fellend\u00fcl\u00e9s alapjait. A tagorsz\u00e1gok jelent\u0151s eredm\u00e9nyeket \u00e9rtek el a p\u00e9nz\u00fcgyi rendszer \u00e9s a k\u00f6lts\u00e9gvet\u00e9s rendbet\u00e9tel\u00e9ben, illetve a versenyk\u00e9pess\u00e9g jav\u00edt\u00e1s\u00e1hoz sz\u00fcks\u00e9ges struktur\u00e1lis reformok bevezet\u00e9s\u00e9ben. Az eur\u00f3\u00f6vezetben \u00e9rz\u00e9kelhet\u0151en meger\u0151s\u00f6d\u00f6tt d\u00f6nt\u00e9shoz\u00f3k elk\u00f6telezetts\u00e9ge a p\u00e9nz\u00fcgyi uni\u00f3 l\u00e9trehoz\u00e1sa ir\u00e1nt.<br \/>\nA n\u00f6veked\u00e9si lend\u00fclet azonban m\u00e9g viszonylag gyenge &#8211; h\u00edvj\u00e1k fel a figyelmet a dokumentum k\u00e9sz\u00edt\u0151i -, a gazdas\u00e1gi \u00e9s a befektet\u0151i aktivit\u00e1s nem \u00e9rte el a kr\u00edzis el\u0151tti szintet. K\u00fcl\u00f6n\u00f6sen a priv\u00e1t befektet\u00e9sek ter\u00fclet\u00e9n marad el a javul\u00e1s m\u00e9rt\u00e9ke a kor\u00e1bbi v\u00e1ls\u00e1gok ut\u00e1n tapasztalt m\u00e9rt\u00e9kt\u0151l.<br \/>\nAz infl\u00e1ci\u00f3 tov\u00e1bbra is aggaszt\u00f3an alacsony, a munkan\u00e9lk\u00fclis\u00e9g pedig &#8211; k\u00fcl\u00f6n\u00f6sen a fiatal koroszt\u00e1lyokn\u00e1l- elfogadhatatlanul magas.<br \/>\nAz IMF szerint a jelenleg kedvez\u0151 glob\u00e1lis piaci k\u00f6rnyezet lehet\u0151v\u00e9 teszi a n\u00f6veked\u00e9s meger\u0151s\u00edt\u00e9s\u00e9hez, a munkan\u00e9lk\u00fclis\u00e9g \u00e9s az elad\u00f3sodotts\u00e1g cs\u00f6kkent\u00e9s\u00e9hez sz\u00fcks\u00e9ges reformok bevezet\u00e9s\u00e9t. A tov\u00e1bbi sz\u00fcks\u00e9ges int\u00e9zked\u00e9seket h\u00e1rom pontban foglalt\u00e1k \u00f6ssze: 1. t\u00e1mogatni kell a kereslet n\u00f6veked\u00e9s\u00e9t, 2. folytatni kell a bankok m\u00e9rleg\u00e9nek a szan\u00e1l\u00e1s\u00e1t \u00e9s a bankuni\u00f3 l\u00e9trehoz\u00e1s\u00e1ra tett er\u0151fesz\u00edt\u00e9s\u00e9ket, 3. be kell fejezni a struktur\u00e1lis reformokat.<br \/>\nAz IMF megel\u00e9ged\u00e9ssel nyugt\u00e1zta \u00f6sszefoglal\u00f3 jelent\u00e9s\u00e9ben, hogy legut\u00f3bbi int\u00e9zked\u00e9sei alapj\u00e1n az EKB mand\u00e1tuma \u00e9rtelm\u00e9ben elk\u00f6telezte mag\u00e1t a c\u00e9l alatti infl\u00e1ci\u00f3 elleni k\u00fczdelem mellett, \u00e9s k\u00e9sz tov\u00e1bbi int\u00e9zked\u00e9seket is hozni ennek \u00e9rdek\u00e9ben. Az IMF a nagy volumen\u0171 eszk\u00f6zv\u00e1s\u00e1rl\u00e1sokat javasolja az Eur\u00f3pai K\u00f6zponti Banknak a tart\u00f3san alacsony infl\u00e1ci\u00f3 lek\u00fczd\u00e9s\u00e9re.<br \/>\nA jelent\u00e9s nyomat\u00e9kos\u00edtja, hogy tov\u00e1bbi struktur\u00e1lis reformokra van sz\u00fcks\u00e9g az eur\u00f3\u00f6vezetben a beruh\u00e1z\u00e1sok, a foglalkoztat\u00e1s fellend\u00edt\u00e9se \u00e9s a termel\u00e9kenys\u00e9g jav\u00edt\u00e1sa, valamint a struktur\u00e1lis egyenl\u0151tlens\u00e9gek lek\u00fczd\u00e9se \u00e9rdek\u00e9ben, amihez nemzeti szint\u0171 int\u00e9zked\u00e9seket is kell hozni a munkaer\u0151-piaci nyit\u00e1s, a termel\u0151 \u00e9s szolg\u00e1ltat\u00f3 szektorok k\u00f6z\u00f6tti verseny fokoz\u00e1sa c\u00e9lj\u00e1b\u00f3l.(MTI)<\/p>\n<p><a title=\"Hely megnyit\u00e1sa\" href=\"http:\/\/www.imf.org\/external\/np\/ms\/2014\/061914.htm\" target=\"_blank\" rel=\"noopener\">http:\/\/www.imf.org\/external\/np\/ms\/2014\/061914.htm<\/a><\/p>\n","protected":false},"excerpt":{"rendered":"<p>Az eur\u00f3\u00f6vezetben m\u00e1r kezdenek megszil\u00e1rdulni a fellend\u00fcl\u00e9s alapjai, meger\u0151s\u00edt\u00e9s\u00e9hez azonban tov\u00e1bbi int\u00e9zked\u00e9sekre van sz\u00fcks\u00e9g, \u00e9s erre a kedvez\u0151 piaci k\u00f6rnyezet meg is adja a lehet\u0151s\u00e9get &#8211; \u00e1llap\u00edtja meg a Nemzetk\u00f6zi Valutaalap (IMF) a szervezet alapszerz\u0151d\u00e9s\u00e9nek n\u00e9gyes cikkelye alapj\u00e1n az eur\u00f3\u00f6vezeti orsz\u00e1gokkal folytatott egyeztet\u00e9sekr\u0151l k\u00e9sz\u00fclt \u00f6sszefoglal\u00f3 jelent\u00e9se. A dokumentumot Christine Lagarde vez\u00e9rigazgat\u00f3 mutatta be cs\u00fct\u00f6rt\u00f6k\u00f6n, az &#8230;<\/p>\n","protected":false},"author":1,"featured_media":0,"comment_status":"open","ping_status":"closed","sticky":false,"template":"","format":"standard","meta":[],"categories":[12],"tags":[],"_links":{"self":[{"href":"https:\/\/gazdasagportal.hu\/index.php\/wp-json\/wp\/v2\/posts\/37561"}],"collection":[{"href":"https:\/\/gazdasagportal.hu\/index.php\/wp-json\/wp\/v2\/posts"}],"about":[{"href":"https:\/\/gazdasagportal.hu\/index.php\/wp-json\/wp\/v2\/types\/post"}],"author":[{"embeddable":true,"href":"https:\/\/gazdasagportal.hu\/index.php\/wp-json\/wp\/v2\/users\/1"}],"replies":[{"embeddable":true,"href":"https:\/\/gazdasagportal.hu\/index.php\/wp-json\/wp\/v2\/comments?post=37561"}],"version-history":[{"count":1,"href":"https:\/\/gazdasagportal.hu\/index.php\/wp-json\/wp\/v2\/posts\/37561\/revisions"}],"predecessor-version":[{"id":37562,"href":"https:\/\/gazdasagportal.hu\/index.php\/wp-json\/wp\/v2\/posts\/37561\/revisions\/37562"}],"wp:attachment":[{"href":"https:\/\/gazdasagportal.hu\/index.php\/wp-json\/wp\/v2\/media?parent=37561"}],"wp:term":[{"taxonomy":"category","embeddable":true,"href":"https:\/\/gazdasagportal.hu\/index.php\/wp-json\/wp\/v2\/categories?post=37561"},{"taxonomy":"post_tag","embeddable":true,"href":"https:\/\/gazdasagportal.hu\/index.php\/wp-json\/wp\/v2\/tags?post=37561"}],"curies":[{"name":"wp","href":"https:\/\/api.w.org\/{rel}","templated":true}]}}