{"id":37553,"date":"2014-06-20T08:42:42","date_gmt":"2014-06-20T06:42:42","guid":{"rendered":"http:\/\/stockportal.hu\/?p=37553"},"modified":"2014-06-20T08:42:42","modified_gmt":"2014-06-20T06:42:42","slug":"moszkva-washington-csak-az-ensz-bt-hozzajarulasaval-merhet-legi-csapast-irakban","status":"publish","type":"post","link":"https:\/\/gazdasagportal.hu\/index.php\/moszkva-washington-csak-az-ensz-bt-hozzajarulasaval-merhet-legi-csapast-irakban\/","title":{"rendered":"Moszkva: Washington csak az ENSZ BT hozz\u00e1j\u00e1rul\u00e1s\u00e1val m\u00e9rhet l\u00e9gi csap\u00e1st Irakban"},"content":{"rendered":"<p><strong>Az Egyes\u00fclt \u00c1llamok csak az ENSZ Biztons\u00e1gi Tan\u00e1cs\u00e1nak hozz\u00e1j\u00e1rul\u00e1s\u00e1val m\u00e9rhet l\u00e9gi csap\u00e1sokat Irakban &#8211; figyelmeztetett cs\u00fct\u00f6rt\u00f6k\u00f6n az orosz k\u00fcl\u00fcgyi sz\u00f3viv\u0151.<\/strong><!--more--><br \/>\n<div class=\"ads-in-post1\"><div id=\"gazdasagportal.hu_fullbanner_wideboard\"><\/div>\r\n<\/div>\n<p>    &#8222;M\u00e9g akkor is, ha a neh\u00e9z helyzetben l\u00e9v\u0151 \u00e1llam (Irak) ezzel a k\u00e9r\u00e9ssel fordul egy m\u00e1sik \u00e1llamhoz (az Egyes\u00fclt \u00c1llamokhoz), az er\u0151szakos m\u00f3dszereket csakis az ENSZ Biztons\u00e1gi Tan\u00e1csa enged\u00e9lyezheti&#8221; &#8211; jelentette ki Alekszandr Lukasevics moszkvai t\u00e1j\u00e9koztat\u00f3j\u00e1n. Hozz\u00e1tette, hogy csak ebben az esetben lehet t\u00f6rv\u00e9nyesnek \u00e9s az ENSZ Alapokm\u00e1nya elveivel \u00e9s norm\u00e1ival megegyez\u0151nek tekinteni az esetleges amerikai csap\u00e1sokat.<br \/>\n    Az orosz k\u00fcl\u00fcgyi sz\u00f3viv\u0151 szerint ha Washington nem a vil\u00e1gszervezet j\u00f3v\u00e1hagy\u00e1s\u00e1val avatkozik k\u00f6zbe az iraki konfliktusba, akkor az &#8222;iraki trag\u00e9dia m\u00e1sodik v\u00e1ltozata&#8221; k\u00f6vetkezhet be, amely nemcsak a r\u00e9gi\u00f3ra fejtheti ki hat\u00e1s\u00e1t, hanem ann\u00e1l nagyobb kiterjed\u00e9s\u0171 lehet.<br \/>\n    Az iraki korm\u00e1ny szerd\u00e1n bejelentette, hogy katonai l\u00e9gi t\u00e1mogat\u00e1st k\u00e9r az Egyes\u00fclt \u00c1llamokt\u00f3l az Iraki \u00e9s Levantei Iszl\u00e1m \u00c1llam (ILI\u00c1) nev\u0171 sz\u00e9ls\u0151s\u00e9ges iszlamista szervezet elleni harc\u00e1ban.<br \/>\n    Barack Obama amerikai eln\u00f6k cs\u00fct\u00f6rt\u00f6k\u00f6n bejelentette, hogy egy \u00e1tfog\u00f3 cselekv\u00e9si terv keret\u00e9ben 300 katonai tan\u00e1csad\u00f3t k\u00fcld vissza Irakba.<br \/>\n    Sz\u00edri\u00e1val kapcsolatban az orosz k\u00fcl\u00fcgyminiszt\u00e9rium k\u00e9pvisel\u0151je elmondta, Moszkva beleegyezett abba, hogy az ENSZ BT-ben r\u00e9szt vegyen a k\u00f6zel-keleti orsz\u00e1gnak ny\u00fajtand\u00f3 humanit\u00e1rius seg\u00edts\u00e9ggel kapcsolatos hat\u00e1rozati javaslat kidolgoz\u00e1s\u00e1ban. Az ind\u00edtv\u00e1nyoz\u00f3k: Ausztr\u00e1lia, Jord\u00e1nia \u00e9s Luxemburg. Hozz\u00e1tette, hogy a majdani humanit\u00e1rius akci\u00f3k sor\u00e1n tiszteletben kell tartani Sz\u00edria szuverenit\u00e1s\u00e1t \u00e9s korm\u00e1ny\u00e1nak v\u00e9lem\u00e9ny\u00e9t, \u00e9s tart\u00f3zkodni kell az er\u0151szakos nyom\u00e1sgyakorl\u00e1st\u00f3l.<br \/>\n    M\u00e1jusban Oroszorsz\u00e1g beny\u00fajtotta a Biztons\u00e1gi Tan\u00e1csnak saj\u00e1t elk\u00e9pzel\u00e9s\u00e9t a humanit\u00e1rius seg\u00edts\u00e9gny\u00fajt\u00e1sr\u00f3l, de azt a tag\u00e1llamok nem fogadt\u00e1k el.<br \/>\n    Alekszandr Lukasevics bejelentette, hogy a sz\u00edriai vegyi fegyvereket finnorsz\u00e1gi \u00e9s Egyes\u00fclt \u00c1llamokban l\u00e9v\u0151 v\u00e1llalatokn\u00e1l fogj\u00e1k megsemmis\u00edteni, \u00e9s azt a Vegyifegyver-tilalmi Szervezet szakemberei fogj\u00e1k fel\u00fcgyelni. Azt mondta, hogy j\u00fanius elej\u00e9n elhagyta a F\u00f6ldk\u00f6zi-tenger keleti partjait a vesz\u00e9lyes anyagokat sz\u00e1ll\u00edt\u00f3 norv\u00e9g haj\u00f3. Azt nem nevezte meg, melyik kik\u00f6t\u0151b\u0151l, de hozz\u00e1tette, hogy Sz\u00edri\u00e1ban m\u00e9g mindig ott van a vegyi fegyverek alkot\u00f3elemeinek k\u00f6r\u00fclbel\u00fcl h\u00e9t sz\u00e1zal\u00e9ka, \u00e9s amint a biztons\u00e1gi felt\u00e9telek megengedik, azt is elsz\u00e1ll\u00edtj\u00e1k onnan.<br \/>\n    Az orosz k\u00fcl\u00fcgyi sz\u00f3viv\u0151 k\u00f6zl\u00e9se szerint sz\u00edriai terrorista szervezetek vegyi fegyvert akartak bevetni egy Damaszkusz elleni nagyszab\u00e1s\u00fa t\u00e1mad\u00e1sban. Hozz\u00e1tette, hogy az \u00e9szak-iraki Moszult elfoglal\u00f3 sz\u00e9ls\u0151s\u00e9ges csoportok jelent\u0151s mennyis\u00e9g\u0171 fegyvert \u00e9s technik\u00e1t zs\u00e1km\u00e1nyoltak, k\u00f6z\u00f6tt\u00fck amerikai gy\u00e1rtm\u00e1ny\u00faakat is, \u00e9s azokat r\u00e9szben Sz\u00edri\u00e1ba juttatt\u00e1k el.(MTI)<\/p>\n","protected":false},"excerpt":{"rendered":"<p>Az Egyes\u00fclt \u00c1llamok csak az ENSZ Biztons\u00e1gi Tan\u00e1cs\u00e1nak hozz\u00e1j\u00e1rul\u00e1s\u00e1val m\u00e9rhet l\u00e9gi csap\u00e1sokat Irakban &#8211; figyelmeztetett cs\u00fct\u00f6rt\u00f6k\u00f6n az orosz k\u00fcl\u00fcgyi sz\u00f3viv\u0151.<\/p>\n","protected":false},"author":1,"featured_media":0,"comment_status":"open","ping_status":"closed","sticky":false,"template":"","format":"standard","meta":[],"categories":[16],"tags":[],"_links":{"self":[{"href":"https:\/\/gazdasagportal.hu\/index.php\/wp-json\/wp\/v2\/posts\/37553"}],"collection":[{"href":"https:\/\/gazdasagportal.hu\/index.php\/wp-json\/wp\/v2\/posts"}],"about":[{"href":"https:\/\/gazdasagportal.hu\/index.php\/wp-json\/wp\/v2\/types\/post"}],"author":[{"embeddable":true,"href":"https:\/\/gazdasagportal.hu\/index.php\/wp-json\/wp\/v2\/users\/1"}],"replies":[{"embeddable":true,"href":"https:\/\/gazdasagportal.hu\/index.php\/wp-json\/wp\/v2\/comments?post=37553"}],"version-history":[{"count":1,"href":"https:\/\/gazdasagportal.hu\/index.php\/wp-json\/wp\/v2\/posts\/37553\/revisions"}],"predecessor-version":[{"id":37554,"href":"https:\/\/gazdasagportal.hu\/index.php\/wp-json\/wp\/v2\/posts\/37553\/revisions\/37554"}],"wp:attachment":[{"href":"https:\/\/gazdasagportal.hu\/index.php\/wp-json\/wp\/v2\/media?parent=37553"}],"wp:term":[{"taxonomy":"category","embeddable":true,"href":"https:\/\/gazdasagportal.hu\/index.php\/wp-json\/wp\/v2\/categories?post=37553"},{"taxonomy":"post_tag","embeddable":true,"href":"https:\/\/gazdasagportal.hu\/index.php\/wp-json\/wp\/v2\/tags?post=37553"}],"curies":[{"name":"wp","href":"https:\/\/api.w.org\/{rel}","templated":true}]}}