{"id":37461,"date":"2014-06-19T11:51:26","date_gmt":"2014-06-19T09:51:26","guid":{"rendered":"http:\/\/stockportal.hu\/?p=37461"},"modified":"2014-06-19T11:51:26","modified_gmt":"2014-06-19T09:51:26","slug":"befagyasztja-az-energiaarakat-a-francia-kormany","status":"publish","type":"post","link":"https:\/\/gazdasagportal.hu\/index.php\/befagyasztja-az-energiaarakat-a-francia-kormany\/","title":{"rendered":"Befagyasztja az energia\u00e1rakat a francia korm\u00e1ny"},"content":{"rendered":"<p><strong>S\u00e9golene Royal francia energia\u00fcgyi \u00e9s k\u00f6rnyezetv\u00e9delmi miniszter cs\u00fct\u00f6rt\u00f6k\u00f6n bejelentette, hogy az eredeti tervekkel ellent\u00e9tben m\u00e9gsem emelkedik a lakoss\u00e1gi elektromos \u00e1ram \u00e1ra augusztusban.<\/strong><!--more--><br \/>\n<div class=\"ads-in-post1\"><div id=\"gazdasagportal.hu_fullbanner_wideboard\"><\/div>\r\n<\/div>\n<p>    Kor\u00e1bban \u00f6t sz\u00e1zal\u00e9kos \u00e1remel\u00e9st tervezett az \u00e1llami szolg\u00e1ltat\u00f3, az EDF.<br \/>\n    &#8222;Nem fog emelkedni az elektromos \u00e1ram \u00e1ra, mint ahogy azt tervezt\u00fck augusztus 1-j\u00e9n, \u00f6t sz\u00e1zal\u00e9kkal&#8221; &#8211; mondta a miniszter a BFMTV h\u00edrtelev\u00edzi\u00f3ban.<br \/>\n    A bejelent\u00e9s h\u00edr\u00e9re az EDF-r\u00e9szv\u00e9ny \u00e1rfolyama esni kezdett a p\u00e1rizsi t\u0151zsd\u00e9n.<br \/>\n    Az \u00e1remel\u00e9s befagyaszt\u00e1s\u00e1ra a miniszter szerint az energia\u00e1rak meg\u00e1llap\u00edt\u00e1sa \u00e9rdek\u00e9ben elind\u00edtott reform keret\u00e9ben van lehet\u0151s\u00e9g.<br \/>\n    Franciaorsz\u00e1gban \u00e9vente egyszer, a ny\u00e1r folyam\u00e1n \u00e1llap\u00edtj\u00e1k meg a hat\u00f3s\u00e1gi energia\u00e1rakat.<br \/>\n    A j\u00f6v\u0151 \u00e9vi energia\u00e1rak okt\u00f3ber 1-j\u00e9n v\u00e1lnak ismertt\u00e9.<br \/>\n    &#8222;A f\u00fcggetlen hat\u00f3s\u00e1ggal, az Energiaszab\u00e1lyoz\u00f3 Bizotts\u00e1ggal (CRE) \u00fagy fogom kisz\u00e1molni az \u00e1rakat, azon reform alapj\u00e1n, amelyet \u00e9n vezettem be, hogy lehet, hogy emel\u00e9s, de az is lehet, hogy \u00e1rcs\u00f6kkent\u00e9s lesz (j\u00f6v\u0151re)&#8221; &#8211; tette hozz\u00e1 Royal.<br \/>\n    A korm\u00e1ny \u00f6t sz\u00e1zal\u00e9kos emel\u00e9st jelentette be 2013 nyar\u00e1n, \u00e9s 2014 nyar\u00e1ra is \u00f6t sz\u00e1zal\u00e9kos emel\u00e9st tervezett az \u00e1llami szolg\u00e1ltat\u00f3, az EDF termel\u00e9si k\u00f6lts\u00e9geinek fedez\u00e9s\u00e9re.<br \/>\n    A miniszter \u00e1prilisban \u00edg\u00e9retet tett arra, hogy az \u00e1llamtan\u00e1cs d\u00f6nt\u00e9se ellen\u00e9re nem fog augusztus el\u0151tt visszamen\u0151leges hat\u00e1llyal emelkedni a lakoss\u00e1gi elektromos \u00e1ram \u00e1ra.<br \/>\n    A k\u00e9rd\u00e9s akkor az\u00e9rt v\u00e1lt aktu\u00e1liss\u00e1, mert a francia \u00e1llamtan\u00e1cs hat\u00e1lyon k\u00edv\u00fcl helyezte azt a k\u00e9t \u00e9vvel ezel\u0151tti korm\u00e1nyrendeletet, amely k\u00e9t sz\u00e1zal\u00e9kra korl\u00e1tozta a lakoss\u00e1gi elektromos \u00e1ram \u00e1r\u00e1nak emel\u00e9s\u00e9t, annak ellen\u00e9re, hogy az energiaszab\u00e1lyoz\u00f3 bizotts\u00e1g (CRE) akkor 5,7 sz\u00e1zal\u00e9kos emel\u00e9st javasolt. A d\u00f6nt\u00e9st az\u00e9rt tartotta sz\u00fcks\u00e9gesnek az \u00e1llamtan\u00e1cs, mert az \u00e1llam 2012-ben vesztes\u00e9gesen adta el az \u00e1ramot a lakoss\u00e1gnak. Az \u00e1llamtan\u00e1cs akkor arra k\u00f6telezte a korm\u00e1nyt, hogy visszamen\u0151leges hat\u00e1llyal emelje meg a h\u00e1ztart\u00e1sok rezsij\u00e9t, de ez v\u00e9g\u00fcl nem t\u00f6rt\u00e9nt meg.<br \/>\n    A franci\u00e1k 92 sz\u00e1zal\u00e9ka tov\u00e1bbra is az \u00e1llami szolg\u00e1ltat\u00f3t\u00f3l v\u00e1s\u00e1rolja az elektromos \u00e1ramot, amelynek tarif\u00e1it a korm\u00e1ny szab\u00e1lyozza, de az \u00f6t sz\u00e1zal\u00e9kos emel\u00e9s h\u00edr\u00e9re az els\u0151 negyed\u00e9vben sokan szolg\u00e1ltat\u00f3t v\u00e1ltottak. Az energiapiacot ugyanis kor\u00e1bban m\u00e1r megnyitott\u00e1k a konkurens szolg\u00e1ltat\u00f3k el\u0151tt.(MTI)<\/p>\n","protected":false},"excerpt":{"rendered":"<p>S\u00e9golene Royal francia energia\u00fcgyi \u00e9s k\u00f6rnyezetv\u00e9delmi miniszter cs\u00fct\u00f6rt\u00f6k\u00f6n bejelentette, hogy az eredeti tervekkel ellent\u00e9tben m\u00e9gsem emelkedik a lakoss\u00e1gi elektromos \u00e1ram \u00e1ra augusztusban.<\/p>\n","protected":false},"author":1,"featured_media":0,"comment_status":"open","ping_status":"closed","sticky":false,"template":"","format":"standard","meta":[],"categories":[19],"tags":[],"_links":{"self":[{"href":"https:\/\/gazdasagportal.hu\/index.php\/wp-json\/wp\/v2\/posts\/37461"}],"collection":[{"href":"https:\/\/gazdasagportal.hu\/index.php\/wp-json\/wp\/v2\/posts"}],"about":[{"href":"https:\/\/gazdasagportal.hu\/index.php\/wp-json\/wp\/v2\/types\/post"}],"author":[{"embeddable":true,"href":"https:\/\/gazdasagportal.hu\/index.php\/wp-json\/wp\/v2\/users\/1"}],"replies":[{"embeddable":true,"href":"https:\/\/gazdasagportal.hu\/index.php\/wp-json\/wp\/v2\/comments?post=37461"}],"version-history":[{"count":1,"href":"https:\/\/gazdasagportal.hu\/index.php\/wp-json\/wp\/v2\/posts\/37461\/revisions"}],"predecessor-version":[{"id":37462,"href":"https:\/\/gazdasagportal.hu\/index.php\/wp-json\/wp\/v2\/posts\/37461\/revisions\/37462"}],"wp:attachment":[{"href":"https:\/\/gazdasagportal.hu\/index.php\/wp-json\/wp\/v2\/media?parent=37461"}],"wp:term":[{"taxonomy":"category","embeddable":true,"href":"https:\/\/gazdasagportal.hu\/index.php\/wp-json\/wp\/v2\/categories?post=37461"},{"taxonomy":"post_tag","embeddable":true,"href":"https:\/\/gazdasagportal.hu\/index.php\/wp-json\/wp\/v2\/tags?post=37461"}],"curies":[{"name":"wp","href":"https:\/\/api.w.org\/{rel}","templated":true}]}}