{"id":37457,"date":"2014-06-19T11:49:09","date_gmt":"2014-06-19T09:49:09","guid":{"rendered":"http:\/\/stockportal.hu\/?p=37457"},"modified":"2014-06-19T11:49:09","modified_gmt":"2014-06-19T09:49:09","slug":"egyre-nagyobb-veszellyel-jarnak-a-novekvo-arvizszintek","status":"publish","type":"post","link":"https:\/\/gazdasagportal.hu\/index.php\/egyre-nagyobb-veszellyel-jarnak-a-novekvo-arvizszintek\/","title":{"rendered":"Egyre nagyobb vesz\u00e9llyel j\u00e1rnak a n\u00f6vekv\u0151 \u00e1rv\u00edzszintek"},"content":{"rendered":"<p><strong>Egyre nagyobb vesz\u00e9llyel j\u00e1rnak a n\u00f6vekv\u0151 \u00e1rv\u00edzszintek. Ahhoz, hogy ne romoljon az \u00e1rv\u00edzi biztons\u00e1g, \u00f6sszehangolt felk\u00e9sz\u00fcl\u00e9sre van sz\u00fcks\u00e9g \u2013 jelentette ki G\u00f6ncz Benedek, az Orsz\u00e1gos V\u00edz\u00fcgyi F\u0151igazgat\u00f3s\u00e1g (OVF) f\u0151oszt\u00e1lyvezet\u0151je cs\u00fct\u00f6rt\u00f6k\u00f6n Szegeden.<\/strong><!--more--><br \/>\n<div class=\"ads-in-post1\"><div id=\"gazdasagportal.hu_fullbanner_wideboard\"><\/div>\r\n<\/div>\n<p>    Az elm\u00falt \u00e9vek tapasztalatai alapj\u00e1n hasonl\u00f3 v\u00edzhozamok mellett is egyre magasabb v\u00edzszintek mellett tet\u0151znek \u00e1rvizek idej\u00e9n a foly\u00f3k \u2013 mondta a szakember az OVF \u00e9s a V\u00edz\u00fcgyi Tudom\u00e1nyos Tan\u00e1cs k\u00f6z\u00f6s konferenci\u00e1ja el\u0151tt tartott sajt\u00f3t\u00e1j\u00e9koztat\u00f3n.<br \/>\n    Ennek oka, hogy a k\u00e9t t\u00f6lt\u00e9s k\u00f6z\u00f6tti nagyv\u00edzi medrek lefoly\u00e1si viszonyai egyre rosszabbak. A tavalyi, minden id\u0151k legnagyobb dunai \u00e1rvize ut\u00e1n a korm\u00e1ny d\u00f6nt\u00f6tt arr\u00f3l, hogy a roml\u00f3 tendencia megford\u00edt\u00e1sa \u00e9rdek\u00e9ben 67 hazai foly\u00f3szakaszon nagyv\u00edzi mederkezel\u00e9si terv k\u00e9sz\u00fcl \u2013 tudatta a f\u0151oszt\u00e1lyvezet\u0151.<br \/>\n    Ezzel p\u00e1rhuzamosan, az uni\u00f3s \u00e1rv\u00edzi ir\u00e1nyelvnek megfelel\u0151en elk\u00e9sz\u00fcl az orsz\u00e1g \u00e1rv\u00edzi vesz\u00e9ly- \u00e9s kock\u00e1zati t\u00e9rk\u00e9pe, amely meghat\u00e1rozza a 2014-2020-as id\u0151szak \u00e1rv\u00edzv\u00e9delmi beruh\u00e1z\u00e1sainak ir\u00e1nyait \u00e9s \u00fctemez\u00e9s\u00e9t \u2013 mondta a szakember.<br \/>\n    Koz\u00e1k P\u00e9ter, az Als\u00f3-Tisza-vid\u00e9ki V\u00edz\u00fcgyi Igazgat\u00f3s\u00e1g vezet\u0151je elmondta, a Tisza als\u00f3 szakasza az orsz\u00e1g egyik legink\u00e1bb vesz\u00e9lyeztetett ter\u00fclete, ennek ellen\u00e9re 135 esztendeje nem volt g\u00e1tszakad\u00e1ssal j\u00e1r\u00f3 probl\u00e9ma.<br \/>\n    A \u00e1rv\u00edzv\u00e9delmi felk\u00e9sz\u00fcl\u00e9s sor\u00e1n kiemelt jelent\u0151s\u00e9ge van a nemzetk\u00f6zi egy\u00fcttm\u0171k\u00f6d\u00e9snek, mivel Szeged t\u00e9rs\u00e9g\u00e9ben nem csup\u00e1n a fels\u0151 foly\u00f3szakaszr\u00f3l \u00e9rkez\u0151 \u00e1rhull\u00e1mok, hanem az als\u00f3 szakasz jelens\u00e9gei, illetve a Duna visszaduzzaszt\u00f3 hat\u00e1sa is okozhat \u00e1rvizet \u2013 k\u00f6z\u00f6lte az igazgat\u00f3.(MTI)<\/p>\n","protected":false},"excerpt":{"rendered":"<p>Egyre nagyobb vesz\u00e9llyel j\u00e1rnak a n\u00f6vekv\u0151 \u00e1rv\u00edzszintek. Ahhoz, hogy ne romoljon az \u00e1rv\u00edzi biztons\u00e1g, \u00f6sszehangolt felk\u00e9sz\u00fcl\u00e9sre van sz\u00fcks\u00e9g \u2013 jelentette ki G\u00f6ncz Benedek, az Orsz\u00e1gos V\u00edz\u00fcgyi F\u0151igazgat\u00f3s\u00e1g (OVF) f\u0151oszt\u00e1lyvezet\u0151je cs\u00fct\u00f6rt\u00f6k\u00f6n Szegeden.<\/p>\n","protected":false},"author":1,"featured_media":0,"comment_status":"open","ping_status":"closed","sticky":false,"template":"","format":"standard","meta":[],"categories":[19],"tags":[],"_links":{"self":[{"href":"https:\/\/gazdasagportal.hu\/index.php\/wp-json\/wp\/v2\/posts\/37457"}],"collection":[{"href":"https:\/\/gazdasagportal.hu\/index.php\/wp-json\/wp\/v2\/posts"}],"about":[{"href":"https:\/\/gazdasagportal.hu\/index.php\/wp-json\/wp\/v2\/types\/post"}],"author":[{"embeddable":true,"href":"https:\/\/gazdasagportal.hu\/index.php\/wp-json\/wp\/v2\/users\/1"}],"replies":[{"embeddable":true,"href":"https:\/\/gazdasagportal.hu\/index.php\/wp-json\/wp\/v2\/comments?post=37457"}],"version-history":[{"count":1,"href":"https:\/\/gazdasagportal.hu\/index.php\/wp-json\/wp\/v2\/posts\/37457\/revisions"}],"predecessor-version":[{"id":37458,"href":"https:\/\/gazdasagportal.hu\/index.php\/wp-json\/wp\/v2\/posts\/37457\/revisions\/37458"}],"wp:attachment":[{"href":"https:\/\/gazdasagportal.hu\/index.php\/wp-json\/wp\/v2\/media?parent=37457"}],"wp:term":[{"taxonomy":"category","embeddable":true,"href":"https:\/\/gazdasagportal.hu\/index.php\/wp-json\/wp\/v2\/categories?post=37457"},{"taxonomy":"post_tag","embeddable":true,"href":"https:\/\/gazdasagportal.hu\/index.php\/wp-json\/wp\/v2\/tags?post=37457"}],"curies":[{"name":"wp","href":"https:\/\/api.w.org\/{rel}","templated":true}]}}