{"id":37445,"date":"2014-06-19T11:07:36","date_gmt":"2014-06-19T09:07:36","guid":{"rendered":"http:\/\/stockportal.hu\/?p=37445"},"modified":"2014-06-19T11:07:36","modified_gmt":"2014-06-19T09:07:36","slug":"forex-tozsde-deviza-arany-olaj-technikai-es-fundamentalis-elemzese-2014-06-19","status":"publish","type":"post","link":"https:\/\/gazdasagportal.hu\/index.php\/forex-tozsde-deviza-arany-olaj-technikai-es-fundamentalis-elemzese-2014-06-19\/","title":{"rendered":"Forex, t\u0151zsde, deviza, arany, olaj technikai \u00e9s fundament\u00e1lis elemz\u00e9se  &#8211; 2014.06.19"},"content":{"rendered":"<p><strong>Az FOMC valamelyest optimist\u00e1bb Az FOMC \u00e9rtekezletet k\u00f6vet\u0151 nyilatkozat valamelyest optimist\u00e1bb volt az USA gazdas\u00e1g\u00e1nak k\u00f6zelj\u00f6v\u0151re vonatkoz\u00f3 kil\u00e1t\u00e1sait illet\u0151en, de ez m\u00e1r a harmadik egym\u00e1st k\u00f6vet\u0151 \u00e9rtekezlet, amikor a v\u00e1ltoz\u00e1s csak csek\u00e9ly m\u00e9rt\u00e9k\u0171 volt. A Bizotts\u00e1g \u00e1ltal\u00e1noss\u00e1gban elmondta, hogy a n\u00f6veked\u00e9s visszat\u00e9r\u0151ben van, a munkaer\u0151-piac javul, a h\u00e1ztart\u00e1sok kiad\u00e1sa m\u00e9rs\u00e9kelten emelkedik, az \u00fczleti befektet\u00e9sek pedig fellend\u00fcl\u0151ben vannak (ellent\u00e9tben az \u00e1prilisi cs\u00f6kken\u00e9ssel). <\/strong><!--more--><br \/>\n<div class=\"ads-in-post1\"><div id=\"gazdasagportal.hu_fullbanner_wideboard\"><\/div>\r\n<\/div>\n<p><strong><a title=\"IronFX\" href=\"https:\/\/www.ironfx.com\/hu\/forex-demo-competition?utm_source=631980&amp;utm_medium=ib_link&amp;utm_campaign=IB\" target=\"_blank\" rel=\"noopener\"><strong>IronFX<\/strong><\/a>\u00a0napi elemz\u00e9s:<\/strong><\/p>\n<div>\u2022Az FOMC valamelyest optimist\u00e1bb; nem agg\u00f3dik az infl\u00e1ci\u00f3 miatt<\/div>\n<div>\n<ul>\n<li>A nyilatkozatb\u00f3l kider\u00fclt, hogy fokozatos javul\u00e1sra sz\u00e1m\u00edtanak a k\u00f6zelj\u00f6v\u0151ben<\/li>\n<li>A tagok \u00e1prilisi el\u0151rejelz\u00e9seikhez k\u00e9pest most lassabb foglalkoztat\u00e1sbeli javul\u00e1sra \u00e9s lassabb n\u00f6veked\u00e9sre sz\u00e1m\u00edtanak<\/li>\n<li>Yellen csek\u00e9ly m\u00e9rt\u00e9kben agg\u00f3dik az infl\u00e1ci\u00f3 miatt; ellenkez\u0151leg: az FOMC tov\u00e1bbra is arra sz\u00e1m\u00edt, hogy az infl\u00e1ci\u00f3 a c\u00e9lkit\u0171z\u00e9s alatt marad id\u00e9n, valamint a c\u00e9lkit\u0171z\u00e9snek megfelel\u0151 lesz 2015-ben \u00e9s 2016-ban<\/li>\n<li>A kincst\u00e1rjegyek hozamai cs\u00f6kkentek, a r\u00e9szv\u00e9nyek rekordnagys\u00e1g\u00fa szintet \u00e9rtek el, a volatilit\u00e1ssal kapcsolatos el\u0151rejelz\u00e9sek \u00f6sszeomlottak azon v\u00e1rakoz\u00e1sok hat\u00e1s\u00e1ra, hogy az FOMC ragaszkodik \u201eel\u0151remutat\u00f3 \u00fatmutat\u00e1s\u00e1hoz\u201d, ez\u00e9rt az USA-beli re\u00e1l kamatl\u00e1bak cs\u00f6kkenhetnek.<\/li>\n<li>Ez negat\u00edv az amerikai doll\u00e1rra n\u00e9zve; figyelj\u00fck meg az EUR\/USD p\u00e1r \u00e1tmeneti visszapattan\u00e1s\u00e1t. Az alacsonyabb USA-beli kamatl\u00e1bak el\u0151ny\u00f6sek a felt\u00f6rekv\u0151 piacok sz\u00e1m\u00e1ra, mik\u00f6zben az alacsonyabb volatilit\u00e1s a carry trade \u00fcgyleteknek kedvez.<\/li>\n<\/ul>\n<\/div>\n<div>\u2022Ma:<\/div>\n<div>\n<ul>\n<li>Eur\u00f3pa:\u00a0 A Norges Bank \u00e9s a Sv\u00e1jci Nemzeti Bank \u00e9rtekezlete; nem v\u00e1rhat\u00f3 v\u00e1ltoz\u00e1s a politik\u00e1ban<\/li>\n<li>EGYES\u00dcLT KIR\u00c1LYS\u00c1G:\u00a0 A m\u00e1jusi viszontelad\u00f3i \u00e9rt\u00e9kes\u00edt\u00e9s havi szinten v\u00e1rhat\u00f3an cs\u00f6kkent; negat\u00edv lehet az angol fontra n\u00e9zve, miut\u00e1n tegnap nem volt k\u00e9pes az 1,70-es szint felett maradni<\/li>\n<li>USA: A philadelphiai Fed index az el\u0151rejelz\u00e9s szerint cs\u00f6kkent, mik\u00f6zben a heti \u00fajonnan regisztr\u00e1lt munkan\u00e9lk\u00fcliek \u00e1llom\u00e1nya v\u00e1rhat\u00f3an cs\u00f6kken. A piacot val\u00f3sz\u00edn\u0171leg tov\u00e1bbra is az FOMC \u00e9rtekezlet ut\u00f3hat\u00e1sa uralja<\/li>\n<\/ul>\n<p><strong>R\u00e9szletes elemz\u00e9s:<\/strong><\/p>\n<ul>\n<li><b>Az FOMC valamelyest optimist\u00e1bb\u00a0 <\/b>Az FOMC \u00e9rtekezletet k\u00f6vet\u0151 nyilatkozat valamelyest optimist\u00e1bb volt az USA gazdas\u00e1g\u00e1nak k\u00f6zelj\u00f6v\u0151re vonatkoz\u00f3 kil\u00e1t\u00e1sait illet\u0151en, de ez m\u00e1r a harmadik egym\u00e1st k\u00f6vet\u0151 \u00e9rtekezlet, amikor a v\u00e1ltoz\u00e1s csak csek\u00e9ly m\u00e9rt\u00e9k\u0171 volt. A Bizotts\u00e1g \u00e1ltal\u00e1noss\u00e1gban elmondta, hogy a n\u00f6veked\u00e9s visszat\u00e9r\u0151ben van, a munkaer\u0151-piac javul, a h\u00e1ztart\u00e1sok kiad\u00e1sa m\u00e9rs\u00e9kelten emelkedik, az \u00fczleti befektet\u00e9sek pedig fellend\u00fcl\u0151ben vannak (ellent\u00e9tben az \u00e1prilisi cs\u00f6kken\u00e9ssel). Az infl\u00e1ci\u00f3val kapcsolatos megjegyz\u00e9sek v\u00e1ltozatlanok voltak a fogyaszt\u00f3i \u00e1rindex m\u00e1jusban bek\u00f6vetkezett emelked\u00e9se ellen\u00e9re. Volt n\u00e9h\u00e1ny kisebb v\u00e1ltoztat\u00e1s a gazdas\u00e1gi \u00e9s a p\u00e9nz\u00fcgyi el\u0151rejelz\u00e9seken, tov\u00e1bb\u00e1 a munkan\u00e9lk\u00fclis\u00e9ggel \u00e9s a n\u00f6veked\u00e9ssel kapcsolatos v\u00e1rakoz\u00e1sokat is lefel\u00e9 korrig\u00e1lt\u00e1k (a v\u00e1rakoz\u00e1soknak megfelel\u0151en). A \u201ek\u00f6zponti tendencia\u201d tartom\u00e1nyt a munkan\u00e9lk\u00fclis\u00e9gi r\u00e1ta eset\u00e9ben id\u00e9n kiss\u00e9, 6,1%-6,3%-r\u00f3l 6,0%-6,1%-ra cs\u00f6kkentett\u00e9k, mik\u00f6zben a 2015-\u00f6s \u00e9s 2016-os el\u0151rejelz\u00e9seket is valamelyest cs\u00f6kkentett\u00e9k. Az idei \u00e9v GDP-vel kapcsolatos el\u0151rejelz\u00e9seit kor\u00e1bban 2,8%-3,0%-r\u00f3l 2,1%-2,3%-ra cs\u00f6kkentett\u00e9k (a piaci el\u0151rejelz\u00e9s erre az \u00e9vre 2,2%); 2015 \u00e9s 2016 v\u00e1ltozatlan. Az infl\u00e1ci\u00f3s el\u0151rejelz\u00e9sekben nem t\u00f6rt\u00e9nt jelent\u0151s v\u00e1ltoz\u00e1s. A gondosan megfigyelt \u201epontmez\u0151\u201d &#8211; amely a Bizotts\u00e1g tagjainak Fed Alapok r\u00e1t\u00e1j\u00e1val kapcsolatos v\u00e1rakoz\u00e1s\u00e1t jelzi &#8211; enyhe elmozdul\u00e1st mutatott a magasabb kamatl\u00e1bak ir\u00e1ny\u00e1ba. 2014-ben nem voltak v\u00e1ltoz\u00e1sok, de a Fed Alapok 2015-\u00f6s r\u00e1t\u00e1j\u00e1val kapcsolatos medi\u00e1n v\u00e1rakoz\u00e1s 13 b\u00e1zisponttal 113 b\u00e1zispontra emelkedett; a 2016-os medi\u00e1n pedig 25 b\u00e1zisponttal 250 b\u00e1zispontra emelkedett. A Fed Alapokkal kapcsolatos, hosszabb t\u00e1v\u00fa v\u00e1rakoz\u00e1sok azonban cs\u00f6kkentek. Ezen el\u0151rejelz\u00e9sekb\u0151l kider\u00fclt, hogy a Bizotts\u00e1g n\u00e9zete a r\u00f6videbb megszor\u00edt\u00e1si \u00fctemterv fel\u00e9 tend\u00e1l, b\u00e1r a v\u00e9gleges r\u00e1ta v\u00e1rhat\u00f3an alacsonyabb lesz, mint a m\u00faltban, mivel cs\u00f6kkentek a hossz\u00fa t\u00e1v\u00fa n\u00f6veked\u00e9ssel kapcsolatos v\u00e1rakoz\u00e1sok.\n<ul>\n<li>A sajt\u00f3konferencia domin\u00e1lt a piacnak az \u00e9rtekezletre adott reakci\u00f3j\u00e1ban. K\u00fcl\u00f6n\u00f6sen csek\u00e9ly agg\u00e1lynak adtak hangot a magasabb infl\u00e1ci\u00f3s \u00e9rt\u00e9kkel kapcsolatban. Ezzel ellent\u00e9tben az FOMC eln\u00f6ke, Janet Yellen nyilatkozata felt\u00e9telezte, hogy az infl\u00e1ci\u00f3 egyel\u0151re a c\u00e9lkit\u0171z\u00e9s alatt marad, ami k\u00f6vetkezetes a Bizotts\u00e1g \u201ek\u00f6zponti tendencia\u201d el\u0151rejelz\u00e9seivel (amely szerint a mag PCE-infl\u00e1ci\u00f3 tov\u00e1bbra is 2,0% alatt marad id\u00e9n, \u00e9s 2015-ben vagy 2016-ban sem haladja meg azt a szintet). Nem ny\u00fajtott jelent\u0151s betekint\u00e9st abba, hogy mikor kezdik el emelni a kamatl\u00e1bakat, b\u00e1r megjegyezte, hogy esetleg a v\u00e1rtn\u00e1l hamarabb megkezdik a megszor\u00edt\u00e1st, ha a foglalkoztat\u00e1s a v\u00e1rtn\u00e1l gyorsabb \u00fctemben javul. A Fed Alapok futures v\u00e1ltozatlan volt, de a 2 \u00e9ves futamidej\u0171 USA-beli kincst\u00e1rjegyek hozama 4 b\u00e1zisponttal, a 10 \u00e9ves futamidej\u0171ek hozama pedig 7 b\u00e1zisponttal cs\u00f6kkent. Az USD \u00e1ltal\u00e1noss\u00e1gban gyeng\u00fclt; ma d\u00e9lel\u0151tt csak a norv\u00e9g koron\u00e1hoz k\u00e9pest er\u0151s\u00f6d\u00f6tt az \u00e1ltalunk k\u00f6vetett deviz\u00e1k k\u00f6z\u00fcl (ez igaz a fejlett orsz\u00e1gok, \u00e1m k\u00fcl\u00f6n\u00f6sen a felt\u00f6rekv\u0151 piacok deviz\u00e1ira). K\u00fcl\u00f6n\u00f6sen figyelemre m\u00e9lt\u00f3 volt a volatilit\u00e1s \u00f6sszeoml\u00e1sa; a VIX index, amely a volatilit\u00e1ssal kapcsolatos v\u00e1rakoz\u00e1sokat m\u00e9ri USA r\u00e9szv\u00e9nypiac\u00e1n, 12,1-r\u0151l 10,6-ra cs\u00f6kkent. Most a legalacsonyabb szinten van 2007 febru\u00e1rja \u00f3ta. A r\u00e9szv\u00e9nyek ism\u00e9t rekordmagass\u00e1gba emelkedtek.<\/li>\n<li><b>\u00dagy t\u0171nik, hogy a Fed er\u0151sen elk\u00f6telezett a jelenlegi \u00fatvonal ir\u00e1nt, \u00e9s a Bank of Englanddel ellent\u00e9tben egyel\u0151re ragaszkodik \u201eel\u0151remutat\u00f3 \u00fatmutat\u00e1s\u00e1hoz\u201d.<\/b> <b>Ennek \u00e9rtelm\u00e9ben a USA-beli re\u00e1l kamatl\u00e1bak cs\u00f6kkenhetnek, amint a fogyaszt\u00f3i \u00e1rindex emelkedik, mik\u00f6zben a nomin\u00e1lis hozamok val\u00f3j\u00e1ban cs\u00f6kkennek.<\/b> <b>Ez az USA-beli kamatl\u00e1bakban be\u00e1llt fordulat \u00e1tmenetileg \u201esemleges\u00edti\u201d a doll\u00e1r eur\u00f3val szembeni er\u0151s\u00f6d\u00e9s\u00e9t r\u00f6vid t\u00e1von.<\/b> <b>M\u00e1sr\u00e9szt az alacsonyabb USA-beli kamatl\u00e1bak val\u00f3sz\u00edn\u0171leg t\u00e1mogatj\u00e1k a felt\u00f6rekv\u0151 piacokbeli deviz\u00e1kat.<\/b> <b>Azonban a legjelent\u0151sebb hat\u00e1s az alacsonyabb v\u00e1rt volatilit\u00e1sb\u00f3l ered, mivel az alacsony szint\u0171 volatilit\u00e1s t\u00e1mogatja a carry trade \u00fcgyleteket.<\/b>\u00a0 <b><\/b><\/li>\n<\/ul>\n<\/li>\n<li>Cs\u00fct\u00f6rt\u00f6k\u00f6n tov\u00e1bbi k\u00e9t k\u00f6zponti bank tart monet\u00e1ris politikai \u00e9rtekezletet: a Norges Bank \u00e9s a Sv\u00e1jci Nemzeti Bank. A m\u00falt h\u00f3napban a Norges Bank v\u00e1ltozatlanul hagyta jegybanki alapkamatl\u00e1b\u00e1t (+1,50%), mik\u00f6zben Oeystein korm\u00e1nyz\u00f3 elmondta, hogy a kamatl\u00e1bak v\u00e1rhat\u00f3an tov\u00e1bb fognak emelkedni 2015 nyar\u00e1n. Mik\u00f6zben ezen az \u00e9rtekezleten sem v\u00e1rhat\u00f3 a politika m\u00f3dos\u00edt\u00e1sa, k\u00edv\u00e1ncsiak vagyunk arra, hogy a korm\u00e1nyz\u00f3 vajon fenntartja-e n\u00e9zet\u00e9t. Gyakorlatilag nem k\u00e9rd\u00e9ses, hogy a Sv\u00e1jci Nemzeti Bank v\u00e1ltozatlanul hagyja a kamatl\u00e1bakat, az EUR\/CHF als\u00f3 k\u00fcsz\u00f6b\u00e9rt\u00e9k pedig tov\u00e1bbra is 1,20 marad. Mindk\u00e9t k\u00f6zponti bank korm\u00e1nyz\u00f3ja sajt\u00f3konferenci\u00e1t tart a Bank d\u00f6nt\u00e9s\u00e9t k\u00f6vet\u0151en.<\/li>\n<li>A mutat\u00f3sz\u00e1mokat tekintve els\u0151k\u00e9nt az Egyes\u00fclt Kir\u00e1lys\u00e1gban k\u00f6zz\u00e9teszik a m\u00e1jusi viszontelad\u00f3i \u00e9rt\u00e9kes\u00edt\u00e9si adatot. V\u00e1rhat\u00f3an havi szinten 0,6%-kal cs\u00f6kkent, ami fordulatot jelent az el\u0151z\u0151 h\u00f3nap havi szinten +1,8%-os adat\u00e1hoz k\u00e9pest, \u00e9s a r\u00e1t\u00e1t \u00e9ves szinten +7,7%-r\u00f3l +4,8%-ra cs\u00f6kkenti.<\/li>\n<li>Az USA-ban a j\u00faniusi philadelphiai Fed \u00fczleti aktivit\u00e1si index az el\u0151rejelz\u00e9s szerint a m\u00e1jusi 15,4-r\u0151l 14,0-re cs\u00f6kkent. Az \u00fajonnan regisztr\u00e1lt munkan\u00e9lk\u00fcliek \u00e1llom\u00e1nya a j\u00fanius 14-\u00e9n v\u00e9get \u00e9rt h\u00e9tre vonatkoz\u00f3an az el\u0151rejelz\u00e9sek szerint v\u00e1rhat\u00f3an az el\u0151z\u0151 heti 317 ezerr\u0151l 313 ezerre cs\u00f6kkent, ami \u00e1ltal a 4 hetes mozg\u00f3\u00e1tlag 315,25 ezerr\u0151l 312 ezerre cs\u00f6kkent. Ez\u00e1ltal a mozg\u00f3\u00e1tlag a recesszi\u00f3 el\u0151tti minimum szint k\u00f6zel\u00e9ben marad, \u00e9s meger\u0151s\u00edti, hogy a foglalkoztat\u00e1s n\u00f6veked\u00e9se stabilan folytat\u00f3dik.<\/li>\n<li>A k\u00f6zponti bankok korm\u00e1nyz\u00f3i mellett cs\u00fct\u00f6rt\u00f6k\u00f6n k\u00e9t tov\u00e1bbi szem\u00e9ly tart besz\u00e9det. Az eur\u00f3pai nap sor\u00e1n az EKB eln\u00f6khelyettese, Vitor Constancio Ath\u00e9nban sz\u00f3lal fel, a BoE Monet\u00e1ris Politikai Bizotts\u00e1g\u00e1nak tagja, Ian McCafferty pedig Londonban besz\u00e9l.<\/li>\n<\/ul>\n<p><b>\u00a0<\/b><b>\u00a0<\/b><\/p>\n<p><b>Az EUR\/USD p\u00e1r visszat\u00e9r\u0151ben van<\/b><b><\/b><\/p>\n<p style=\"text-align: left;\" align=\"center\"><a href=\"http:\/\/stockportal.hu\/wp-content\/uploads\/2014\/06\/EURUSD_19June2014.png\" target=\"_blank\" rel=\"noopener\"><img decoding=\"async\" loading=\"lazy\" class=\"alignnone size-large wp-image-37446\" alt=\"EURUSD_19June2014\" src=\"http:\/\/stockportal.hu\/wp-content\/uploads\/2014\/06\/EURUSD_19June2014-1024x454.png\" width=\"620\" height=\"274\" \/><\/a><\/p>\n<ul>\n<li>Az<b> EUR\/USD <\/b>p\u00e1r szerd\u00e1n emelkedett, \u00e9s valamelyest az 1,3587-es korl\u00e1t f\u00f6l\u00e9 ker\u00fclt. Mindk\u00e9t momentum mutat\u00f3sz\u00e1munk n\u00f6vekv\u0151 \u00fatvonalat k\u00f6vet, mik\u00f6zben az MACD pozit\u00edv tartom\u00e1nyba l\u00e9pett. Ennek eredm\u00e9nyek\u00e9ppen nem z\u00e1rhat\u00f3 ki az el\u0151remenetel folytat\u00f3d\u00e1sa, tal\u00e1n az 1,3685-\u00f6s (E1) tartom\u00e1ny fel\u00e9, amely egybeesik a m\u00e1jus 8. \u00e9s j\u00fanius 5. k\u00f6z\u00f6tti cs\u00f6kken\u00e9s 38,2%-os visszat\u00e9r\u00e9si szintj\u00e9vel. Kitekintve, pozit\u00edv divergencia azonos\u00edthat\u00f3 a 14 napos RSI \u00e9s az \u00e1rfolyam mozg\u00e1sa k\u00f6z\u00f6tt, ami kedvez a tov\u00e1bbi n\u00f6vekv\u0151 mozg\u00e1snak. A hossz\u00fa t\u00e1v\u00fa \u00e1ltal\u00e1nos k\u00e9p azonban cs\u00f6kken\u0151 marad, \u00e9s egyel\u0151re a tov\u00e1bbi el\u0151remenetelt visszat\u00e9r\u00e9snek tartan\u00e1m.<b><\/b><\/li>\n<li>T\u00e1maszszint: 1,3587 (T1), 1,3500 (T2), 1,3475 (T3).<b><\/b><\/li>\n<li>Ellen\u00e1ll\u00e1sszint: 1,3685 (E1), 1,3745 (E2), 1,3745 (E3).<b><\/b><\/li>\n<\/ul>\n<p><b>\u00a0<\/b><\/p>\n<p><b>Az USD\/JPY p\u00e1r ellen\u00e1ll\u00e1sszintre tal\u00e1lt a 102,30-as szinten<\/b><\/p><div id=\"gazda-1833927864\" class=\"gazda-tartalomban gazda-entity-placement\"><script async src=\"https:\/\/pagead2.googlesyndication.com\/pagead\/js\/adsbygoogle.js\"><\/script>\r\n<ins class=\"adsbygoogle\"\r\n     style=\"display:block\"\r\n     data-ad-format=\"fluid\"\r\n     data-ad-layout-key=\"-6t+ed+2i-1n-4w\"\r\n     data-ad-client=\"ca-pub-1959107119989764\"\r\n     data-ad-slot=\"4008251320\"><\/ins>\r\n<script>\r\n     (adsbygoogle = window.adsbygoogle || []).push({});\r\n<\/script><\/div>\n<p style=\"text-align: left;\" align=\"center\"><a href=\"http:\/\/stockportal.hu\/wp-content\/uploads\/2014\/06\/USDJPY_19June2014.png\" target=\"_blank\" rel=\"noopener\"><img decoding=\"async\" loading=\"lazy\" class=\"alignnone size-large wp-image-37447\" alt=\"USDJPY_19June2014\" src=\"http:\/\/stockportal.hu\/wp-content\/uploads\/2014\/06\/USDJPY_19June2014-1024x454.png\" width=\"620\" height=\"274\" \/><\/a><\/p>\n<ul>\n<li>Az <b>USD\/JPY<\/b> p\u00e1r cs\u00f6kkent, miut\u00e1n el\u00e9rte a 102,30-as (E1) ellen\u00e1ll\u00e1sszintet \u00e9s a k\u00e9k r\u00f6vid t\u00e1v\u00fa cs\u00f6kken\u0151 trendvonalat. Figyelembe v\u00e9ve, hogy az RSI cs\u00f6kken, mik\u00f6zben az MACD z\u00e9rus vonala al\u00e1 ker\u00fclt, \u00e9s \u00fagy t\u0171nik, hogy k\u00e9szen \u00e1ll jelz\u0151 vonal\u00e1n lefel\u00e9 val\u00f3 \u00e1tt\u00e9r\u00e9sre, az \u00e1rfolyam v\u00e1rhat\u00f3an teszteli a 101,65-\u00f6s (T1) t\u00e1maszszintet. Mindazon\u00e1ltal ezen t\u00e1maszszinti tartom\u00e1ny egy\u00e9rtelm\u0171, lefel\u00e9 t\u00f6rt\u00e9n\u0151 \u00e1tt\u00f6r\u00e9se sz\u00fcks\u00e9ges ahhoz, hogy k\u00f6vetkez\u0151 minimum szintre ker\u00fclj\u00f6n \u00e9s a r\u00f6vid t\u00e1v\u00fa cs\u00f6kken\u0151 trend folytat\u00f3djon. Egy ilyen jelleg\u0171 lefel\u00e9 t\u00f6rt\u00e9n\u0151 \u00e1tt\u00f6r\u00e9s el\u0151k\u00e9sz\u00edtheti az utat a 101,10-es (T2) akad\u00e1ly fel\u00e9. A napi grafikonon a hossz\u00fa t\u00e1v\u00fa \u00fatvonalat tov\u00e1bbra is oldalir\u00e1ny\u00fanak tekintem, mivel nem azonos\u00edthat\u00f3 egy\u00e9rtelm\u0171 trend strukt\u00fara. Ezenk\u00edv\u00fcl a napi MACD \u00e9s a 14 napos RSI semleges szintjeik k\u00f6zel\u00e9ben vannak, meger\u0151s\u00edtve a p\u00e1r trenden k\u00edv\u00fcli f\u00e1zis\u00e1t.<\/li>\n<li>T\u00e1maszszint: 101,65 (T1), 101,10 (T2), 100,80 (T3).<\/li>\n<li>Ellen\u00e1ll\u00e1sszint: 102,30 (E1), 102,70 (E2), 103,00 (E3).<b><\/b><\/li>\n<\/ul>\n<p><b>\u00a0<\/b><\/p>\n<p><b>Az EUR\/GBP p\u00e1r visszapattant a 0,7960-as szintr\u0151l<\/b><\/p>\n<p style=\"text-align: left;\" align=\"center\"><a href=\"http:\/\/stockportal.hu\/wp-content\/uploads\/2014\/06\/EURGBP_19June2014.png\" target=\"_blank\" rel=\"noopener\"><img decoding=\"async\" loading=\"lazy\" class=\"alignnone size-large wp-image-37448\" alt=\"EURGBP_19June2014\" src=\"http:\/\/stockportal.hu\/wp-content\/uploads\/2014\/06\/EURGBP_19June2014-1024x453.png\" width=\"620\" height=\"274\" \/><\/a><\/p>\n<ul>\n<li>Az<b> EUR\/GBP <\/b>p\u00e1r ellen\u00e1ll\u00e1sszintre tal\u00e1lt a 0,8015-\u00f6s (E1) szinten, miut\u00e1n visszapattant a 0,7960-as (T1) t\u00e1maszszintr\u0151l. Figyelembe v\u00e9ve, hogy mindk\u00e9t momentum mutat\u00f3sz\u00e1m emelkedik, lehets\u00e9ges a 0,8015-\u00f6s (E1) felfel\u00e9 val\u00f3 \u00e1tt\u00f6r\u00e9se, a k\u00f6vetkez\u0151 akad\u00e1ly tal\u00e1n a 0,8080-as (E2) szint. Mindazon\u00e1ltal a p\u00e1r a k\u00e9k cs\u00f6kken\u0151 trendvonal alatt van, ez\u00e9rt a tov\u00e1bbi n\u00f6vekv\u0151 mozg\u00e1st korrekci\u00f3s hull\u00e1mnak tartan\u00e1m, miel\u0151tt a medv\u00e9k ism\u00e9t fel\u00fclkerekednek. A napi grafikonon a 14 napos RSI \u00fagy t\u0171nik, hogy k\u00e9szen \u00e1ll a t\u00fal\u00e9rt\u00e9kes\u00edtett tartom\u00e1nyb\u00f3l val\u00f3 kil\u00e9p\u00e9sre, ami fokozza a korrekci\u00f3s hull\u00e1m folytat\u00f3d\u00e1s\u00e1nak val\u00f3sz\u00edn\u0171s\u00e9g\u00e9t.<\/li>\n<li>T\u00e1maszszint: 0,79600 (T1), 0,7900 (T2), 0,7815 (T3).<\/li>\n<li>Ellen\u00e1ll\u00e1sszint: 0,8015 (E1), 0,8080 (E2), 0,8140 (E3).<b><\/b><\/li>\n<\/ul>\n<p><b>\u00a0<\/b><\/p>\n<p><b>Az arany ism\u00e9t el\u00e9rte az el\u0151z\u0151 n\u00f6vekv\u0151 trendvonalat<\/b><b><\/b><\/p>\n<p><b>\u00a0<a href=\"http:\/\/stockportal.hu\/wp-content\/uploads\/2014\/06\/XAUUSD_19June2014.png\" target=\"_blank\" rel=\"noopener\"><img decoding=\"async\" loading=\"lazy\" class=\"alignnone size-large wp-image-37449\" alt=\"XAUUSD_19June2014\" src=\"http:\/\/stockportal.hu\/wp-content\/uploads\/2014\/06\/XAUUSD_19June2014-1024x455.png\" width=\"620\" height=\"275\" \/><\/a><\/b><\/p>\n<ul>\n<li>Az<b> arany <\/b>emelkedett, \u00e9s ism\u00e9t ellen\u00e1ll\u00e1sszintre tal\u00e1lt az el\u0151z\u0151 r\u00f6vid t\u00e1v\u00fa n\u00f6vekv\u0151 trendvonalon. Egyel\u0151re semleges \u00e1ll\u00e1spontra helyezkedn\u00e9k, mivel az 1285-\u00f6s (E1) felfel\u00e9 val\u00f3 \u00e1tt\u00f6r\u00e9se az el\u0151z\u0151 n\u00f6vekv\u0151 trend meger\u0151s\u00edt\u00e9s\u00e9t jelezn\u00e9, \u00e9s meger\u0151s\u00edten\u00e9, hogy a k\u00f6zelm\u00faltbeli cs\u00f6kken\u00e9s csup\u00e1n korrekci\u00f3s f\u00e1zis volt. M\u00e1sr\u00e9szt, ha a medv\u00e9k \u00e1tveszik az ir\u00e1ny\u00edt\u00e1st a trendvonal alatt, \u00e9s a nemesf\u00e9met az 1268-as (T1) szint al\u00e1 viszik, \u00fajabb tesztre ker\u00fclhet sor az 1257-es (T2) tartom\u00e1ny k\u00f6zel\u00e9ben.<\/li>\n<li>T\u00e1maszszint: 1268 (T1), 1257 (T2), 1240 (T3).<\/li>\n<li>Ellen\u00e1ll\u00e1sszint: 1285 (E1), 1305 (E2), 1315 (E3).<\/li>\n<\/ul>\n<p><b>\u00a0<\/b><b>\u00a0<\/b><\/p>\n<p><b>A WTI \u00fajra tesztelte a 106,00-os tartom\u00e1nyt<\/b><b><\/b><\/p>\n<p style=\"text-align: left;\" align=\"center\"><a href=\"http:\/\/stockportal.hu\/wp-content\/uploads\/2014\/06\/CLN4_19June2014.png\" target=\"_blank\" rel=\"noopener\"><img decoding=\"async\" loading=\"lazy\" class=\"alignnone size-large wp-image-37450\" alt=\"CLN4_19June2014\" src=\"http:\/\/stockportal.hu\/wp-content\/uploads\/2014\/06\/CLN4_19June2014-1024x454.png\" width=\"620\" height=\"274\" \/><\/a><\/p>\n<ul>\n<li>A<b> WTI <\/b>m\u00e1r a m\u00e1sodik egym\u00e1st k\u00f6vet\u0151 napon t\u00e1maszszintre tal\u00e1lt a 106,00-os (T1) tartom\u00e1nyban, majd valamelyest emelkedett. Mindk\u00e9t momentum mutat\u00f3sz\u00e1m cs\u00f6kken\u00e9se folytat\u00f3dik, ez\u00e9rt nem z\u00e1rhat\u00f3 ki, hogy az \u00e1rfolyam lefel\u00e9 \u00e1tt\u00f6ri ezt a t\u00e1maszszinti korl\u00e1tot. A napi grafikonon k\u00e9t \u201ehull\u00f3csillag\u201d alakzat azonos\u00edthat\u00f3 a k\u00f6zelm\u00faltbeli cs\u00facson, ami fokozza a cs\u00f6kken\u00e9s val\u00f3sz\u00edn\u0171s\u00e9g\u00e9t. A 106,00-os (T1) szint lefel\u00e9 t\u00f6rt\u00e9n\u0151 \u00e1tt\u00f6r\u00e9se tesztelheti a 105,00-\u00f6s (T2) pszichol\u00f3giai korl\u00e1tot, ez\u00fattal t\u00e1maszszintk\u00e9nt. Mindazon\u00e1ltal, am\u00edg magasabb maximum szinteket \u00e9s magasabb minimum szinteket l\u00e1tunk, a n\u00f6vekv\u0151 \u00fatvonal \u00e9rv\u00e9nyben marad, \u00e9s egyel\u0151re b\u00e1rmilyen tov\u00e1bbi lehets\u00e9ges cs\u00f6kken\u00e9st korrekci\u00f3s hull\u00e1mnak tekintek.<\/li>\n<li>T\u00e1maszszint: 106,00 (T1), 105,00 (T2), 104,10 (T3).<\/li>\n<li>Ellen\u00e1ll\u00e1sszint: 108,00 (E1), 110,00 (E2), 112,00 (E3).<b><\/b><\/li>\n<\/ul>\n<\/div>\n","protected":false},"excerpt":{"rendered":"<p>Az FOMC valamelyest optimist\u00e1bb Az FOMC \u00e9rtekezletet k\u00f6vet\u0151 nyilatkozat valamelyest optimist\u00e1bb volt az USA gazdas\u00e1g\u00e1nak k\u00f6zelj\u00f6v\u0151re vonatkoz\u00f3 kil\u00e1t\u00e1sait illet\u0151en, de ez m\u00e1r a harmadik egym\u00e1st k\u00f6vet\u0151 \u00e9rtekezlet, amikor a v\u00e1ltoz\u00e1s csak csek\u00e9ly m\u00e9rt\u00e9k\u0171 volt. A Bizotts\u00e1g \u00e1ltal\u00e1noss\u00e1gban elmondta, hogy a n\u00f6veked\u00e9s visszat\u00e9r\u0151ben van, a munkaer\u0151-piac javul, a h\u00e1ztart\u00e1sok kiad\u00e1sa m\u00e9rs\u00e9kelten emelkedik, az \u00fczleti befektet\u00e9sek pedig &#8230;<\/p>\n","protected":false},"author":1,"featured_media":20409,"comment_status":"open","ping_status":"closed","sticky":false,"template":"","format":"standard","meta":[],"categories":[146,8,131],"tags":[],"_links":{"self":[{"href":"https:\/\/gazdasagportal.hu\/index.php\/wp-json\/wp\/v2\/posts\/37445"}],"collection":[{"href":"https:\/\/gazdasagportal.hu\/index.php\/wp-json\/wp\/v2\/posts"}],"about":[{"href":"https:\/\/gazdasagportal.hu\/index.php\/wp-json\/wp\/v2\/types\/post"}],"author":[{"embeddable":true,"href":"https:\/\/gazdasagportal.hu\/index.php\/wp-json\/wp\/v2\/users\/1"}],"replies":[{"embeddable":true,"href":"https:\/\/gazdasagportal.hu\/index.php\/wp-json\/wp\/v2\/comments?post=37445"}],"version-history":[{"count":2,"href":"https:\/\/gazdasagportal.hu\/index.php\/wp-json\/wp\/v2\/posts\/37445\/revisions"}],"predecessor-version":[{"id":37456,"href":"https:\/\/gazdasagportal.hu\/index.php\/wp-json\/wp\/v2\/posts\/37445\/revisions\/37456"}],"wp:featuredmedia":[{"embeddable":true,"href":"https:\/\/gazdasagportal.hu\/index.php\/wp-json\/wp\/v2\/media\/20409"}],"wp:attachment":[{"href":"https:\/\/gazdasagportal.hu\/index.php\/wp-json\/wp\/v2\/media?parent=37445"}],"wp:term":[{"taxonomy":"category","embeddable":true,"href":"https:\/\/gazdasagportal.hu\/index.php\/wp-json\/wp\/v2\/categories?post=37445"},{"taxonomy":"post_tag","embeddable":true,"href":"https:\/\/gazdasagportal.hu\/index.php\/wp-json\/wp\/v2\/tags?post=37445"}],"curies":[{"name":"wp","href":"https:\/\/api.w.org\/{rel}","templated":true}]}}