{"id":37439,"date":"2014-06-19T10:01:17","date_gmt":"2014-06-19T08:01:17","guid":{"rendered":"http:\/\/stockportal.hu\/?p=37439"},"modified":"2014-06-19T10:01:17","modified_gmt":"2014-06-19T08:01:17","slug":"iraki-lazadas-obama-nincs-szuksegem-kongresszusi-felhatalmazasra","status":"publish","type":"post","link":"https:\/\/gazdasagportal.hu\/index.php\/iraki-lazadas-obama-nincs-szuksegem-kongresszusi-felhatalmazasra\/","title":{"rendered":"Iraki l\u00e1zad\u00e1s &#8211; Obama: nincs sz\u00fcks\u00e9gem kongresszusi felhatalmaz\u00e1sra"},"content":{"rendered":"<p><strong>Barack Obama amerikai eln\u00f6k szerd\u00e1n k\u00f6z\u00f6lte az amerikai t\u00f6rv\u00e9nyhoz\u00e1s demokrata \u00e9s republik\u00e1nus vezet\u0151ivel, hogy nincs sz\u00fcks\u00e9ge \u00faj kongresszusi felhatalmaz\u00e1sra egy esetleges iraki katonai beavatkoz\u00e1shoz, amelynek m\u00f3dj\u00e1r\u00f3l m\u00e9g nem d\u00f6nt\u00f6tt.<\/strong><!--more--><br \/>\n<div class=\"ads-in-post1\"><div id=\"gazdasagportal.hu_fullbanner_wideboard\"><\/div>\r\n<\/div>\n<p>    A Feh\u00e9r H\u00e1z k\u00f6zlem\u00e9nye szerint az eln\u00f6k ismertette a k\u00e9pvisel\u0151h\u00e1z \u00e9s a szen\u00e1tus vezet\u0151ivel azokat az amerikai er\u0151fesz\u00edt\u00e9seket, amelyek arra ir\u00e1nyulnak hogy &#8222;meger\u0151s\u00edts\u00e9k&#8221; az iraki biztons\u00e1gi er\u0151knek az ILI\u00c1 (az Iraki \u00e9s Levantei Iszl\u00e1m \u00c1llam nev\u0171 sz\u00e9ls\u0151s\u00e9ges iszlamista csoport) harcosai jelentette &#8222;fenyeget\u00e9ssel val\u00f3 szembesz\u00e1ll\u00e1sra val\u00f3 k\u00e9pess\u00e9g\u00e9t&#8221;, bele\u00e9rtve &#8222;a megn\u00f6velt biztons\u00e1gi t\u00e1mogat\u00e1st&#8221;.<br \/>\n    Jay Carney, a Feh\u00e9r H\u00e1z sz\u00f3viv\u0151je a nap folyam\u00e1n kor\u00e1bban kijelentette, hogy az eln\u00f6k a harcol\u00f3 alakulatok Irakba k\u00fcld\u00e9s\u00e9n k\u00edv\u00fcl nem z\u00e1rt ki semmilyen lehet\u0151s\u00e9get.<br \/>\n    Noha a feh\u00e9r h\u00e1zi k\u00f6zlem\u00e9ny hangs\u00falyozta, hogy Obama folytatni fogja a kongresszussal kezdett konzult\u00e1ci\u00f3t, a t\u00f6rv\u00e9nyhoz\u00e1s t\u00f6bb tagja, aki r\u00e9szt vett a vele folytatott tal\u00e1lkoz\u00f3n, \u00fagy \u00e9rezte, hogy megbesz\u00e9l\u00e9s c\u00e9lja puszt\u00e1n az volt, hogy az eln\u00f6k ismertesse vel\u00fck az Irakban kialakult helyzetet \u00e9s k\u00f6z\u00f6lje: a cselekv\u00e9shez nincs sz\u00fcks\u00e9ge tov\u00e1bbi kongresszusi hat\u00e1rozatokra. Barack Obama ugyanakkor nem bocs\u00e1tkozott r\u00e9szletekbe azzal kapcsolatban, hogy konkr\u00e9tan mit k\u00edv\u00e1n tenni.<br \/>\n    A tal\u00e1lkoz\u00f3t megel\u0151z\u0151en Chuck Hagel v\u00e9delmi miniszter \u00e9s Martin Dempsey t\u00e1bornok, az amerikai vez\u00e9rkari f\u0151n\u00f6k\u00f6k egyes\u00edtett bizotts\u00e1g\u00e1nak eln\u00f6ke egy szen\u00e1tus meghallgat\u00e1son arr\u00f3l sz\u00e1molt be, hogy a Pentagonn\u00e1l lehets\u00e9ges amerikai l\u00e9p\u00e9sek sor\u00e1nak r\u00e9szleteit dolgozz\u00e1k ki Irak stabiliz\u00e1l\u00e1sa \u00e9rdek\u00e9ben. Ezek k\u00f6z\u00e9 tartozik, hogy l\u00e9gi csap\u00e1st m\u00e9rjenek az orsz\u00e1g \u00e9szaki \u00e9s nyugati ter\u00fcletein jelent\u0151s harci sikereket el\u00e9rt szunnita milit\u00e1nsokra.<br \/>\n    Hagel \u00e9s Dempsey egyar\u00e1nt lesz\u00f6gezte, hogy az iraki korm\u00e1ny \u00e1ltal s\u00fcrgetett l\u00e9gicsap\u00e1shoz t\u00f6bb h\u00edrszerz\u00e9si adatra lenne sz\u00fcks\u00e9g az ILI\u00c1-r\u00f3l. Mindketten egyet\u00e9rtettek azzal, hogy az iraki v\u00e1ls\u00e1g fenyeget\u00e9st jelent az amerikai region\u00e1lis \u00e9rdekekre \u00e9s az Egyes\u00fclt \u00c1llamok ter\u00fclet\u00e9t is \u00e9rint\u0151 fenyeget\u00e9s alakulhat ki abban az esetben, ha az al-Kaid\u00e1val sz\u00f6vets\u00e9ges iszlamist\u00e1k megvetik a l\u00e1bukat \u00c9szak-Irakban \u00e9s Sz\u00edri\u00e1ban.<br \/>\n    Joe Biden aleln\u00f6k a Feh\u00e9r H\u00e1z k\u00f6zlem\u00e9nye szerint szerd\u00e1n telefonon t\u00e1rgyalt N\u00fari al-M\u00e1liki iraki eln\u00f6kkel, Oszama al-Nudzsaifi parlamenti eln\u00f6kkel \u00e9s a kurdiszt\u00e1ni r\u00e9gi\u00f3 eln\u00f6k\u00e9vel, Masz\u00fad Barzanival. Biden mindh\u00e1rom megbesz\u00e9l\u00e9s sor\u00e1n hangs\u00falyozta a nemzeti egys\u00e9g fontoss\u00e1g\u00e1t az ILI\u00c1-val szembeni fell\u00e9p\u00e9sben, valamint kit\u00e9rt arra, hogy koordin\u00e1ci\u00f3ra van sz\u00fcks\u00e9g a biztons\u00e1gi k\u00e9rd\u00e9sekben \u00e9s hogy az iraki alkotm\u00e1ny \u00e9gisze alatt s\u00fcrg\u0151sen \u00faj korm\u00e1nyt kell alak\u00edtani.<br \/>\n    Biden kijelentette, hogy az Egyes\u00fclt \u00c1llamok k\u00e9sz n\u00f6velni t\u00e1mogat\u00e1s\u00e1t az ILI\u00c1 elleni harcban, ugyanakkor hangs\u00falyozta, hogy M\u00e1likinak \u00e9s a t\u00f6bbi iraki vezet\u0151nek befogad\u00f3 m\u00f3don kell korm\u00e1nyoznia. Az amerikai aleln\u00f6k m\u00e9ltatta, hogy Bagdadban a nemzeti k\u00f6z\u00f6ss\u00e9gek vezet\u0151i egyhang\u00falag elfogadott hat\u00e1rozatban sz\u00f6gezt\u00e9k le: az ILI\u00c1 minden iraki ellens\u00e9ge \u00e9s minden \u00f6nk\u00e9ntesnek a megl\u00e9v\u0151 t\u00f6rv\u00e9nyekre \u00e9s biztons\u00e1gi strukt\u00far\u00e1kra t\u00e1maszkodva r\u00e9szt vennie a helyi k\u00f6z\u00f6ss\u00e9gek v\u00e9delm\u00e9ben.<br \/>\n    A CNN \u00fagy \u00e9rtes\u00fclt, hogy amerikai rep\u00fcl\u0151g\u00e9pek felder\u00edt\u0151 tev\u00e9keny\u00e9gbe kezdtek Irak felett. A dr\u00f3nokkal t\u00f6rt\u00e9n\u0151 l\u00e9gi felder\u00edt\u00e9s m\u00e1r napok \u00f3ta folyik.(MTI)<\/p>\n","protected":false},"excerpt":{"rendered":"<p>Barack Obama amerikai eln\u00f6k szerd\u00e1n k\u00f6z\u00f6lte az amerikai t\u00f6rv\u00e9nyhoz\u00e1s demokrata \u00e9s republik\u00e1nus vezet\u0151ivel, hogy nincs sz\u00fcks\u00e9ge \u00faj kongresszusi felhatalmaz\u00e1sra egy esetleges iraki katonai beavatkoz\u00e1shoz, amelynek m\u00f3dj\u00e1r\u00f3l m\u00e9g nem d\u00f6nt\u00f6tt.<\/p>\n","protected":false},"author":1,"featured_media":0,"comment_status":"open","ping_status":"closed","sticky":false,"template":"","format":"standard","meta":[],"categories":[16],"tags":[],"_links":{"self":[{"href":"https:\/\/gazdasagportal.hu\/index.php\/wp-json\/wp\/v2\/posts\/37439"}],"collection":[{"href":"https:\/\/gazdasagportal.hu\/index.php\/wp-json\/wp\/v2\/posts"}],"about":[{"href":"https:\/\/gazdasagportal.hu\/index.php\/wp-json\/wp\/v2\/types\/post"}],"author":[{"embeddable":true,"href":"https:\/\/gazdasagportal.hu\/index.php\/wp-json\/wp\/v2\/users\/1"}],"replies":[{"embeddable":true,"href":"https:\/\/gazdasagportal.hu\/index.php\/wp-json\/wp\/v2\/comments?post=37439"}],"version-history":[{"count":1,"href":"https:\/\/gazdasagportal.hu\/index.php\/wp-json\/wp\/v2\/posts\/37439\/revisions"}],"predecessor-version":[{"id":37440,"href":"https:\/\/gazdasagportal.hu\/index.php\/wp-json\/wp\/v2\/posts\/37439\/revisions\/37440"}],"wp:attachment":[{"href":"https:\/\/gazdasagportal.hu\/index.php\/wp-json\/wp\/v2\/media?parent=37439"}],"wp:term":[{"taxonomy":"category","embeddable":true,"href":"https:\/\/gazdasagportal.hu\/index.php\/wp-json\/wp\/v2\/categories?post=37439"},{"taxonomy":"post_tag","embeddable":true,"href":"https:\/\/gazdasagportal.hu\/index.php\/wp-json\/wp\/v2\/tags?post=37439"}],"curies":[{"name":"wp","href":"https:\/\/api.w.org\/{rel}","templated":true}]}}