{"id":37425,"date":"2014-06-19T08:33:39","date_gmt":"2014-06-19T06:33:39","guid":{"rendered":"http:\/\/stockportal.hu\/?p=37425"},"modified":"2014-06-19T08:33:39","modified_gmt":"2014-06-19T06:33:39","slug":"ukran-valsag-kijev-szerint-szorul-a-hurok-a-szakadar-fegyveresek-korul","status":"publish","type":"post","link":"https:\/\/gazdasagportal.hu\/index.php\/ukran-valsag-kijev-szerint-szorul-a-hurok-a-szakadar-fegyveresek-korul\/","title":{"rendered":"Ukr\u00e1n v\u00e1ls\u00e1g: Kijev szerint szorul a hurok a szakad\u00e1r fegyveresek k\u00f6r\u00fcl"},"content":{"rendered":"<p><strong>A terrorellenes m\u0171veletben r\u00e9szt vev\u0151 ukr\u00e1n fegyveres er\u0151k folytatj\u00e1k a b\u00e9ke \u00e9s rend helyre\u00e1ll\u00edt\u00e1s\u00e1t c\u00e9lz\u00f3 fell\u00e9p\u00e9s\u00fcket a Donyec-medenc\u00e9ben, szorosabbra h\u00fazva a hurkot a szakad\u00e1r fegyveresek k\u00f6r\u00fcl, lakott ter\u00fcleteken v\u00e9ve \u0151ket blok\u00e1d al\u00e1 &#8211; k\u00f6z\u00f6lte Vladiszlav Szeleznyov, a szakad\u00e1rok ellen ind\u00edtott m\u0171velet sz\u00f3viv\u0151je.<\/strong><!--more--><br \/>\n<div class=\"ads-in-post1\"><div id=\"gazdasagportal.hu_fullbanner_wideboard\"><\/div>\r\n<\/div>\n<p>    Az UNIAN ukr\u00e1n h\u00edr\u00fcgyn\u00f6ks\u00e9g cs\u00fct\u00f6rt\u00f6kre virrad\u00f3ra id\u00e9zte Szeleznyov bejegyz\u00e9s\u00e9t a Facebook k\u00f6z\u00f6ss\u00e9gi oldal\u00e1r\u00f3l.<br \/>\n    &#8222;Egyes lakott helyeken \u00e1d\u00e1z \u00f6sszecsap\u00e1sok folynak. A terrorellenes er\u0151knek az Oroszorsz\u00e1gb\u00f3l \u00e9rkezett, kik\u00e9pzett harcosokkal \u00e9s zsoldosokkal van dolguk. A szakad\u00e1r fegyveresek magas fok\u00fa k\u00e9pzetts\u00e9ge \u00e9s felk\u00e9sz\u00fclts\u00e9ge ellen\u00e9re az ukr\u00e1n katon\u00e1k &#8211; akik a terrorellenes m\u0171velet sor\u00e1n jelent\u0151s harci tapasztalatokat szereztek &#8211; j\u00f3 eredm\u00e9nyeket mutatnak fel az \u00f6sszet\u0171z\u00e9sekben az orosz fegyveresekkel&#8221; &#8211; \u00edrja Szeleznyov.<br \/>\n    Az ukr\u00e1n katon\u00e1k &#8222;profizmus\u00e1nak&#8221; bizony\u00edt\u00e9ka szerinte az, hogy a &#8222;terrorist\u00e1k&#8221; nagy vesztes\u00e9geket k\u00f6nyveltek el. Szeleznyov felh\u00edvja a figyelmet arra, hogy minden egyes &#8222;megel\u0151z\u0151 int\u00e9zked\u00e9s&#8221; alkalm\u00e1val az ukr\u00e1n katon\u00e1k orosz fegyvereket tal\u00e1lnak a kelet-ukrajnai szakad\u00e1rokn\u00e1l.(MTI)<\/p>\n","protected":false},"excerpt":{"rendered":"<p>A terrorellenes m\u0171veletben r\u00e9szt vev\u0151 ukr\u00e1n fegyveres er\u0151k folytatj\u00e1k a b\u00e9ke \u00e9s rend helyre\u00e1ll\u00edt\u00e1s\u00e1t c\u00e9lz\u00f3 fell\u00e9p\u00e9s\u00fcket a Donyec-medenc\u00e9ben, szorosabbra h\u00fazva a hurkot a szakad\u00e1r fegyveresek k\u00f6r\u00fcl, lakott ter\u00fcleteken v\u00e9ve \u0151ket blok\u00e1d al\u00e1 &#8211; k\u00f6z\u00f6lte Vladiszlav Szeleznyov, a szakad\u00e1rok ellen ind\u00edtott m\u0171velet sz\u00f3viv\u0151je.<\/p>\n","protected":false},"author":1,"featured_media":0,"comment_status":"open","ping_status":"closed","sticky":false,"template":"","format":"standard","meta":[],"categories":[139],"tags":[],"_links":{"self":[{"href":"https:\/\/gazdasagportal.hu\/index.php\/wp-json\/wp\/v2\/posts\/37425"}],"collection":[{"href":"https:\/\/gazdasagportal.hu\/index.php\/wp-json\/wp\/v2\/posts"}],"about":[{"href":"https:\/\/gazdasagportal.hu\/index.php\/wp-json\/wp\/v2\/types\/post"}],"author":[{"embeddable":true,"href":"https:\/\/gazdasagportal.hu\/index.php\/wp-json\/wp\/v2\/users\/1"}],"replies":[{"embeddable":true,"href":"https:\/\/gazdasagportal.hu\/index.php\/wp-json\/wp\/v2\/comments?post=37425"}],"version-history":[{"count":1,"href":"https:\/\/gazdasagportal.hu\/index.php\/wp-json\/wp\/v2\/posts\/37425\/revisions"}],"predecessor-version":[{"id":37426,"href":"https:\/\/gazdasagportal.hu\/index.php\/wp-json\/wp\/v2\/posts\/37425\/revisions\/37426"}],"wp:attachment":[{"href":"https:\/\/gazdasagportal.hu\/index.php\/wp-json\/wp\/v2\/media?parent=37425"}],"wp:term":[{"taxonomy":"category","embeddable":true,"href":"https:\/\/gazdasagportal.hu\/index.php\/wp-json\/wp\/v2\/categories?post=37425"},{"taxonomy":"post_tag","embeddable":true,"href":"https:\/\/gazdasagportal.hu\/index.php\/wp-json\/wp\/v2\/tags?post=37425"}],"curies":[{"name":"wp","href":"https:\/\/api.w.org\/{rel}","templated":true}]}}