{"id":3738,"date":"2013-02-27T14:14:05","date_gmt":"2013-02-27T13:14:05","guid":{"rendered":"http:\/\/stockportal.hu\/?p=3738"},"modified":"2013-02-27T14:14:05","modified_gmt":"2013-02-27T13:14:05","slug":"sziria-celt-tevesztett-sziriai-lovedek-csapodott-be-izraelben","status":"publish","type":"post","link":"https:\/\/gazdasagportal.hu\/index.php\/sziria-celt-tevesztett-sziriai-lovedek-csapodott-be-izraelben\/","title":{"rendered":"Sz\u00edria &#8211; C\u00e9lt t\u00e9vesztett sz\u00edriai l\u00f6ved\u00e9k csap\u00f3dott be Izraelben"},"content":{"rendered":"<p><strong>Fel nem robbant sz\u00edriai t\u00fcz\u00e9rs\u00e9gi l\u00f6ved\u00e9ket tal\u00e1ltak szerda d\u00e9lben a biztons\u00e1gi emberek a Gol\u00e1n-fenns\u00edk egyik izraeli telep\u00fcl\u00e9s\u00e9n, miut\u00e1n a lak\u00f3k becsap\u00f3d\u00e1s zaj\u00e1r\u00f3l panaszkodtak, \u00edrta a Jedi\u00f3t Ahron\u00f3t c\u00edm\u0171 napilap honlapja.<!--more--><\/strong><\/p>\n<p>Jeruzs\u00e1lemben \u00fagy v\u00e9lik, hogy a sz\u00edriai felkel\u0151k \u00e9s Bass\u00e1r el-Aszad eln\u00f6k csapatai k\u00f6z\u00f6tt zajl\u00f3 harcok egyik l\u00f6ved\u00e9ke t\u00e9vesztett c\u00e9lt, \u00e9s \u00e9rt f\u00f6ldet a hat\u00e1r izraeli oldal\u00e1n.<br \/>\nTavaly novemberben t\u00f6bbsz\u00f6r becsap\u00f3dtak Izraelben a hat\u00e1r sz\u00edriai oldal\u00e1n foly\u00f3 harcok rosszul ir\u00e1nyzott l\u00f6v\u00e9sei, ez fesz\u00fclts\u00e9get is okozott a felek k\u00f6z\u00f6tt, de az\u00f3ta nyugalom volt az ENSZ-csapatok ellen\u0151rizte hat\u00e1rn\u00e1l.<br \/>\nAz izraeli m\u00e9dia \u00e9rtes\u00fcl\u00e9sei szerint a Gol\u00e1n-fenns\u00edk sz\u00edriai oldal\u00e1r\u00f3l t\u00e1voztak Aszad er\u0151i, a t\u00e9rs\u00e9get a felkel\u0151k uralj\u00e1k. Az ENSZ m\u0171k\u00f6dtette kunetrai \u00e1tkel\u0151helyet ugyanakkor sz\u00edriai oldalon egyel\u0151re nem vett\u00e9k ellen\u0151rz\u00e9s\u00fck al\u00e1, mert annak tov\u00e1bbi politikai k\u00f6vetkezm\u00e9nyei lenn\u00e9nek Izraellel.<br \/>\nSzerd\u00e1n visszatelep\u00edtett\u00e9k kezel\u00e9s\u00fck ut\u00e1n Sz\u00edri\u00e1ba az ottani felkel\u00e9s harcainak hat sebes\u00fcltj\u00e9t, akiket a hat\u00e1rr\u00f3l a ment\u0151k l\u0151tt sebekkel egy izraeli k\u00f3rh\u00e1zba vittek m\u00e9g febru\u00e1r k\u00f6zep\u00e9n. Egy sebes\u00fcltet tov\u00e1bb \u00e1polnak a zsid\u00f3 \u00e1llamban, mert s\u00e9r\u00fcl\u00e9sei olyan s\u00falyosak, hogy m\u00e9g nem hagyhatta el a Cefat v\u00e1rosban l\u00e9v\u0151 k\u00f3rh\u00e1zat. (MTI)<\/p>\n","protected":false},"excerpt":{"rendered":"<p>Fel nem robbant sz\u00edriai t\u00fcz\u00e9rs\u00e9gi l\u00f6ved\u00e9ket tal\u00e1ltak szerda d\u00e9lben a biztons\u00e1gi emberek a Gol\u00e1n-fenns\u00edk egyik izraeli telep\u00fcl\u00e9s\u00e9n, miut\u00e1n a lak\u00f3k becsap\u00f3d\u00e1s zaj\u00e1r\u00f3l panaszkodtak, \u00edrta a Jedi\u00f3t Ahron\u00f3t c\u00edm\u0171 napilap honlapja.<\/p>\n","protected":false},"author":1,"featured_media":1344,"comment_status":"closed","ping_status":"open","sticky":false,"template":"","format":"standard","meta":[],"categories":[16],"tags":[],"_links":{"self":[{"href":"https:\/\/gazdasagportal.hu\/index.php\/wp-json\/wp\/v2\/posts\/3738"}],"collection":[{"href":"https:\/\/gazdasagportal.hu\/index.php\/wp-json\/wp\/v2\/posts"}],"about":[{"href":"https:\/\/gazdasagportal.hu\/index.php\/wp-json\/wp\/v2\/types\/post"}],"author":[{"embeddable":true,"href":"https:\/\/gazdasagportal.hu\/index.php\/wp-json\/wp\/v2\/users\/1"}],"replies":[{"embeddable":true,"href":"https:\/\/gazdasagportal.hu\/index.php\/wp-json\/wp\/v2\/comments?post=3738"}],"version-history":[{"count":2,"href":"https:\/\/gazdasagportal.hu\/index.php\/wp-json\/wp\/v2\/posts\/3738\/revisions"}],"predecessor-version":[{"id":3741,"href":"https:\/\/gazdasagportal.hu\/index.php\/wp-json\/wp\/v2\/posts\/3738\/revisions\/3741"}],"wp:featuredmedia":[{"embeddable":true,"href":"https:\/\/gazdasagportal.hu\/index.php\/wp-json\/wp\/v2\/media\/1344"}],"wp:attachment":[{"href":"https:\/\/gazdasagportal.hu\/index.php\/wp-json\/wp\/v2\/media?parent=3738"}],"wp:term":[{"taxonomy":"category","embeddable":true,"href":"https:\/\/gazdasagportal.hu\/index.php\/wp-json\/wp\/v2\/categories?post=3738"},{"taxonomy":"post_tag","embeddable":true,"href":"https:\/\/gazdasagportal.hu\/index.php\/wp-json\/wp\/v2\/tags?post=3738"}],"curies":[{"name":"wp","href":"https:\/\/api.w.org\/{rel}","templated":true}]}}