{"id":37358,"date":"2014-06-18T15:13:01","date_gmt":"2014-06-18T13:13:01","guid":{"rendered":"http:\/\/stockportal.hu\/?p=37358"},"modified":"2014-06-18T15:13:01","modified_gmt":"2014-06-18T13:13:01","slug":"gyurcsany-a-legnagyobb-hiba-hogy-elvallaltam-a-miniszterelnokseget-2004-ben","status":"publish","type":"post","link":"https:\/\/gazdasagportal.hu\/index.php\/gyurcsany-a-legnagyobb-hiba-hogy-elvallaltam-a-miniszterelnokseget-2004-ben\/","title":{"rendered":"Gyurcs\u00e1ny: a legnagyobb hiba, hogy elv\u00e1llaltam a minisztereln\u00f6ks\u00e9get 2004-ben"},"content":{"rendered":"<p><strong>A Demokratikus Koal\u00edci\u00f3t (DK) vezet\u0151 Gyurcs\u00e1ny Ferenc azt tartja az elm\u00falt \u00e9vekben elk\u00f6vetett legnagyobb hib\u00e1j\u00e1nak, hogy elv\u00e1llalta a minisztereln\u00f6ks\u00e9get 2004-ben az MSZP-vel a h\u00e1ta m\u00f6g\u00f6tt. A volt korm\u00e1nyf\u0151nek k\u00e9t interj\u00faja is megjelent szerd\u00e1n. Ut\u00f3bbir\u00f3l az Indexnek nyilatkozott, m\u00edg az Orig\u00f3nak arr\u00f3l besz\u00e9lt, hogy az \u0151szi \u00f6nkorm\u00e1nyzati v\u00e1laszt\u00e1son Budapesten egy k\u00f6z\u00f6s centrista, demokrata jel\u00f6ltje lesz a baloldali ellenz\u00e9knek, de nem \u00e1rulta el, ki.<\/strong><!--more--><br \/>\n<div class=\"ads-in-post1\"><div id=\"gazdasagportal.hu_fullbanner_wideboard\"><\/div>\r\n<\/div>\n<p>    Az Indexnek adott interj\u00faban sz\u00f3ba ker\u00fclt egyebek mellett az \u0151sz\u00f6di besz\u00e9d, amelynek tartalm\u00e1ra &#8211; mint elmondta &#8211; m\u00e9g mindig b\u00fcszke, \u00e1m a kisziv\u00e1rogtat\u00e1s\u00e1hoz nem volt k\u00f6ze.<br \/>\n    A kett\u0151s \u00e1llampolg\u00e1rs\u00e1g elutas\u00edt\u00e1s\u00e1r\u00f3l vallott \u00e1ll\u00e1spontj\u00e1t &#8211; folytatta Gyurcs\u00e1ny Ferenc &#8211; nem b\u00edr\u00e1lja fel\u00fcl, de a 2004-es n\u00e9pszavaz\u00e1si kamp\u00e1ny\u00e1t politikai hib\u00e1nak, az akkori \u00e9rvel\u00e9s\u00e9t sz\u00e9gyenteljesnek tartja. K\u00f6z\u00f6lte: ha k\u00e9tharmados parlamenti t\u00f6bbs\u00e9ge lenne, minisztereln\u00f6kk\u00e9nt nem vonn\u00e1 vissza a kett\u0151s \u00e1llampolg\u00e1rs\u00e1gr\u00f3l sz\u00f3l\u00f3 t\u00f6rv\u00e9nyt, mert &#8222;aki \u00e1llampolg\u00e1r, att\u00f3l nem vessz\u00fck el az \u00e1llampolg\u00e1rs\u00e1g\u00e1t&#8221;, de a szavazati jogot igen.<br \/>\n    Gyurcs\u00e1ny Ferenc a legnagyobb hib\u00e1j\u00e1nak az elm\u00falt t\u00edz \u00e9vb\u0151l azt tartja, hogy elv\u00e1llalta a korm\u00e1nyf\u0151s\u00e9get a MSZP-vel a h\u00e1ta m\u00f6g\u00f6tt, mert &#8211; mint fogalmazott &#8211; &#8222;nem voltam k\u00e9szen a minisztereln\u00f6ks\u00e9gre 2004-ben&#8221;.<br \/>\n    Azt is hib\u00e1nak tartja, hogy az elvesztett &#8211; a tand\u00edjr\u00f3l, a vizitd\u00edjr\u00f3l \u00e9s a k\u00f3rh\u00e1zi napid\u00edjr\u00f3l sz\u00f3l\u00f3 &#8211; n\u00e9pszavaz\u00e1s ut\u00e1n 2008-ban nem mondott le. &#8222;Fel is vetettem egy\u00e9bk\u00e9nt, csak kisebbs\u00e9gben maradtam. De legal\u00e1bb 2009-ben ragaszkodtam hozz\u00e1, \u00e9s azt mondtam, punktum. Elvesztegetett egy \u00e9v volt&#8221; &#8211; id\u00e9zte fel.<br \/>\n    Az elm\u00falt parlamenti v\u00e1laszt\u00e1s el\u0151tti baloldali \u00f6sszefog\u00e1sr\u00f3l a DK eln\u00f6ke azt mondta: musz\u00e1j volt \u00f6sszefogni, &#8222;kevesebbet vesztett\u00fcnk az \u00f6sszefog\u00e1ssal, mint amennyit vesz\u00edtett\u00fcnk volna annak hi\u00e1ny\u00e1ban&#8221;.<br \/>\n    Szerinte egy\u00e9bk\u00e9nt e h\u00e1rom p\u00e1rt, az MSZP, az Egy\u00fctt-PM \u00e9s a DK tart\u00f3san meg fog maradni, ugyanakkor egy\u00fcttm\u0171k\u00f6d\u00e9sre van \u00edt\u00e9lve, hogy milyen szorosra, azt nem tudja. &#8222;Ez akkor m\u0171k\u00f6dik j\u00f3l, ha vil\u00e1gos a szerepv\u00e1laszt\u00e1s, ki milyen karaktert er\u0151s\u00edt ebben. Ez elvezethet a v\u00e9g\u00e9n egy \u00e1tfog\u00f3 nagy uni\u00f3p\u00e1rthoz, de lehet, hogy csak 10 \u00e9v alatt&#8221; &#8211; fejtette ki.<br \/>\n    A m\u00e1sik, az Orig\u00f3n megjelent interj\u00faban Gyurcs\u00e1ny Ferenc arr\u00f3l besz\u00e9lt, hogy az \u0151szi \u00f6nkorm\u00e1nyzati v\u00e1laszt\u00e1son ahol lehet, ott \u00fajra \u00f6ssze kell fognia a baloldalnak, Kazincbarcik\u00e1n, P\u00e9csen \u00e9s Szegeden ezek a t\u00e1rgyal\u00e1sok m\u00e1r inform\u00e1lisan zajlanak is. Budapestr\u0151l azt mondta, &#8222;ha mi Tarl\u00f3s Istv\u00e1nnal szemben a siker es\u00e9ly\u00e9vel k\u00edv\u00e1nunk f\u0151polg\u00e1rmester-jel\u00f6ltet \u00e1ll\u00edtani, akkor ott \u00f6ssze kell fogni&#8221;. Hozz\u00e1tette, a f\u0151v\u00e1rosban k\u00f6z\u00f6s centrista, demokrata jel\u00f6ltje lesz a baloldali ellenz\u00e9knek, de nem \u00e1rulta el, ki.<br \/>\n    C\u00e1folta egy\u00fattal, hogy a DK-ba cs\u00e1b\u00edtgatn\u00e1nak \u00e1t MSZP-seket. &#8222;Mindenki tal\u00e1lja meg a maga p\u00e1rtj\u00e1t, \u00edgy van ez rendj\u00e9n&#8221; &#8211; fogalmazott a volt minisztereln\u00f6k. A politikus arr\u00f3l is besz\u00e9lt, hogy &#8222;pokoli sok&#8221; fesz\u00fclts\u00e9get l\u00e1t az orsz\u00e1gban, ez\u00e9rt elk\u00e9pzelhet\u0151nek tartja, hogy az Orb\u00e1n-korm\u00e1ny nem t\u00f6lti ki a n\u00e9gy\u00e9ves ciklus\u00e1t.(MTI)<\/p>\n","protected":false},"excerpt":{"rendered":"<p>A Demokratikus Koal\u00edci\u00f3t (DK) vezet\u0151 Gyurcs\u00e1ny Ferenc azt tartja az elm\u00falt \u00e9vekben elk\u00f6vetett legnagyobb hib\u00e1j\u00e1nak, hogy elv\u00e1llalta a minisztereln\u00f6ks\u00e9get 2004-ben az MSZP-vel a h\u00e1ta m\u00f6g\u00f6tt. A volt korm\u00e1nyf\u0151nek k\u00e9t interj\u00faja is megjelent szerd\u00e1n. Ut\u00f3bbir\u00f3l az Indexnek nyilatkozott, m\u00edg az Orig\u00f3nak arr\u00f3l besz\u00e9lt, hogy az \u0151szi \u00f6nkorm\u00e1nyzati v\u00e1laszt\u00e1son Budapesten egy k\u00f6z\u00f6s centrista, demokrata jel\u00f6ltje lesz a &#8230;<\/p>\n","protected":false},"author":1,"featured_media":0,"comment_status":"open","ping_status":"closed","sticky":false,"template":"","format":"standard","meta":[],"categories":[18],"tags":[],"_links":{"self":[{"href":"https:\/\/gazdasagportal.hu\/index.php\/wp-json\/wp\/v2\/posts\/37358"}],"collection":[{"href":"https:\/\/gazdasagportal.hu\/index.php\/wp-json\/wp\/v2\/posts"}],"about":[{"href":"https:\/\/gazdasagportal.hu\/index.php\/wp-json\/wp\/v2\/types\/post"}],"author":[{"embeddable":true,"href":"https:\/\/gazdasagportal.hu\/index.php\/wp-json\/wp\/v2\/users\/1"}],"replies":[{"embeddable":true,"href":"https:\/\/gazdasagportal.hu\/index.php\/wp-json\/wp\/v2\/comments?post=37358"}],"version-history":[{"count":1,"href":"https:\/\/gazdasagportal.hu\/index.php\/wp-json\/wp\/v2\/posts\/37358\/revisions"}],"predecessor-version":[{"id":37359,"href":"https:\/\/gazdasagportal.hu\/index.php\/wp-json\/wp\/v2\/posts\/37358\/revisions\/37359"}],"wp:attachment":[{"href":"https:\/\/gazdasagportal.hu\/index.php\/wp-json\/wp\/v2\/media?parent=37358"}],"wp:term":[{"taxonomy":"category","embeddable":true,"href":"https:\/\/gazdasagportal.hu\/index.php\/wp-json\/wp\/v2\/categories?post=37358"},{"taxonomy":"post_tag","embeddable":true,"href":"https:\/\/gazdasagportal.hu\/index.php\/wp-json\/wp\/v2\/tags?post=37358"}],"curies":[{"name":"wp","href":"https:\/\/api.w.org\/{rel}","templated":true}]}}