{"id":37354,"date":"2014-06-18T14:37:22","date_gmt":"2014-06-18T12:37:22","guid":{"rendered":"http:\/\/stockportal.hu\/?p=37354"},"modified":"2014-06-18T14:37:22","modified_gmt":"2014-06-18T12:37:22","slug":"valtoznak-a-foldgaz-rendszerhasznalati-dijak","status":"publish","type":"post","link":"https:\/\/gazdasagportal.hu\/index.php\/valtoznak-a-foldgaz-rendszerhasznalati-dijak\/","title":{"rendered":"V\u00e1ltoznak a f\u00f6ldg\u00e1z rendszerhaszn\u00e1lati d\u00edjak"},"content":{"rendered":"<p><strong>A hazai t\u00e1rol\u00f3i kapacit\u00e1sok min\u00e9l nagyobb m\u00e9rt\u00e9k\u0171 kihaszn\u00e1l\u00e1s\u00e1nak \u00f6szt\u00f6nz\u00e9s\u00e9t szolg\u00e1lja a f\u00f6ldg\u00e1z rendszerhaszn\u00e1lati d\u00edjak j\u00falius 1-j\u00e9t\u0151l bejelentett v\u00e1ltoz\u00e1sa. A rendelkez\u00e9s a lakoss\u00e1gi szolg\u00e1ltat\u00e1s v\u00e9gfelhaszn\u00e1l\u00f3i \u00e1r\u00e1t nem befoly\u00e1solja.<\/strong><!--more--><br \/>\n<div class=\"ads-in-post1\"><div id=\"gazdasagportal.hu_fullbanner_wideboard\"><\/div>\r\n<\/div>\n<p>    A sz\u00e1ll\u00edt\u00e1si d\u00edjak meg\u00e1llap\u00edt\u00e1sa sor\u00e1n jelent\u0151sen, 56 sz\u00e1zal\u00e9kkal cs\u00f6kkent a t\u00e1rol\u00f3i bel\u00e9p\u00e9si d\u00edj, m\u00edg a kil\u00e9p\u00e9si t\u00f6bb mint k\u00e9tszeres\u00e9re emelkedik &#8211; emelte ki egyebek mellett a Magyar Energetikai \u00e9s K\u00f6zm\u0171-szab\u00e1lyoz\u00e1si Hivatal (MEKH) az MTI megkeres\u00e9s\u00e9re.<br \/>\n    A t\u00e1rol\u00e1si d\u00edjakat is cs\u00f6kkenti a rendelet, a kit\u00e1rol\u00e1si d\u00edj 4,06, a bet\u00e1rol\u00e1si d\u00edj 0,62 sz\u00e1zal\u00e9kkal cs\u00f6kken j\u00falius 1-j\u00e9t\u0151l.<br \/>\n    Az eloszt\u00e1si d\u00edjak nem v\u00e1ltoznak.<br \/>\n    Az egyetemes &#8211; d\u00f6nt\u0151en a lakoss\u00e1gi &#8211; szolg\u00e1ltat\u00e1s v\u00e9gfelhaszn\u00e1l\u00f3i \u00e1rszintj\u00e9t a jelenlegi m\u00f3dos\u00edt\u00e1s nem befoly\u00e1solja &#8211; k\u00f6z\u00f6lte a MEKH.(MTI)<\/p>\n","protected":false},"excerpt":{"rendered":"<p>A hazai t\u00e1rol\u00f3i kapacit\u00e1sok min\u00e9l nagyobb m\u00e9rt\u00e9k\u0171 kihaszn\u00e1l\u00e1s\u00e1nak \u00f6szt\u00f6nz\u00e9s\u00e9t szolg\u00e1lja a f\u00f6ldg\u00e1z rendszerhaszn\u00e1lati d\u00edjak j\u00falius 1-j\u00e9t\u0151l bejelentett v\u00e1ltoz\u00e1sa. A rendelkez\u00e9s a lakoss\u00e1gi szolg\u00e1ltat\u00e1s v\u00e9gfelhaszn\u00e1l\u00f3i \u00e1r\u00e1t nem befoly\u00e1solja.<\/p>\n","protected":false},"author":1,"featured_media":0,"comment_status":"open","ping_status":"closed","sticky":false,"template":"","format":"standard","meta":[],"categories":[19],"tags":[],"_links":{"self":[{"href":"https:\/\/gazdasagportal.hu\/index.php\/wp-json\/wp\/v2\/posts\/37354"}],"collection":[{"href":"https:\/\/gazdasagportal.hu\/index.php\/wp-json\/wp\/v2\/posts"}],"about":[{"href":"https:\/\/gazdasagportal.hu\/index.php\/wp-json\/wp\/v2\/types\/post"}],"author":[{"embeddable":true,"href":"https:\/\/gazdasagportal.hu\/index.php\/wp-json\/wp\/v2\/users\/1"}],"replies":[{"embeddable":true,"href":"https:\/\/gazdasagportal.hu\/index.php\/wp-json\/wp\/v2\/comments?post=37354"}],"version-history":[{"count":1,"href":"https:\/\/gazdasagportal.hu\/index.php\/wp-json\/wp\/v2\/posts\/37354\/revisions"}],"predecessor-version":[{"id":37355,"href":"https:\/\/gazdasagportal.hu\/index.php\/wp-json\/wp\/v2\/posts\/37354\/revisions\/37355"}],"wp:attachment":[{"href":"https:\/\/gazdasagportal.hu\/index.php\/wp-json\/wp\/v2\/media?parent=37354"}],"wp:term":[{"taxonomy":"category","embeddable":true,"href":"https:\/\/gazdasagportal.hu\/index.php\/wp-json\/wp\/v2\/categories?post=37354"},{"taxonomy":"post_tag","embeddable":true,"href":"https:\/\/gazdasagportal.hu\/index.php\/wp-json\/wp\/v2\/tags?post=37354"}],"curies":[{"name":"wp","href":"https:\/\/api.w.org\/{rel}","templated":true}]}}