{"id":37352,"date":"2014-06-18T14:27:59","date_gmt":"2014-06-18T12:27:59","guid":{"rendered":"http:\/\/stockportal.hu\/?p=37352"},"modified":"2014-06-18T15:59:10","modified_gmt":"2014-06-18T13:59:10","slug":"pannergy-nyrt-megkezdodott-a-gyori-geotermikus-projekt-elso-kutfurasa","status":"publish","type":"post","link":"https:\/\/gazdasagportal.hu\/index.php\/pannergy-nyrt-megkezdodott-a-gyori-geotermikus-projekt-elso-kutfurasa\/","title":{"rendered":"PannErgy Nyrt: Megkezd\u0151d\u00f6tt a Gy\u0151ri Geotermikus Projekt els\u0151 k\u00fatf\u00far\u00e1sa"},"content":{"rendered":"<p><strong>Megkezd\u0151d\u00f6tt a Gy\u0151ri Geotermikus Projekt els\u0151 k\u00fatj\u00e1nak f\u00far\u00e1sa &#8211; k\u00f6z\u00f6lte a PannErgy Nyrt., a munk\u00e1latokat ir\u00e1ny\u00edt\u00f3 DD Energy Termel\u0151 \u00e9s Szolg\u00e1ltat\u00f3 Kft. tulajdonosa szerd\u00e1n az MTI-vel.<\/strong><!--more--><br \/>\n<div class=\"ads-in-post1\"><div id=\"gazdasagportal.hu_fullbanner_wideboard\"><\/div>\r\n<\/div>\n<p>    A Gy\u0151r mellett fekv\u0151 P\u00e9r k\u00f6zs\u00e9gn\u00e9l elindult beruh\u00e1z\u00e1s v\u00e1rhat\u00f3an \u00e9vi 340-400 terajoule-nyi h\u0151 lead\u00e1s\u00e1t biztos\u00edthatja.     A k\u00f6zlem\u00e9ny szerint m\u00e1r ez \u00e9v febru\u00e1rj\u00e1ban megkezdt\u00e9k a munkater\u00fclet el\u0151k\u00e9sz\u00edt\u00e9s\u00e9t, valamint az enged\u00e9lyeztet\u00e9si elj\u00e1r\u00e1st.<br \/>\n    A gy\u0151ri k\u00fatrendszerhez, a beruh\u00e1z\u00e1shoz kapcsol\u00f3d\u00f3 els\u0151 f\u00far\u00e1s c\u00e9lja a geotermikus kutat\u00e1s, a f\u00f6ldtani k\u00e9pz\u0151dm\u00e9nyek geotermikus jellemz\u0151inek, hidraulikai viszonyainak, v\u00edzad\u00f3 k\u00e9pess\u00e9g\u00e9nek felt\u00e1r\u00e1sa 2400 m\u00e9teres m\u00e9lys\u00e9gig. A munk\u00e1latok ezen szakasza v\u00e1rhat\u00f3an k\u00e9t h\u00f3napon kereszt\u00fcl tart &#8211; \u00edrj\u00e1k.<br \/>\n    Eml\u00e9keztetnek arra: a projekthez a PannErgy Csoport egymilli\u00e1rd forintnyi vissza nem t\u00e9r\u00edtend\u0151 t\u00e1mogat\u00e1st nyert el tavaly szeptemberben az \u00daj Sz\u00e9chenyi Terv K\u00f6rnyezet \u00e9s Energia Operat\u00edv Programj\u00e1nak p\u00e1ly\u00e1zat\u00e1n.<br \/>\n    \u201eT\u00e1rsas\u00e1gunk egy \u00fajabb lehet\u0151s\u00e9get kapott, hogy bebizony\u00edtsa a magyar tud\u00e1s \u00e9s szak\u00e9rtelem vil\u00e1gsz\u00ednvonal\u00fa, hiszen a Kelet-K\u00f6z\u00e9p-Eur\u00f3pa legnagyobb geotermikus beruh\u00e1z\u00e1s\u00e1t, &#8211; a Miskolci Geotermikus Projektet &#8211; k\u00f6vetve \u00fajabb eur\u00f3pai m\u00e9rt\u00e9kkel n\u00e9zve is jelent\u0151s h\u00e9v\u00edzi aktivit\u00e1sra \u00e9p\u00fcl\u0151 z\u00f6ldenergia hasznos\u00edt\u00e1st kezd el Gy\u0151r t\u00e9rs\u00e9g\u00e9ben&#8221; \u2013 id\u00e9zi a k\u00f6zlem\u00e9ny T\u00f3th P\u00e9ter vez\u00e9rigazgat\u00f3t, a PannErgy Nyrt. Igazgat\u00f3tan\u00e1cs\u00e1nak tagj\u00e1t.<br \/>\n    Egy h\u00f3nappal ezel\u0151tt jelentett\u00e9k be az Audi Hungaria Motor Kft. illet\u00e9kesei, hogy a j\u00f6v\u0151 \u00e9v v\u00e9g\u00e9t\u0151l az e projekt keret\u00e9ben nyert geotermikus energi\u00e1val fedezi j\u00e1rm\u0171- \u00e9s motorgy\u00e1ra h\u0151sz\u00fcks\u00e9glet\u00e9nek hatvan sz\u00e1zal\u00e9k\u00e1t a gy\u0151ri aut\u00f3gy\u00e1r.<br \/>\n    Akkori k\u00f6zl\u00e9s szerint a t\u00e1rsas\u00e1g 17 \u00e9ves, tov\u00e1bbi 15 esztend\u0151re sz\u00f3l\u00f3 opci\u00f3t is tartalmaz\u00f3 meg\u00e1llapod\u00e1st k\u00f6t\u00f6tt a PannErgy Csoporttal, amely a k\u00fatb\u00f3l nyert, k\u00f6r\u00fclbel\u00fcl sz\u00e1z fokos vizet, miut\u00e1n h\u0151energi\u00e1ja jelent\u0151s r\u00e9sz\u00e9t kinyert\u00e9k, visszasajtolja a talajba.<br \/>\n    Achim Heinfling, az Audi Hungaria Motor Kft. motorgy\u00e1rt\u00e1s\u00e9rt felel\u0151s \u00fcgyvezet\u0151je ugyanakkor jelzte: a t\u00e1rsas\u00e1g &#8222;a hossz\u00fa t\u00e1v\u00fa fenntarthat\u00f3 mobilit\u00e1st kl\u00edmasemleges helysz\u00ednekkel kapcsolja \u00f6ssze&#8221;, ennek l\u00e9nyeges eleme a hat\u00e9kony \u00e9s takar\u00e9kos anyag- \u00e9s energia-felhaszn\u00e1l\u00e1s, amelynek eredm\u00e9nyek\u00e9nt 2010 \u00e9s 2013 k\u00f6z\u00f6tt \u00e1tlagosan \u00e9vi 3,7 sz\u00e1zal\u00e9kkal cs\u00f6kkent a gy\u00e1r energiafelhaszn\u00e1l\u00e1sa.<br \/>\n    Az \u00fcgyvezet\u0151 eml\u00e9keztetett arra: kor\u00e1bbi c\u00e9lkit\u0171z\u00e9s\u00fck szerint 2018-ban a 2010-es \u00e9rt\u00e9k h\u00e1romnegyede lesz a v\u00e1llalat   energia-felhaszn\u00e1l\u00e1sa.(MTI) <\/p>\n","protected":false},"excerpt":{"rendered":"<p>Megkezd\u0151d\u00f6tt a Gy\u0151ri Geotermikus Projekt els\u0151 k\u00fatj\u00e1nak f\u00far\u00e1sa &#8211; k\u00f6z\u00f6lte a PannErgy Nyrt., a munk\u00e1latokat ir\u00e1ny\u00edt\u00f3 DD Energy Termel\u0151 \u00e9s Szolg\u00e1ltat\u00f3 Kft. tulajdonosa szerd\u00e1n az MTI-vel.<\/p>\n","protected":false},"author":1,"featured_media":21312,"comment_status":"open","ping_status":"closed","sticky":false,"template":"","format":"standard","meta":[],"categories":[146,7],"tags":[],"_links":{"self":[{"href":"https:\/\/gazdasagportal.hu\/index.php\/wp-json\/wp\/v2\/posts\/37352"}],"collection":[{"href":"https:\/\/gazdasagportal.hu\/index.php\/wp-json\/wp\/v2\/posts"}],"about":[{"href":"https:\/\/gazdasagportal.hu\/index.php\/wp-json\/wp\/v2\/types\/post"}],"author":[{"embeddable":true,"href":"https:\/\/gazdasagportal.hu\/index.php\/wp-json\/wp\/v2\/users\/1"}],"replies":[{"embeddable":true,"href":"https:\/\/gazdasagportal.hu\/index.php\/wp-json\/wp\/v2\/comments?post=37352"}],"version-history":[{"count":2,"href":"https:\/\/gazdasagportal.hu\/index.php\/wp-json\/wp\/v2\/posts\/37352\/revisions"}],"predecessor-version":[{"id":37370,"href":"https:\/\/gazdasagportal.hu\/index.php\/wp-json\/wp\/v2\/posts\/37352\/revisions\/37370"}],"wp:featuredmedia":[{"embeddable":true,"href":"https:\/\/gazdasagportal.hu\/index.php\/wp-json\/wp\/v2\/media\/21312"}],"wp:attachment":[{"href":"https:\/\/gazdasagportal.hu\/index.php\/wp-json\/wp\/v2\/media?parent=37352"}],"wp:term":[{"taxonomy":"category","embeddable":true,"href":"https:\/\/gazdasagportal.hu\/index.php\/wp-json\/wp\/v2\/categories?post=37352"},{"taxonomy":"post_tag","embeddable":true,"href":"https:\/\/gazdasagportal.hu\/index.php\/wp-json\/wp\/v2\/tags?post=37352"}],"curies":[{"name":"wp","href":"https:\/\/api.w.org\/{rel}","templated":true}]}}