{"id":37350,"date":"2014-06-18T14:07:34","date_gmt":"2014-06-18T12:07:34","guid":{"rendered":"http:\/\/stockportal.hu\/?p=37350"},"modified":"2014-06-18T14:07:34","modified_gmt":"2014-06-18T12:07:34","slug":"a-nemet-hatosagok-iszlamista-terrortamadasokra-szamitanak","status":"publish","type":"post","link":"https:\/\/gazdasagportal.hu\/index.php\/a-nemet-hatosagok-iszlamista-terrortamadasokra-szamitanak\/","title":{"rendered":"A n\u00e9met hat\u00f3s\u00e1gok iszlamista terrort\u00e1mad\u00e1sokra sz\u00e1m\u00edtanak"},"content":{"rendered":"<p><strong>N\u00e9metorsz\u00e1gban a belbiztons\u00e1gi hat\u00f3s\u00e1gok szerint sz\u00e9ls\u0151s\u00e9ges iszlamist\u00e1k terrort\u00e1mad\u00e1saival kell sz\u00e1molni.<!--more--><\/strong><\/p>\n<div class=\"ads-in-post1\"><div id=\"gazdasagportal.hu_fullbanner_wideboard\"><\/div>\r\n<\/div>\n<p>Thomas de Maiziere bel\u00fcgyminiszter szerdai berlini sajt\u00f3t\u00e1j\u00e9koztat\u00f3j\u00e1n a sz\u00f6vets\u00e9gi alkotm\u00e1nyv\u00e9delmi hat\u00f3s\u00e1g (BfV) &#8211; a bels\u0151 elh\u00e1r\u00edt\u00e1s &#8211; 2013-as jelent\u00e9s\u00e9t ismertetve hangs\u00falyozta, hogy a Sz\u00edri\u00e1b\u00f3l \u00e9s Irakb\u00f3l visszat\u00e9r\u0151 harcosok &#8222;hal\u00e1los vesz\u00e9lyt&#8221; jelentenek.<br \/>\nA br\u00fcsszeli zsid\u00f3 m\u00fazeumn\u00e1l m\u00e1jusban elk\u00f6vetett mer\u00e9nylet megmutatta, hogy egy &#8222;absztrakt vesz\u00e9lyforr\u00e1sb\u00f3l v\u00e9res val\u00f3s\u00e1g lett&#8221; &#8211; mondta a miniszter.<br \/>\nHans-Georg Maassen, a BfV eln\u00f6ke hozz\u00e1tette, hogy jelenleg valamennyi fenyegetetts\u00e9g k\u00f6z\u00fcl az iszlamista terror vesz\u00e9lye a legs\u00falyosabb.(MTI)<\/p>\n","protected":false},"excerpt":{"rendered":"<p>N\u00e9metorsz\u00e1gban a belbiztons\u00e1gi hat\u00f3s\u00e1gok szerint sz\u00e9ls\u0151s\u00e9ges iszlamist\u00e1k terrort\u00e1mad\u00e1saival kell sz\u00e1molni.<\/p>\n","protected":false},"author":1,"featured_media":0,"comment_status":"open","ping_status":"closed","sticky":false,"template":"","format":"standard","meta":[],"categories":[12],"tags":[],"_links":{"self":[{"href":"https:\/\/gazdasagportal.hu\/index.php\/wp-json\/wp\/v2\/posts\/37350"}],"collection":[{"href":"https:\/\/gazdasagportal.hu\/index.php\/wp-json\/wp\/v2\/posts"}],"about":[{"href":"https:\/\/gazdasagportal.hu\/index.php\/wp-json\/wp\/v2\/types\/post"}],"author":[{"embeddable":true,"href":"https:\/\/gazdasagportal.hu\/index.php\/wp-json\/wp\/v2\/users\/1"}],"replies":[{"embeddable":true,"href":"https:\/\/gazdasagportal.hu\/index.php\/wp-json\/wp\/v2\/comments?post=37350"}],"version-history":[{"count":1,"href":"https:\/\/gazdasagportal.hu\/index.php\/wp-json\/wp\/v2\/posts\/37350\/revisions"}],"predecessor-version":[{"id":37351,"href":"https:\/\/gazdasagportal.hu\/index.php\/wp-json\/wp\/v2\/posts\/37350\/revisions\/37351"}],"wp:attachment":[{"href":"https:\/\/gazdasagportal.hu\/index.php\/wp-json\/wp\/v2\/media?parent=37350"}],"wp:term":[{"taxonomy":"category","embeddable":true,"href":"https:\/\/gazdasagportal.hu\/index.php\/wp-json\/wp\/v2\/categories?post=37350"},{"taxonomy":"post_tag","embeddable":true,"href":"https:\/\/gazdasagportal.hu\/index.php\/wp-json\/wp\/v2\/tags?post=37350"}],"curies":[{"name":"wp","href":"https:\/\/api.w.org\/{rel}","templated":true}]}}