{"id":37234,"date":"2014-06-17T14:55:21","date_gmt":"2014-06-17T12:55:21","guid":{"rendered":"http:\/\/stockportal.hu\/?p=37234"},"modified":"2014-06-17T14:55:21","modified_gmt":"2014-06-17T12:55:21","slug":"forex-tozsde-deviza-arany-olaj-technikai-es-fundamentalis-elemzese-2014-06-17","status":"publish","type":"post","link":"https:\/\/gazdasagportal.hu\/index.php\/forex-tozsde-deviza-arany-olaj-technikai-es-fundamentalis-elemzese-2014-06-17\/","title":{"rendered":"Forex, t\u0151zsde, deviza, arany, olaj technikai \u00e9s fundament\u00e1lis elemz\u00e9se  &#8211; 2014.06.17"},"content":{"rendered":"<p><strong>Az EKB val\u00f3sz\u00edn\u0171leg tart\u00f3zkodik a tov\u00e1bbi k\u00f6nny\u00edt\u00e9sekt\u0151l a k\u00f6vetkez\u0151 h\u00f3napokban. H\u00e9tf\u0151n a Bloomberg News bejelentette, hogy az EKB val\u00f3sz\u00edn\u0171leg tart\u00f3zkodik b\u00e1rmilyen \u00faj \u00f6szt\u00f6nz\u0151 int\u00e9zked\u00e9sek bevezet\u00e9s\u00e9t\u0151l a k\u00f6vetkez\u0151 h\u00f3napokban, mik\u00f6zben a K\u00f6zponti Bank fel\u00fclvizsg\u00e1lja a k\u00f6lcs\u00f6nz\u0151k m\u00e9rlegeit &#8211; der\u00fclt ki k\u00e9t meg nem nevezett EKB hivatalnok nyilatkozat\u00e1b\u00f3l.<\/strong><!--more--><br \/>\n<div class=\"ads-in-post1\"><div id=\"gazdasagportal.hu_fullbanner_wideboard\"><\/div>\r\n<\/div>\n<p><strong><a title=\"IronFX\" href=\"https:\/\/www.ironfx.com\/hu\/forex-demo-competition?utm_source=631980&amp;utm_medium=ib_link&amp;utm_campaign=IB\" target=\"_blank\" rel=\"noopener\"><strong>IronFX<\/strong><\/a>\u00a0napi elemz\u00e9s:<\/strong><\/p>\n<p>Az EKB val\u00f3sz\u00edn\u0171leg tart\u00f3zkodik a tov\u00e1bbi k\u00f6nny\u00edt\u00e9sekt\u0151l a k\u00f6vetkez\u0151 h\u00f3napokban. H\u00e9tf\u0151n a Bloomberg News bejelentette, hogy az EKB val\u00f3sz\u00edn\u0171leg tart\u00f3zkodik b\u00e1rmilyen \u00faj \u00f6szt\u00f6nz\u0151 int\u00e9zked\u00e9sek bevezet\u00e9s\u00e9t\u0151l a k\u00f6vetkez\u0151 h\u00f3napokban, mik\u00f6zben a K\u00f6zponti Bank fel\u00fclvizsg\u00e1lja a k\u00f6lcs\u00f6nz\u0151k m\u00e9rlegeit &#8211; der\u00fclt ki k\u00e9t meg nem nevezett EKB hivatalnok nyilatkozat\u00e1b\u00f3l. A politikai d\u00f6nt\u00e9shoz\u00f3k a banki fel\u00fclvizsg\u00e1lat el\u0151tt akkor int\u00e9zkedhetnek ism\u00e9t, ha a gazdas\u00e1gi \u201esokk\u201d rontja az infl\u00e1ci\u00f3s kil\u00e1t\u00e1sokat &#8211; tette hozz\u00e1 a k\u00e9t hivatalnok egyike. A hivatalnokok arr\u00f3l is besz\u00e1moltak, hogy az EKB int\u00e9zked\u00e9seinek hat\u00e1sa cs\u00f6kkenhet, ha a bankok a fel\u00fclvizsg\u00e1lat alatt vonakodnak att\u00f3l, hogy n\u00f6velj\u00e9k a k\u00f6lcs\u00f6nz\u00e9st. Az EUR\/USD p\u00e1r emelkedett, am\u00edg el nem \u00e9rte az 1,3587-es ellen\u00e1ll\u00e1sszinti s\u00e1vot. Szerintem azonban id\u0151 k\u00e9rd\u00e9se, hogy a p\u00e1r az 1,3500-\u00f6s szint al\u00e1 ker\u00fclj\u00f6n, aminek oka f\u0151k\u00e9ppen az EKB \u00e9s a Fed politik\u00e1ja k\u00f6z\u00f6tti k\u00fcl\u00f6nbs\u00e9g, valamint az eur\u00f3 \u00faj, finansz\u00edroz\u00f3 devizak\u00e9nt bet\u00f6lt\u00f6tt szerepe.<\/p>\n<ul>\n<li>Az \u00e9jszaka folyam\u00e1n az Ausztr\u00e1l Nemzeti Bank k\u00f6zz\u00e9tette a legut\u00f3bbi politikai \u00e9rtekezlet\u00e9r\u0151l k\u00e9sz\u00fclt jegyz\u0151k\u00f6nyvet. Az ausztr\u00e1l politikai d\u00f6nt\u00e9shoz\u00f3k agg\u00e1lyukat fejezt\u00e9k ki azzal kapcsolatban, hogy az alacsony kamatl\u00e1bak nem ellens\u00falyozz\u00e1k a b\u00e1ny\u00e1szati befektet\u00e9sekben t\u00f6rt\u00e9nt cs\u00f6kken\u00e9st. Azt is elism\u00e9telt\u00e9k, hogy a politika jelenlegi alkalmazkod\u00f3 hozz\u00e1\u00e1ll\u00e1sa val\u00f3sz\u00edn\u0171leg egy ideig megfelel\u0151, \u00e9s a GDP n\u00f6veked\u00e9se v\u00e1rhat\u00f3an a trend alatt lesz nagyj\u00e1b\u00f3l a j\u00f6v\u0151 \u00e9v sor\u00e1n. A politikai d\u00f6nt\u00e9shoz\u00f3k fenntartott\u00e1k n\u00e9zet\u00fcket, miszerint az AUD \u00e1rfolyama historikus standardok szerint magas szinten marad, mivel az \u00e1ruk \u00e1rai tov\u00e1bb cs\u00f6kkentek a m\u00falt h\u00f3napban. A jegyz\u0151k\u00f6nyvb\u0151l kider\u00fclt, hogy az RBA sokkal enyh\u00edt\u00e9s-p\u00e1rtibb, \u00e9s ha egy \u00fajabb kamatl\u00e1b-m\u00f3dos\u00edt\u00e1s lehets\u00e9ges a k\u00f6vetkez\u0151 hat h\u00f3napban, akkor az szerintem ink\u00e1bb cs\u00f6kkent\u00e9s, mintsem emel\u00e9s lesz.<\/li>\n<li>Az USA-beli pozit\u00edv adatokat h\u00e9tf\u0151n ellens\u00falyozta az, hogy a Nemzetk\u00f6zi Valutaalap (IMF) cs\u00f6kkentette USA gazdas\u00e1g\u00e1nak n\u00f6veked\u00e9s\u00e9vel kapcsolatos el\u0151rejelz\u00e9s\u00e9t erre az \u00e9vre vonatkoz\u00f3an. Az IMF l\u00e9p\u00e9se alig egy h\u00e9ttel azut\u00e1n k\u00f6vetkezett be, hogy a Vil\u00e1gbank cs\u00f6kkentette az USA n\u00f6veked\u00e9s\u00e9vel kapcsolatos el\u0151rejelz\u00e9seit a 2014-es \u00e9vre vonatkoz\u00f3an. Lagarde elmondta, hogy a cs\u00f6kken\u00e9s a gazdas\u00e1g 1. negyed\u00e9ves cs\u00f6kken\u00e9s\u00e9hez kapcsol\u00f3dik, amely f\u0151leg a zord t\u00e9lnek tudhat\u00f3 be. A bejelent\u00e9s azonban nem gyakorolt jelent\u0151s hat\u00e1st az amerikai doll\u00e1rra.<\/li>\n<li>Az orosz rubel gyeng\u00fclt, \u00e9s az MICEX index cs\u00f6kkent, mivel az OAO Gazprom r\u00e9szv\u00e9nyek \u00e1rai estek azon agg\u00e1lyok hat\u00e1s\u00e1ra, hogy a g\u00e1zkitermel\u0151 nem kapja meg a fizets\u00e9get az Ukrajn\u00e1ba sz\u00e1ll\u00edtott g\u00e1z\u00e9rt, miut\u00e1n sikertelen\u00fcl z\u00e1rultak az energia\u00e1rakr\u00f3l folytatott t\u00e1rgyal\u00e1sok. Oroszorsz\u00e1g megszak\u00edtotta az Ukrajna cs\u0151vezet\u00e9k-h\u00e1l\u00f3zat\u00e1ba ir\u00e1nyul\u00f3 g\u00e1zell\u00e1t\u00e1st, miut\u00e1n a t\u00e1rgyal\u00e1sok sikertelenek voltak, \u00e9s elhangzott, hogy Ukrajna csak el\u0151refizet\u00e9s eset\u00e9n kap g\u00e1zt, mivel rendszeresen h\u00e1tral\u00e9kban van a sz\u00e1ml\u00e1k kiegyenl\u00edt\u00e9s\u00e9vel.<\/li>\n<li>Az eur\u00f3pai nap f\u0151 esem\u00e9nye a n\u00e9met j\u00faniusi ZEW felm\u00e9r\u00e9s k\u00f6zz\u00e9t\u00e9tele. A jelenlegi helyzettel kapcsolatos index az el\u0151rejelz\u00e9s szerint v\u00e1ltozatlanul 62,1, mik\u00f6zben a v\u00e1rakoz\u00e1sokkal kapcsolatos index v\u00e1rhat\u00f3an az el\u0151z\u0151 havi 33,1-r\u0151l 35,0-re emelkedett. A m\u00falt h\u00f3napban az EUR\/USD p\u00e1r kb. 20 pippel gyeng\u00fclt a v\u00e1rakoz\u00e1sokkal kapcsolatos index cs\u00f6kken\u00e9se ut\u00e1n. K\u00edv\u00e1ncsiak vagyunk arra, hogy az index emelked\u00e9se k\u00e9pes-e hasonl\u00f3 mozg\u00e1st okozni az ellenkez\u0151 ir\u00e1nyban.<\/li>\n<li>Az Egyes\u00fclt Kir\u00e1lys\u00e1gban a fogyaszt\u00f3i \u00e1rindex az el\u0151rejelz\u00e9s szerint az \u00e1prilisi, \u00e9ves szinten +1,8%-r\u00f3l +1,7%-ra lassult m\u00e1jusban, mik\u00f6zben az orsz\u00e1g termel\u0151i \u00e1rindexe azonos id\u0151szakra vonatkoz\u00f3an a becsl\u00e9s szerint \u00e9ves szinten +0,6%-r\u00f3l +0,7%-ra gyorsult. Nem hiszem, hogy az Egyes\u00fclt Kir\u00e1lys\u00e1g fogyaszt\u00f3i \u00e1rindex\u00e9ben bek\u00f6vetkezett lassul\u00e1s fokozhatja azon v\u00e1rakoz\u00e1sokat, hogy a BoE hosszabb ideig alacsony szinten tartja a kamatl\u00e1bakat, k\u00fcl\u00f6n\u00f6sen Carney korm\u00e1nyz\u00f3 cs\u00fct\u00f6rt\u00f6ki megjegyz\u00e9sei ut\u00e1n.<\/li>\n<li>Az USA k\u00f6zz\u00e9teszi a teljes fogyaszt\u00f3i \u00e1rindexet \u00e9s a mag infl\u00e1ci\u00f3s r\u00e1t\u00e1t (az \u00e9lelmiszerek \u00e9s az energiaipari term\u00e9kek kiv\u00e9tel\u00e9vel). V\u00e1rhat\u00f3an mindk\u00e9t r\u00e1ta v\u00e1ltozatlan maradt m\u00e1jusban: az el\u0151bbi \u00e9ves szinten 2,0%, az ut\u00f3bbi 1,8%. Az \u00faj lak\u00e1s\u00e9p\u00edt\u00e9sek \u00e9s az \u00e9p\u00edt\u00e9si enged\u00e9lyek az el\u0151rejelz\u00e9s szerint m\u00e1jusban cs\u00f6kkentek. Kedden kezdet\u00e9t veszi a k\u00e9tnapos FOMC \u00e9rtekezlet, amely szerd\u00e1n \u00e9r v\u00e9get.<\/li>\n<li>Kedden ketten tartanak besz\u00e9det. Az EKB Korm\u00e1nyz\u00f3tan\u00e1cs\u00e1nak tagja, Ewald Nowotny egy besz\u00e9lget\u00e9sen vesz r\u00e9szt B\u00e9csben, Norv\u00e9gia k\u00f6zponti bankj\u00e1nak korm\u00e1nyz\u00f3ja, Oeystein Olsen pedig Osl\u00f3ban sz\u00f3lal fel.<\/li>\n<\/ul>\n<p><strong>Az EUR\/USD p\u00e1r ellen\u00e1ll\u00e1sszintre tal\u00e1lt az 1,3587-es szinten<\/strong><\/p><div id=\"gazda-4215064691\" class=\"gazda-tartalomban gazda-entity-placement\"><script async src=\"https:\/\/pagead2.googlesyndication.com\/pagead\/js\/adsbygoogle.js\"><\/script>\r\n<ins class=\"adsbygoogle\"\r\n     style=\"display:block\"\r\n     data-ad-format=\"fluid\"\r\n     data-ad-layout-key=\"-6t+ed+2i-1n-4w\"\r\n     data-ad-client=\"ca-pub-1959107119989764\"\r\n     data-ad-slot=\"4008251320\"><\/ins>\r\n<script>\r\n     (adsbygoogle = window.adsbygoogle || []).push({});\r\n<\/script><\/div>\n<p>&nbsp;<\/p>\n<ul>\n<li>Az<strong>\u00a0EUR\/USD<\/strong>\u00a0p\u00e1r h\u00e9tf\u0151n emelkedett, de az emelked\u00e9snek meg\u00e1lljt parancsolt az 1,3587-es (E1) korl\u00e1t. Az \u00e1rfolyam a 1,3500-\u00f6s (T1) t\u00e1maszszint \u00e9s a kor\u00e1bban eml\u00edtett ellen\u00e1ll\u00e1sszint k\u00f6z\u00f6tt ingadozik j\u00fanius 10. \u00f3ta, ez\u00e9rt egyel\u0151re fenntartom semleges \u00e1ll\u00e1spontomat. A r\u00f6vid t\u00e1v\u00fa momentum mutat\u00f3sz\u00e1mokra val\u00f3 hagyatkoz\u00e1s nem t\u0171nik \u00fct\u0151k\u00e9pes strat\u00e9gi\u00e1nak, mivel az RSI lefel\u00e9 mutat, mik\u00f6zben az MACD &#8211; amely m\u00e1r jelz\u0151 vonala felett van &#8211; \u00fagy t\u0171nik, hogy k\u00e9szen \u00e1ll a pozit\u00edv jel fogad\u00e1s\u00e1ra. A k\u00f6vetkez\u0151 t\u00e1maszszint a febru\u00e1ri minimum szint (1,3475 &#8211; T2). Csak az ezen akad\u00e1ly egy\u00e9rtelm\u0171, lefel\u00e9 t\u00f6rt\u00e9n\u0151 \u00e1tt\u00f6r\u00e9se er\u0151s\u00edten\u00e9 meg az el\u0151z\u0151 r\u00f6vid t\u00e1v\u00fa cs\u00f6kken\u0151 trend folytat\u00f3d\u00e1s\u00e1t, \u00e9s hosszabb\u00edt\u00e1sokat ind\u00edthat el a k\u00f6vetkez\u0151 tartom\u00e1ny fel\u00e9 (1,3400 &#8211; T3). Kitekintve, az \u00e1rfolyam a 200 napos mozg\u00f3\u00e1tlag alatt marad, ami \u00e1ltal a kil\u00e1t\u00e1s tov\u00e1bbra is negat\u00edv.<\/li>\n<li>T\u00e1maszszint: 1,3500 (T1), 1,3475 (T2), 1,3400 (T3).<\/li>\n<li>Ellen\u00e1ll\u00e1sszint: 1,3587 (E1), 1,3685 (E2), 1,3745 (E3).<\/li>\n<\/ul>\n<p>&nbsp;<\/p>\n<p><strong>Az EUR\/JPY p\u00e1r visszapattant a 137,70-es szintr\u0151l<\/strong><\/p>\n<p>&nbsp;<\/p>\n<ul>\n<li>Az EUR\/JPY p\u00e1r emelkedett, miut\u00e1n t\u00e1maszszintre tal\u00e1lt a 137,70-es (T1) t\u00e1maszszinten, amely a 200 napos mozg\u00f3\u00e1tlag k\u00f6zel\u00e9ben van. Az \u00edr\u00e1s idej\u00e9n a p\u00e1r a 138,65-\u00f6s (E1) korl\u00e1t fel\u00e9 tart, amely egybeesik az el\u0151z\u0151 medve jelleg\u0171 hull\u00e1m 38,2%-os visszat\u00e9r\u00e9si szintj\u00e9vel. Figyelembe v\u00e9ve a pozit\u00edv divergenci\u00e1t momentum mutat\u00f3sz\u00e1maink \u00e9s az \u00e1rfolyam mozg\u00e1sa k\u00f6z\u00f6tt, nem z\u00e1rhat\u00f3 ki ezen korl\u00e1t felfel\u00e9 val\u00f3 \u00e1tt\u00f6r\u00e9se. A napi grafikonon a hossz\u00fa t\u00e1v\u00fa \u00fatvonalat tov\u00e1bbra is oldalir\u00e1ny\u00fanak tekintem, mivel nem azonos\u00edthat\u00f3 egy\u00e9rtelm\u0171 trend strukt\u00fara.<\/li>\n<li>T\u00e1maszszint: 137,70 (T1), 136,20 (T2), 134,10 (T3).<\/li>\n<li>Ellen\u00e1ll\u00e1sszint: 138,65 (E1), 139,35 (E2), 140,00 (E3).<\/li>\n<\/ul>\n<p>&nbsp;<\/p>\n<p><strong>A GBP\/USD p\u00e1r el\u00e9rte az 1,7000-es szintet<\/strong><\/p>\n<p>&nbsp;<\/p>\n<ul>\n<li>A<strong>\u00a0GBP\/USD\u00a0<\/strong>p\u00e1r el\u00e9rte az 1,7000-es (E1) pszichol\u00f3giai tartom\u00e1nyt, majd cs\u00f6kkent. Figyelembe v\u00e9ve, hogy az RSI kil\u00e9pett t\u00falv\u00e1s\u00e1rolt tartom\u00e1ny\u00e1b\u00f3l, mik\u00f6zben az MACD &#8211; b\u00e1r bika jelleg\u0171 tartom\u00e1nyban van &#8211; jelz\u0151 vonala al\u00e1 cs\u00f6kkent, a visszat\u00e9r\u00e9s v\u00e1rhat\u00f3an folytat\u00f3dik, tal\u00e1n az 1,6900-es (T1) tartom\u00e1ny fel\u00e9, amely egybeesik az el\u0151z\u0151 rally 38,2%-os visszat\u00e9r\u00e9si szintj\u00e9vel. Kitekintve, a 80 napos mozg\u00f3\u00e1tlag er\u0151s t\u00e1maszszintet biztos\u00edt az \u00e1rfolyam mozg\u00e1s\u00e1nak minimum szintjeihez, de az 1,7000-es (E1) tartom\u00e1ny egy\u00e9rtelm\u0171, felfel\u00e9 val\u00f3 \u00e1tt\u00f6r\u00e9se sz\u00fcks\u00e9ges a hossz\u00fa t\u00e1v\u00fa n\u00f6vekv\u0151 trend meger\u0151s\u00edt\u00e9s\u00e9hez.<\/li>\n<li>T\u00e1maszszint: 1,6900 (T1), 1,6845 (T2), 1,6735 (T3).<\/li>\n<\/ul>\n<ul>\n<li>Ellen\u00e1ll\u00e1sszint: 1,7000 (E1), 1,7100 (E2), 1,7200 (E3).<\/li>\n<\/ul>\n<p><strong>Az arany el\u00e9rte a n\u00f6vekv\u0151 trendvonalat<\/strong><\/p>\n<p>&nbsp;<\/p>\n<ul>\n<li>Az<strong>\u00a0arany<\/strong>\u00a0tegnap jelent\u0151sen esett, \u00e9s el\u00e9rte r\u00f6vid t\u00e1v\u00fa k\u00e9k n\u00f6vekv\u0151 trendvonal\u00e1t. Ha a bik\u00e1k el\u00e9g er\u0151sek ahhoz, hogy el\u0151nyre tegyenek szert a visszat\u00e9r\u00e9sb\u0151l, v\u00e1rhat\u00f3an ism\u00e9t megc\u00e9lozz\u00e1k az 1285-\u00f6s (E1) akad\u00e1lyt, ahol az egy\u00e9rtelm\u0171 \u00e1tt\u00f6r\u00e9s a r\u00f6vid t\u00e1v\u00fa n\u00f6vekv\u0151 trend folytat\u00f3d\u00e1s\u00e1t jelezheti, \u00e9s el\u0151k\u00e9sz\u00edtheti az utat az 1305-\u00f6s (E2) szint fel\u00e9. Azon t\u00e9ny ellen\u00e9re, hogy a n\u00f6vekv\u0151 trend egyel\u0151re \u00e9rv\u00e9nyben marad, semleges \u00e1ll\u00e1spontra helyezkedn\u00e9k, mivel az RSI kil\u00e9pett t\u00falv\u00e1s\u00e1rolt tartom\u00e1ny\u00e1b\u00f3l, majd k\u00e9k t\u00e1maszszintje al\u00e1 cs\u00f6kkent, mik\u00f6zben az MACD ind\u00edt\u00f3 vonala al\u00e1 cs\u00f6kkent, ami kedvez a cs\u00f6kken\u00e9s folytat\u00f3d\u00e1s\u00e1nak. Azonban csak a trendvonal \u00e9s az 1268-as (T1) t\u00e1maszszint lefel\u00e9 t\u00f6rt\u00e9n\u0151 \u00e1tt\u00f6r\u00e9se v\u00e1ltoztatja ism\u00e9t negat\u00edvra a k\u00e9pet.<\/li>\n<li>T\u00e1maszszint: 1268 (T1), 1257 (T2), 1240 (T3).<\/li>\n<li>Ellen\u00e1ll\u00e1sszint: 1285 (E1), 1305 (E2), 1315 (E3).<\/li>\n<\/ul>\n<p>&nbsp;<\/p>\n<p><strong>A WTI ism\u00e9t visszaesett<\/strong><\/p>\n<p>&nbsp;<\/p>\n<ul>\n<li>A<strong>\u00a0WTI\u00a0<\/strong>cs\u00f6kkent, \u00e9s ism\u00e9t t\u00e1maszszintre tal\u00e1lt a 106,50-es (T1) korl\u00e1ton. Ezen akad\u00e1ly lefel\u00e9 t\u00f6rt\u00e9n\u0151 \u00e1tt\u00f6r\u00e9se a 1 \u00f3r\u00e1s grafikonon l\u00e1that\u00f3 \u201edupla cs\u00facs\u201d alakzat befejez\u0151d\u00e9s\u00e9t jelezheti, \u00e9s tov\u00e1bbi visszat\u00e9r\u00e9st v\u00e1lthat ki. A 4 \u00f3r\u00e1s grafikonon az RSI a 70-es szint al\u00e1 cs\u00f6kkent, mik\u00f6zben az MACD lefel\u00e9 \u00e1tt\u00e9rt jelz\u0151 vonal\u00e1n, ami kedvez a kor\u00e1bban eml\u00edtett forgat\u00f3k\u00f6nyvnek. Am\u00edg azonban a WTI mindk\u00e9t mozg\u00f3\u00e1tlag felett marad, a n\u00f6vekv\u0151 \u00fatvonal szerintem \u00e9rv\u00e9nyben marad, \u00e9s a tov\u00e1bbi lehets\u00e9ges cs\u00f6kken\u00e9seket egyel\u0151re korrekci\u00f3s hull\u00e1mnak tartan\u00e1m.<\/li>\n<li>T\u00e1maszszint: 106,50 (T1), 105,00 (T2), 104,10 (T3).<\/li>\n<li>Ellen\u00e1ll\u00e1sszint: 108,00 (E1), 110,00 (E2), 112,00 (E3).<\/li>\n<\/ul>\n","protected":false},"excerpt":{"rendered":"<p>Az EKB val\u00f3sz\u00edn\u0171leg tart\u00f3zkodik a tov\u00e1bbi k\u00f6nny\u00edt\u00e9sekt\u0151l a k\u00f6vetkez\u0151 h\u00f3napokban. H\u00e9tf\u0151n a Bloomberg News bejelentette, hogy az EKB val\u00f3sz\u00edn\u0171leg tart\u00f3zkodik b\u00e1rmilyen \u00faj \u00f6szt\u00f6nz\u0151 int\u00e9zked\u00e9sek bevezet\u00e9s\u00e9t\u0151l a k\u00f6vetkez\u0151 h\u00f3napokban, mik\u00f6zben a K\u00f6zponti Bank fel\u00fclvizsg\u00e1lja a k\u00f6lcs\u00f6nz\u0151k m\u00e9rlegeit &#8211; der\u00fclt ki k\u00e9t meg nem nevezett EKB hivatalnok nyilatkozat\u00e1b\u00f3l.<\/p>\n","protected":false},"author":1,"featured_media":20409,"comment_status":"open","ping_status":"closed","sticky":false,"template":"","format":"standard","meta":[],"categories":[146,8,131],"tags":[],"_links":{"self":[{"href":"https:\/\/gazdasagportal.hu\/index.php\/wp-json\/wp\/v2\/posts\/37234"}],"collection":[{"href":"https:\/\/gazdasagportal.hu\/index.php\/wp-json\/wp\/v2\/posts"}],"about":[{"href":"https:\/\/gazdasagportal.hu\/index.php\/wp-json\/wp\/v2\/types\/post"}],"author":[{"embeddable":true,"href":"https:\/\/gazdasagportal.hu\/index.php\/wp-json\/wp\/v2\/users\/1"}],"replies":[{"embeddable":true,"href":"https:\/\/gazdasagportal.hu\/index.php\/wp-json\/wp\/v2\/comments?post=37234"}],"version-history":[{"count":1,"href":"https:\/\/gazdasagportal.hu\/index.php\/wp-json\/wp\/v2\/posts\/37234\/revisions"}],"predecessor-version":[{"id":37235,"href":"https:\/\/gazdasagportal.hu\/index.php\/wp-json\/wp\/v2\/posts\/37234\/revisions\/37235"}],"wp:featuredmedia":[{"embeddable":true,"href":"https:\/\/gazdasagportal.hu\/index.php\/wp-json\/wp\/v2\/media\/20409"}],"wp:attachment":[{"href":"https:\/\/gazdasagportal.hu\/index.php\/wp-json\/wp\/v2\/media?parent=37234"}],"wp:term":[{"taxonomy":"category","embeddable":true,"href":"https:\/\/gazdasagportal.hu\/index.php\/wp-json\/wp\/v2\/categories?post=37234"},{"taxonomy":"post_tag","embeddable":true,"href":"https:\/\/gazdasagportal.hu\/index.php\/wp-json\/wp\/v2\/tags?post=37234"}],"curies":[{"name":"wp","href":"https:\/\/api.w.org\/{rel}","templated":true}]}}