{"id":37217,"date":"2014-06-17T12:49:00","date_gmt":"2014-06-17T10:49:00","guid":{"rendered":"http:\/\/stockportal.hu\/?p=37217"},"modified":"2014-06-17T12:49:00","modified_gmt":"2014-06-17T10:49:00","slug":"juliustol-kereskednek-az-ing-reszvenyeivel-az-euronext-tozsden","status":"publish","type":"post","link":"https:\/\/gazdasagportal.hu\/index.php\/juliustol-kereskednek-az-ing-reszvenyeivel-az-euronext-tozsden\/","title":{"rendered":"J\u00faliust\u00f3l kereskednek az ING r\u00e9szv\u00e9nyeivel az Euronext t\u0151zsd\u00e9n"},"content":{"rendered":"<p><strong>Az ING Csoport bejelentette le\u00e1nyv\u00e1llalata, az NN Csoport r\u00e9szv\u00e9nyeinek t\u0151zsdei bevezet\u00e9s\u00e9re vonatkoz\u00f3 el\u0151zetes kibocs\u00e1t\u00e1si \u00e1rs\u00e1vj\u00e1t \u00e9s a kibocs\u00e1t\u00e1s nagys\u00e1grendj\u00e9t, a r\u00e9szv\u00e9nyek keresked\u00e9se v\u00e1rhat\u00f3an j\u00falius 2-\u00e1n kezd\u0151dik az amszterdami Euronext \u00e9rt\u00e9kt\u0151zsd\u00e9n &#8211; k\u00f6z\u00f6lte az ING Csoport kedden az MTI-vel.<\/strong><!--more--><br \/>\n<div class=\"ads-in-post1\"><div id=\"gazdasagportal.hu_fullbanner_wideboard\"><\/div>\r\n<\/div>\n<p>    Az ING k\u00f6zlem\u00e9nye szerint az NN Csoport alapt\u0151k\u00e9j\u00e9t k\u00e9pez\u0151 t\u00f6rzsr\u00e9szv\u00e9nyeib\u0151l 70 milli\u00f3 darabot kezdeti r\u00e9szv\u00e9nykibocs\u00e1t\u00e1s form\u00e1j\u00e1ban k\u00edn\u00e1l elad\u00e1sra  r\u00e9szv\u00e9nyenk\u00e9nti 18,50 \u00e9s 22,00 eur\u00f3 k\u00f6z\u00f6tti el\u0151zetes kibocs\u00e1t\u00e1si \u00e1ron. A r\u00e9szv\u00e9nyenk\u00e9nti \u00e1r alapj\u00e1n a megv\u00e9telre k\u00edn\u00e1lt r\u00e9szv\u00e9nypakett kibocs\u00e1t\u00e1skori brutt\u00f3 \u00e9rt\u00e9ke 1,3-1,5 milli\u00e1rd eur\u00f3 k\u00f6z\u00f6tt mozog. Az NN Csoport r\u00e9szv\u00e9nyeinek keresked\u00e9se az amszterdami Euronext t\u0151zsd\u00e9n v\u00e1rhat\u00f3an 2014. j\u00falius 2-\u00e1n kezd\u0151dik &#8222;NN Group&#8221; n\u00e9ven, &#8216;NN&#8217; t\u0151zsdei azonos\u00edt\u00f3 alatt.<br \/>\n    Az NN Csoport kezdeti nyilv\u00e1nos r\u00e9szv\u00e9nykibocs\u00e1t\u00e1sra vonatkoz\u00f3 t\u00e1j\u00e9koztat\u00f3j\u00e1t j\u00fanius 17-\u00e9n teszik k\u00f6zz\u00e9 a www.nn-group.com weboldalon, miut\u00e1n azt a Holland P\u00e9nzpiaci Fel\u00fcgyelet (AFM) j\u00f3v\u00e1hagyta.<br \/>\n    A v\u00e9gleges kibocs\u00e1t\u00e1si \u00e1rat \u00e9s a kibocs\u00e1t\u00e1ssal \u00e9rintett r\u00e9szv\u00e9nyek pontos sz\u00e1m\u00e1t v\u00e1rhat\u00f3an j\u00falius elsej\u00e9n hat\u00e1rozz\u00e1k meg.<br \/>\n    Az ING k\u00f6zlem\u00e9nye eml\u00e9keztet: kor\u00e1bbi bejelent\u00e9se \u00e9rtelm\u00e9ben cs\u00f6kkenti r\u00e9szesed\u00e9s\u00e9t biztos\u00edt\u00e1si \u00e9s befektet\u00e9si \u00fczlet\u00e1gaiban, \u00e1talak\u00edt\u00e1si terve alapj\u00e1n a kezdeti t\u0151zsdei r\u00e9szv\u00e9nykibocs\u00e1t\u00e1st k\u00f6vet\u0151en az NN Csoportban val\u00f3 r\u00e9szesed\u00e9s\u00e9t 2015. december 31-ig 50 sz\u00e1zal\u00e9k al\u00e1 cs\u00f6kkenti, majd a fennmarad\u00f3 r\u00e9szesed\u00e9s\u00e9t 2016. december 31-ig \u00e9rt\u00e9kes\u00edti.<br \/>\n    A k\u00f6zlem\u00e9ny szerint a kezdeti r\u00e9szv\u00e9nykibocs\u00e1t\u00e1sban t\u0151zsd\u00e9re vitt 70 milli\u00f3 r\u00e9szv\u00e9nnyel (a t\u00faljegyz\u00e9si opci\u00f3 n\u00e9lk\u00fcl), \u00e9s a 450 milli\u00f3 eur\u00f3 \u00e9rt\u00e9kben az NN Csoport r\u00e9szv\u00e9nyeire k\u00f6telez\u0151en bev\u00e1ltand\u00f3 al\u00e1rendelt k\u00f6tv\u00e9nyekkel az ING r\u00e9szesed\u00e9se az NN Csoportban v\u00e1rhat\u00f3an 73,6 sz\u00e1zal\u00e9kra cs\u00f6kken.<br \/>\n    Az NN Csoport a vil\u00e1g egyik vezet\u0151 befektet\u00e9si \u00e9s biztos\u00edt\u00e1si t\u00e1rsas\u00e1ga, amely 18 orsz\u00e1gban, els\u0151sorban Eur\u00f3p\u00e1ban \u00e9s Jap\u00e1nban rendelkezik er\u0151teljes jelenl\u00e9ttel. Az NN csoportba tartozik a Nationale-Nederlanden, az ING Insurance Europe &#8211; ezen bel\u00fcl a magyarorsz\u00e1gi ING Biztos\u00edt\u00f3 Zrt. -, tov\u00e1bb\u00e1 az ING Investment Management \u00e9s az ING Life Japan. Kor\u00e1bbi k\u00f6zl\u00e9s\u00fck szerint a magyarorsz\u00e1gi ING Biztos\u00edt\u00f3 a j\u00f6v\u0151ben NN Biztos\u00edt\u00f3 n\u00e9ven v\u00e1ltozatlan form\u00e1ban m\u0171k\u00f6dik tov\u00e1bb, az NN Csoport t\u0151zsdei bevezet\u00e9se k\u00f6zvetlen\u00fcl nem \u00e9rinti a magyarorsz\u00e1gi ING Biztos\u00edt\u00f3 Zrt. \u00fcgyfeleit.(MTI)<\/p>\n","protected":false},"excerpt":{"rendered":"<p>Az ING Csoport bejelentette le\u00e1nyv\u00e1llalata, az NN Csoport r\u00e9szv\u00e9nyeinek t\u0151zsdei bevezet\u00e9s\u00e9re vonatkoz\u00f3 el\u0151zetes kibocs\u00e1t\u00e1si \u00e1rs\u00e1vj\u00e1t \u00e9s a kibocs\u00e1t\u00e1s nagys\u00e1grendj\u00e9t, a r\u00e9szv\u00e9nyek keresked\u00e9se v\u00e1rhat\u00f3an j\u00falius 2-\u00e1n kezd\u0151dik az amszterdami Euronext \u00e9rt\u00e9kt\u0151zsd\u00e9n &#8211; k\u00f6z\u00f6lte az ING Csoport kedden az MTI-vel.<\/p>\n","protected":false},"author":1,"featured_media":0,"comment_status":"open","ping_status":"closed","sticky":false,"template":"","format":"standard","meta":[],"categories":[8],"tags":[],"_links":{"self":[{"href":"https:\/\/gazdasagportal.hu\/index.php\/wp-json\/wp\/v2\/posts\/37217"}],"collection":[{"href":"https:\/\/gazdasagportal.hu\/index.php\/wp-json\/wp\/v2\/posts"}],"about":[{"href":"https:\/\/gazdasagportal.hu\/index.php\/wp-json\/wp\/v2\/types\/post"}],"author":[{"embeddable":true,"href":"https:\/\/gazdasagportal.hu\/index.php\/wp-json\/wp\/v2\/users\/1"}],"replies":[{"embeddable":true,"href":"https:\/\/gazdasagportal.hu\/index.php\/wp-json\/wp\/v2\/comments?post=37217"}],"version-history":[{"count":1,"href":"https:\/\/gazdasagportal.hu\/index.php\/wp-json\/wp\/v2\/posts\/37217\/revisions"}],"predecessor-version":[{"id":37218,"href":"https:\/\/gazdasagportal.hu\/index.php\/wp-json\/wp\/v2\/posts\/37217\/revisions\/37218"}],"wp:attachment":[{"href":"https:\/\/gazdasagportal.hu\/index.php\/wp-json\/wp\/v2\/media?parent=37217"}],"wp:term":[{"taxonomy":"category","embeddable":true,"href":"https:\/\/gazdasagportal.hu\/index.php\/wp-json\/wp\/v2\/categories?post=37217"},{"taxonomy":"post_tag","embeddable":true,"href":"https:\/\/gazdasagportal.hu\/index.php\/wp-json\/wp\/v2\/tags?post=37217"}],"curies":[{"name":"wp","href":"https:\/\/api.w.org\/{rel}","templated":true}]}}