{"id":37212,"date":"2014-06-17T12:11:26","date_gmt":"2014-06-17T10:11:26","guid":{"rendered":"http:\/\/stockportal.hu\/?p=37212"},"modified":"2014-06-17T12:11:26","modified_gmt":"2014-06-17T10:11:26","slug":"admiral-markets-heti-kitekintes-2014-06-17","status":"publish","type":"post","link":"https:\/\/gazdasagportal.hu\/index.php\/admiral-markets-heti-kitekintes-2014-06-17\/","title":{"rendered":"Admiral Markets &#8211; Heti Kitekint\u00e9s 2014.06.17."},"content":{"rendered":"<p><strong>B\u00e1r az elm\u00falt h\u00e9ten besz\u00f6k\u00f6tt bor\u00fa a b\u00f6rz\u00e9kre, azonban a borong\u00f3s hangulatban jobban teljes\u00edt\u0151\u00a0nemesf\u00e9mek mellett az ipari f\u00e9mek is tartogattak \u00e9rdekess\u00e9geket. Annak f\u00e9ny\u00e9ben pedig k\u00fcl\u00f6n\u00f6sen,\u00a0<\/strong><strong>hogy a r\u00e9z \u00e1rfolyam\u00e1nak v\u00e1ltoz\u00e1s\u00e1t mennyire m\u00e1sk\u00e9pp l\u00e1tj\u00e1k a piaci szerepl\u0151k.\u00a0<\/strong><br \/>\n<div class=\"ads-in-post1\"><div id=\"gazdasagportal.hu_fullbanner_wideboard\"><\/div>\r\n<\/div>\n<ul>\n<li>B\u00e1r az elm\u00falt h\u00e9ten besz\u00f6k\u00f6tt bor\u00fa a b\u00f6rz\u00e9kre, azonban a borong\u00f3s hangulatban jobban teljes\u00edt\u0151\u00a0nemesf\u00e9mek mellett az ipari f\u00e9mek is tartogattak \u00e9rdekess\u00e9geket. Annak f\u00e9ny\u00e9ben pedig k\u00fcl\u00f6n\u00f6sen,\u00a0hogy a r\u00e9z \u00e1rfolyam\u00e1nak v\u00e1ltoz\u00e1s\u00e1t mennyire m\u00e1sk\u00e9pp l\u00e1tj\u00e1k a piaci szerepl\u0151k. Az elm\u00falt h\u00e9t m\u00e1sodik\u00a0fel\u00e9ben k\u00f6zz\u00e9tett m\u00e1jusi, a v\u00e1rtn\u00e1l kedvez\u0151bb k\u00ednai ipari termel\u00e9si statisztik\u00e1k nyom\u00e1n enyh\u00fclni\u00a0l\u00e1tszottak k\u00ednai kereslet tov\u00e1bbi cs\u00f6kken\u00e9s\u00e9vel kapcsolatos v\u00e1rakoz\u00e1sok; azonban az elemz\u0151k m\u00e1sik\u00a0r\u00e9sze szerint a r\u00e9z \u00e1rfolyam\u00e1nak hanyatl\u00e1sa az \u00e9v m\u00e1sodik fel\u00e9ben ak\u00e1r m\u00e9g tov\u00e1bb folytat\u00f3dhat. A\u00a0k\u00ednai (\u00fan. CCFD) finansz\u00edroz\u00e1si \u00fcgyletek tov\u00e1bbi visszaszorul\u00e1sa -amelyek sor\u00e1n a r\u00e9sztvev\u0151k\u00a0el\u0151szeretettel haszn\u00e1lt\u00e1k fel m\u00f6g\u00f6ttes fedezetk\u00e9nt t\u00f6bbek k\u00f6z\u00f6tt a rezet is-, \u00fajra r\u00e1nyomhatja a b\u00e9lyeg\u00e9t\u00a0az \u00e1rfolyamra.<\/li>\n<\/ul>\n<p>&nbsp;<\/p>\n<ul>\n<li>\u00a0Hull\u00e1mvas\u00fatra \u00fclt a lengyel fizet\u0151eszk\u00f6z az elm\u00falt hetekben. A zloty az eur\u00f3val szembeni-, m\u00e1jus\u00a0m\u00e1sodik fele \u00f3ta ir\u00e1nyad\u00f3, massz\u00edv er\u0151s\u00f6d\u00e9s\u00e9t k\u00f6vet\u0151en kezdett jelent\u0151s gyeng\u00fcl\u00e9sbe az elm\u00falt h\u00e9ten,\u00a0miut\u00e1n egy lengyel hetilap nemr\u00e9g olyan hangfelv\u00e9telt hozott nyilv\u00e1noss\u00e1gra, amelyben Marek Belka\u00a0jegybankeln\u00f6k m\u00e9g 2013 j\u00falius\u00e1ban k\u00e9rte a lengyel p\u00e9nz\u00fcgyminiszter lev\u00e1lt\u00e1s\u00e1t; amelynek fej\u00e9ben\u00a0biztos\u00edtotta volna a korm\u00e1ny gazdas\u00e1g\u00e9l\u00e9nk\u00edt\u0151 int\u00e9zked\u00e9sek jegybank \u00e1ltali t\u00e1mogat\u00e1s\u00e1t. Az \u00fcgyb\u0151l\u00a0hatalmas belpolitikai botr\u00e1ny keveredett; mindemellett \u00e9rdemes kiemelni, hogy a zloty gyeng\u00fcl\u00e9se\u00a0m\u00f6g\u00f6tt a p\u00e9nteken publik\u00e1lt, v\u00e1ratlanul 11-h\u00f3napos m\u00e9lypontra s\u00fcllyed\u0151 lengyel infl\u00e1ci\u00f3s r\u00e1ta is\u00a0kiemelt szerepet j\u00e1tszhatott; amelyet k\u00f6vet\u0151en a piaci szerepl\u0151k egy r\u00e9sze nem z\u00e1rta ki a k\u00f6zelj\u00f6v\u0151ben\u00a0v\u00e9grehajtott, \u00fajabb lengyel kamatcs\u00f6kkent\u00e9s lehet\u0151s\u00e9g\u00e9t. \u00c9rdemes mindemellett egy pillant\u00e1st vetni az\u00a0EURPLN technikai k\u00e9p\u00e9re is: a heti bont\u00e1s\u00fa grafikonon l\u00e1that\u00f3, hogy a kurzus egy szimmetrikus\u00a0h\u00e1romsz\u00f6g form\u00e1ci\u00f3b\u00f3l lefel\u00e9 t\u00f6rt ki m\u00e1jus v\u00e9g\u00e9n, azonban a technikai k\u00e9p alapj\u00e1n val\u00f3sz\u00edn\u0171s\u00edthet\u0151,\u00a0hogy r\u00f6vid t\u00e1von ism\u00e9t a vev\u0151k ragadhatj\u00e1k magukhoz az ir\u00e1ny\u00edt\u00e1st. Ebben az esetben, ha a zloty\u00a0tov\u00e1bb gyeng\u00fcl az eur\u00f3val szemben; a kor\u00e1bbi h\u00e1romsz\u00f6g als\u00f3 trendvonal\u00e1nak visszatesztel\u00e9se\u00a0k\u00f6vetkezhet, 4,1670-n\u00e9l. (http:\/\/goo.gl\/AnVY2P)<\/li>\n<\/ul>\n<p>&nbsp;<\/p>\n<ul>\n<li>A piaci szerepl\u0151k szerd\u00e1n este ismerhetik meg az amerikai jegybank szerep\u00e9t bet\u00f6lt\u0151 Federal Reserve\u00a0k\u00e9tnapos kamatd\u00f6nt\u0151 \u00fcl\u00e9s\u00e9nek v\u00e9geredm\u00e9ny\u00e9t. Az ir\u00e1nyad\u00f3 r\u00e1ta v\u00e1ltozatlan szinten tart\u00e1sa mellett a\u00a0\u2019tap\u00edr\u2019 tov\u00e1bb l\u00e9pkedhet el\u0151re: a QE3 program decemberben megkezdett m\u00e9rs\u00e9kl\u00e9se tov\u00e1bb\u00a0folytat\u00f3dhat. Az el\u0151zetes v\u00e1rakoz\u00e1sok szerint az eszk\u00f6zv\u00e1s\u00e1rl\u00e1si m\u0171veletek keret\u00f6sszege \u00fajabb 10mrd\u00a0doll\u00e1rral 35mrd doll\u00e1rra m\u00e9rs\u00e9kl\u0151dhet; mindemellett a felfriss\u00edtett n\u00f6veked\u00e9si- \u00e9s infl\u00e1ci\u00f3s el\u0151rejelz\u00e9sek\u00a0mellett a befektet\u0151k a\u00a0Ny\u00edltpiaci Bizotts\u00e1g \u00f6sszegzett kamatemel\u00e9si v\u00e1rakoz\u00e1sainak aktu\u00e1lis \u00e1ll\u00e1s\u00e1t is<\/li>\n<\/ul>\n<p>megismerik majd, amelyt\u0151l a tov\u00e1bbi ir\u00e1nymutat\u00e1st rem\u00e9lnek a r\u00e9sztvev\u0151k a monet\u00e1ris szigor\u00edt\u00e1s els\u0151\u00a0id\u0151pontj\u00e1ra vonatkoz\u00f3an.<\/p><div id=\"gazda-2003855756\" class=\"gazda-tartalomban gazda-entity-placement\"><script async src=\"https:\/\/pagead2.googlesyndication.com\/pagead\/js\/adsbygoogle.js\"><\/script>\r\n<ins class=\"adsbygoogle\"\r\n     style=\"display:block\"\r\n     data-ad-format=\"fluid\"\r\n     data-ad-layout-key=\"-6t+ed+2i-1n-4w\"\r\n     data-ad-client=\"ca-pub-1959107119989764\"\r\n     data-ad-slot=\"4008251320\"><\/ins>\r\n<script>\r\n     (adsbygoogle = window.adsbygoogle || []).push({});\r\n<\/script><\/div>\n","protected":false},"excerpt":{"rendered":"<p>B\u00e1r az elm\u00falt h\u00e9ten besz\u00f6k\u00f6tt bor\u00fa a b\u00f6rz\u00e9kre, azonban a borong\u00f3s hangulatban jobban teljes\u00edt\u0151\u00a0nemesf\u00e9mek mellett az ipari f\u00e9mek is tartogattak \u00e9rdekess\u00e9geket. Annak f\u00e9ny\u00e9ben pedig k\u00fcl\u00f6n\u00f6sen,\u00a0hogy a r\u00e9z \u00e1rfolyam\u00e1nak v\u00e1ltoz\u00e1s\u00e1t mennyire m\u00e1sk\u00e9pp l\u00e1tj\u00e1k a piaci szerepl\u0151k.\u00a0 B\u00e1r az elm\u00falt h\u00e9ten besz\u00f6k\u00f6tt bor\u00fa a b\u00f6rz\u00e9kre, azonban a borong\u00f3s hangulatban jobban teljes\u00edt\u0151\u00a0nemesf\u00e9mek mellett az ipari f\u00e9mek is tartogattak &#8230;<\/p>\n","protected":false},"author":1,"featured_media":20812,"comment_status":"open","ping_status":"closed","sticky":false,"template":"","format":"standard","meta":[],"categories":[146,19,8,7],"tags":[],"_links":{"self":[{"href":"https:\/\/gazdasagportal.hu\/index.php\/wp-json\/wp\/v2\/posts\/37212"}],"collection":[{"href":"https:\/\/gazdasagportal.hu\/index.php\/wp-json\/wp\/v2\/posts"}],"about":[{"href":"https:\/\/gazdasagportal.hu\/index.php\/wp-json\/wp\/v2\/types\/post"}],"author":[{"embeddable":true,"href":"https:\/\/gazdasagportal.hu\/index.php\/wp-json\/wp\/v2\/users\/1"}],"replies":[{"embeddable":true,"href":"https:\/\/gazdasagportal.hu\/index.php\/wp-json\/wp\/v2\/comments?post=37212"}],"version-history":[{"count":2,"href":"https:\/\/gazdasagportal.hu\/index.php\/wp-json\/wp\/v2\/posts\/37212\/revisions"}],"predecessor-version":[{"id":37214,"href":"https:\/\/gazdasagportal.hu\/index.php\/wp-json\/wp\/v2\/posts\/37212\/revisions\/37214"}],"wp:featuredmedia":[{"embeddable":true,"href":"https:\/\/gazdasagportal.hu\/index.php\/wp-json\/wp\/v2\/media\/20812"}],"wp:attachment":[{"href":"https:\/\/gazdasagportal.hu\/index.php\/wp-json\/wp\/v2\/media?parent=37212"}],"wp:term":[{"taxonomy":"category","embeddable":true,"href":"https:\/\/gazdasagportal.hu\/index.php\/wp-json\/wp\/v2\/categories?post=37212"},{"taxonomy":"post_tag","embeddable":true,"href":"https:\/\/gazdasagportal.hu\/index.php\/wp-json\/wp\/v2\/tags?post=37212"}],"curies":[{"name":"wp","href":"https:\/\/api.w.org\/{rel}","templated":true}]}}