{"id":37200,"date":"2014-06-17T10:21:58","date_gmt":"2014-06-17T08:21:58","guid":{"rendered":"http:\/\/stockportal.hu\/?p=37200"},"modified":"2014-06-17T10:21:58","modified_gmt":"2014-06-17T08:21:58","slug":"iraki-lazadas-obama-275-katonat-kuld-a-bagdadi-amerikai-kovetseg-vedelmere","status":"publish","type":"post","link":"https:\/\/gazdasagportal.hu\/index.php\/iraki-lazadas-obama-275-katonat-kuld-a-bagdadi-amerikai-kovetseg-vedelmere\/","title":{"rendered":"Iraki l\u00e1zad\u00e1s: Obama 275 katon\u00e1t k\u00fcld a bagdadi amerikai k\u00f6vets\u00e9g v\u00e9delm\u00e9re"},"content":{"rendered":"<p><strong>Barack Obama amerikai eln\u00f6k h\u00e9tf\u0151n lev\u00e9lben \u00e9rtes\u00edtette a kongresszust, hogy 275 f\u0151 katonai szem\u00e9lyzettel er\u0151s\u00edti meg az Egyes\u00fclt \u00c1llamok bagdadi k\u00f6vets\u00e9g\u00e9nek v\u00e9delm\u00e9t.<\/strong><!--more--><br \/>\n<div class=\"ads-in-post1\"><div id=\"gazdasagportal.hu_fullbanner_wideboard\"><\/div>\r\n<\/div>\n<p>    Az eln\u00f6k szerint az er\u0151s\u00edt\u00e9s addig marad az iraki f\u0151v\u00e1rosban, ameddig a biztons\u00e1gi helyzet javul\u00e1sa m\u00e1r nem teszi indokoltt\u00e1 a jelenl\u00e9t\u00e9t. Az int\u00e9zked\u00e9st az Iraki \u00e9s Levantei Iszl\u00e1m \u00c1llam (ILI\u00c1) elnevez\u00e9s\u0171 radik\u00e1lis mil\u00edcia \u00e9s az ahhoz csatlakozott m\u00e1s szunnita fegyveres csoportok t\u00e9rnyer\u00e9se tette sz\u00fcks\u00e9gess\u00e9 Irak nyugati \u00e9s \u00e9szaki ter\u00fcletein.<br \/>\n    Az amerikai er\u0151s\u00edt\u00e9sb\u0151l mintegy 160 f\u0151 &#8211; k\u00f6zt\u00fck 50 tenger\u00e9szgyalogos \u00e9s t\u00f6bb mint 100 m\u00e1s katona &#8211; m\u00e1r Irakba \u00e9rkezett. Egy tov\u00e1bbi, mintegy 100 f\u0151s egys\u00e9g egy Irakhoz k\u00f6zeli, harmadik orsz\u00e1gban \u00e1llom\u00e1sozik majd \u00e9s mindaddig tartal\u00e9kban marad, am\u00edg nem lesz sz\u00fcks\u00e9g a bevet\u00e9s\u00e9re. A m\u00falt h\u00e9ten egy\u00e9bk\u00e9nt a bagdadi amerikai nagyk\u00f6vets\u00e9g t\u00f6bb sz\u00e1z alkalmazottj\u00e1t evaku\u00e1lt\u00e1k.<br \/>\n    A Feh\u00e9r H\u00e1z ism\u00e9telten meger\u0151s\u00edtette, hogy nem k\u00fcld harcol\u00f3 alakulatokat Irakba \u00e9s nem sodr\u00f3dik bele egy \u00faj iraki h\u00e1bor\u00faba. Az amerikai eln\u00f6ki hivatal k\u00f6zl\u00e9se szerint az amerikai tenger\u00e9szgyalogosok \u00e9s katon\u00e1k Bagdad beleegyez\u00e9s\u00e9vel \u00e9rkeztek Irakba.<br \/>\n    Az eln\u00f6k a h\u00e1bor\u00fas jogk\u00f6r\u00f6kr\u0151l rendelkez\u0151, 1973-ban elfogadott t\u00f6rv\u00e9ny (War Powers Act) \u00e9rtelm\u00e9ben John Boehnert, a k\u00e9pvisel\u0151h\u00e1z eln\u00f6k\u00e9t \u00e9s Patrick Leahyt, a szen\u00e1tus ideiglenes eln\u00f6k\u00e9t \u00e9rtes\u00edtette az int\u00e9zked\u00e9sr\u0151l. A jogszab\u00e1ly \u00e9rtelm\u00e9ben az eln\u00f6k k\u00f6teles 48 \u00f3r\u00e1n bel\u00fcl a kongresszus tudom\u00e1s\u00e1ra hozni, ha katonai akci\u00f3t rendel el. A t\u00f6rv\u00e9ny szerint az amerikai er\u0151k 60 napn\u00e1l hosszabb ideig csak kongresszusi felhatalmaz\u00e1ssal vehetnek r\u00e9szt harcokban.<br \/>\n    Az eln\u00f6k h\u00e9tf\u0151 este nemzetbiztons\u00e1gi st\u00e1bj\u00e1nak t\u00e1rsas\u00e1g\u00e1ban m\u00e9rlegelte az iraki katonai fell\u00e9p\u00e9s lehets\u00e9ges m\u00f3dozatait. Barack Obama att\u00f3l tette f\u00fcgg\u0151v\u00e9 az amerikai seg\u00edts\u00e9gny\u00fajt\u00e1st, hogy N\u00fari al-M\u00e1liki iraki minisztereln\u00f6k tesz-e l\u00e9p\u00e9seket annak \u00e9rdek\u00e9ben, hogy kisz\u00e9les\u00edtse a s\u00edit\u00e1k \u00e1ltal domin\u00e1lt korm\u00e1ny\u00e1nak \u00f6sszet\u00e9tel\u00e9t. Bagdadban egy\u00e9bk\u00e9nt ebben az \u00fcgyben folytatott h\u00e9tf\u0151n eszmecser\u00e9t Brett McGurk, az amerikai k\u00fcl\u00fcgyminiszt\u00e9rium iraki megb\u00edzottja \u00e9s Stephen Beecroft bagdadi nagyk\u00f6vet.<br \/>\n    Az Egyes\u00fclt \u00c1llamok \u00e9s Ir\u00e1n k\u00e9pvisel\u0151i h\u00e9tf\u0151n B\u00e9csben r\u00f6vid megbesz\u00e9l\u00e9st tartottak az iraki helyzetr\u0151l. A Fox News h\u00e9tf\u0151i h\u00edr\u00f6sszefoglal\u00f3j\u00e1ban eml\u00e9keztetett r\u00e1, hogy az amerikai k\u00fcl\u00fcgyminiszt\u00e9rium n\u00e9h\u00e1ny h\u00f3nappal ezel\u0151tt m\u00e9g a terrorizmust t\u00e1mogat\u00f3 \u00e1llamk\u00e9nt b\u00e9lyegezte meg Ir\u00e1nt \u00e9s azt \u00e1ll\u00edtotta, hogy az iraki s\u00edita  csoportokat felfegyverz\u0151 Teher\u00e1n az iraki er\u0151szakcselekm\u00e9nyek f\u0151 felbujt\u00f3ja. A telev\u00edzi\u00f3 amerikai katonai forr\u00e1sokra hivatkozva k\u00f6z\u00f6lte, hogy k\u00e9t sz\u00edriai harci g\u00e9p szombaton az ir\u00e1ni h\u00edrszerz\u00e9st\u0151l t\u00e1mogatva, iraki ter\u00fcleten t\u00e1madta meg az ILI\u00c1 k\u00e9t hadoszlop\u00e1t.<br \/>\n    &#8222;A l\u00e9gicsap\u00e1s el\u0151revet\u00edti annak lehet\u0151s\u00e9g\u00e9t az Egyes\u00fclt \u00c1llamok, Ir\u00e1n \u00e9s Sz\u00edria ugyanazon ellens\u00e9g ellen harcoljon Irakban&#8221; &#8211; \u00e1ll\u00edtotta a Fox News.(MTI)<\/p>\n","protected":false},"excerpt":{"rendered":"<p>Barack Obama amerikai eln\u00f6k h\u00e9tf\u0151n lev\u00e9lben \u00e9rtes\u00edtette a kongresszust, hogy 275 f\u0151 katonai szem\u00e9lyzettel er\u0151s\u00edti meg az Egyes\u00fclt \u00c1llamok bagdadi k\u00f6vets\u00e9g\u00e9nek v\u00e9delm\u00e9t.<\/p>\n","protected":false},"author":1,"featured_media":0,"comment_status":"open","ping_status":"closed","sticky":false,"template":"","format":"standard","meta":[],"categories":[16],"tags":[],"_links":{"self":[{"href":"https:\/\/gazdasagportal.hu\/index.php\/wp-json\/wp\/v2\/posts\/37200"}],"collection":[{"href":"https:\/\/gazdasagportal.hu\/index.php\/wp-json\/wp\/v2\/posts"}],"about":[{"href":"https:\/\/gazdasagportal.hu\/index.php\/wp-json\/wp\/v2\/types\/post"}],"author":[{"embeddable":true,"href":"https:\/\/gazdasagportal.hu\/index.php\/wp-json\/wp\/v2\/users\/1"}],"replies":[{"embeddable":true,"href":"https:\/\/gazdasagportal.hu\/index.php\/wp-json\/wp\/v2\/comments?post=37200"}],"version-history":[{"count":1,"href":"https:\/\/gazdasagportal.hu\/index.php\/wp-json\/wp\/v2\/posts\/37200\/revisions"}],"predecessor-version":[{"id":37201,"href":"https:\/\/gazdasagportal.hu\/index.php\/wp-json\/wp\/v2\/posts\/37200\/revisions\/37201"}],"wp:attachment":[{"href":"https:\/\/gazdasagportal.hu\/index.php\/wp-json\/wp\/v2\/media?parent=37200"}],"wp:term":[{"taxonomy":"category","embeddable":true,"href":"https:\/\/gazdasagportal.hu\/index.php\/wp-json\/wp\/v2\/categories?post=37200"},{"taxonomy":"post_tag","embeddable":true,"href":"https:\/\/gazdasagportal.hu\/index.php\/wp-json\/wp\/v2\/tags?post=37200"}],"curies":[{"name":"wp","href":"https:\/\/api.w.org\/{rel}","templated":true}]}}