{"id":37196,"date":"2014-06-17T09:45:55","date_gmt":"2014-06-17T07:45:55","guid":{"rendered":"http:\/\/stockportal.hu\/?p=37196"},"modified":"2014-06-17T09:45:55","modified_gmt":"2014-06-17T07:45:55","slug":"ukran-valsag-a-lazadok-parancsnoka-szerint-oroszorszag-segitsege-nelkul-nem-birjak-sokaig","status":"publish","type":"post","link":"https:\/\/gazdasagportal.hu\/index.php\/ukran-valsag-a-lazadok-parancsnoka-szerint-oroszorszag-segitsege-nelkul-nem-birjak-sokaig\/","title":{"rendered":"Ukr\u00e1n v\u00e1ls\u00e1g: A l\u00e1zad\u00f3k parancsnoka szerint Oroszorsz\u00e1g seg\u00edts\u00e9ge n\u00e9lk\u00fcl nem b\u00edrj\u00e1k sok\u00e1ig"},"content":{"rendered":"<p><strong>A donyecki l\u00e1zad\u00f3hadsereg parancsnoka szerint a fegyveresei legfeljebb m\u00e9g egy h\u00f3napig tudnak ellen\u00e1llni az ukr\u00e1n hadseregnek Oroszorsz\u00e1g seg\u00edts\u00e9ge n\u00e9lk\u00fcl.<!--more--><\/strong><br \/>\n<div class=\"ads-in-post1\"><div id=\"gazdasagportal.hu_fullbanner_wideboard\"><\/div>\r\n<\/div>\n<p>Az UNIAN ukr\u00e1n h\u00edr\u00fcgyn\u00f6ks\u00e9g keddre virrad\u00f3ra tette k\u00f6zz\u00e9 Ihor Sztrelkov video\u00fczenet\u00e9t, amely megjelent a vil\u00e1gh\u00e1l\u00f3n. Strelkov a l\u00e1zad\u00f3hadsereg nev\u00e9ben besz\u00e9l, \u00e9s szavait els\u0151sorban Oroszorsz\u00e1ghoz int\u00e9zi. A csaknem tizenh\u00e1rom perces felv\u00e9telen t\u00f6bbsz\u00f6r, k\u00e9ts\u00e9gbeesett hangon besz\u00e9l arr\u00f3l, hogy az ukr\u00e1n fegyveres alakulatok hatalmas er\u0151f\u00f6l\u00e9nyben vannak mind l\u00e9tsz\u00e1mban, mind pedig haditechnik\u00e1ban, \u00e9s Oroszorsz\u00e1g seg\u00edts\u00e9ge n\u00e9lk\u00fcl a Moszkva-bar\u00e1t felkel\u0151knek semmi es\u00e9ly\u00fck a gy\u0151zelemre. Elpanaszolja, hogy mik\u00f6zben Ukrajna nagy seg\u00edts\u00e9get kap a nyugati orsz\u00e1gokt\u00f3l, kiv\u00e1ltk\u00e9ppen az Egyes\u00fclt \u00c1llamokt\u00f3l, a felkel\u0151knek h\u00e1torsz\u00e1guk sincs, \u00e9s alkatr\u00e9szhi\u00e1ny miatt a meghib\u00e1sodott katonai j\u00e1rm\u0171veiket sem tudj\u00e1k megjav\u00edtani.<br \/>\n&#8222;Ha Oroszorsz\u00e1g nem hoz s\u00fcrg\u0151s int\u00e9zked\u00e9seket, t\u00e9nylegesen s\u00fcrg\u0151seket \u00e9s hat\u00e1rozottakat, akkor \u0151k (az ukr\u00e1n katon\u00e1k) sikerrel j\u00e1rnak. Nem tud sok\u00e1ig ellen\u00e1llni a l\u00e9gier\u0151nek, a t\u00fcz\u00e9rs\u00e9gnek \u00e9s a harckocsik t\u00f6meg\u00e9nek m\u00e9g ezer, a hat\u00e1r t\u00e9rs\u00e9g\u00e9ben harcol\u00f3 felkel\u0151 sem, n\u00e9h\u00e1ny harckocsival \u00e9s l\u00f6veggel, akkor sem, ha sok goly\u00f3sz\u00f3r\u00f3juk \u00e9s gr\u00e1n\u00e1tvet\u0151j\u00fck van&#8221; &#8211; ecseteli a harci helyzetet Sztrelkov. \u00dagy folytatja, hogy &#8222;elm\u00falik k\u00e9t-h\u00e1rom h\u00e9t vagy tal\u00e1n egy h\u00f3nap, \u00e9s a legink\u00e1bb hadrafoghat\u00f3 felkel\u0151egys\u00e9gek is elv\u00e9reznek &#8211; el\u0151bb vagy ut\u00f3bb sz\u00e9tverik \u00e9s megsemmis\u00edtik \u0151ket&#8221;.<br \/>\nA l\u00e1zad\u00f3parancsnok arr\u00f3l is besz\u00e9l, hogy az ukr\u00e1n fegyveres alakulatok egym\u00e1s ut\u00e1n fogj\u00e1k ellen\u0151rz\u00e9s\u00fck al\u00e1 vonni a Moszkva-bar\u00e1t fegyveresek kez\u00e9n lev\u0151 d\u00e9lkelet-ukrajnai v\u00e1rosokat, ugyanolyan m\u00f3dszerrel, ahogyan a minap bevett\u00e9k Mariupolt. R\u00e1ad\u00e1sul ellen\u0151rz\u00e9s\u00fck al\u00e1 vonj\u00e1k ism\u00e9t a hat\u00e1rt.<br \/>\nOroszorsz\u00e1g szerinte elszalasztotta azt a lehet\u0151s\u00e9get, hogy a Luhanszki \u00e9s a Donyecki megye f\u00fcggetlens\u00e9g\u00e9nek kiki\u00e1lt\u00e1sa ut\u00e1n elismerje \u00f6n\u00e1ll\u00f3s\u00e1gukat, \u00e9s b\u00e9keteremt\u0151 er\u0151ket k\u00fcldj\u00f6n oda, most pedig m\u00e1r v\u00e9gk\u00e9pp nem tudja ezt megtenni. Oroszorsz\u00e1g arra sem k\u00e9sz, hogy oroszajk\u00fa menek\u00fcltek t\u00edz- vagy sz\u00e1zezreit fogadja be a Donyec-medenc\u00e9b\u0151l &#8211; panaszolja a donyecki l\u00e1zad\u00f3k parancsnoka.(MTI)<\/p>\n<p><a title=\"Hely megnyit\u00e1sa\" href=\"http:\/\/www.unian.ua\/politics\/929429-strelkov-opolchentsi-bez-dopomogi-rf-protrimayutsya-maksimum-misyats.html\" target=\"_blank\" rel=\"noopener\">http:\/\/www.unian.ua\/politics\/929429-strelkov-opolchentsi-bez-dopomogi-rf-protrimayutsya-maksimum-misyats.html<\/a><\/p>\n","protected":false},"excerpt":{"rendered":"<p>A donyecki l\u00e1zad\u00f3hadsereg parancsnoka szerint a fegyveresei legfeljebb m\u00e9g egy h\u00f3napig tudnak ellen\u00e1llni az ukr\u00e1n hadseregnek Oroszorsz\u00e1g seg\u00edts\u00e9ge n\u00e9lk\u00fcl.<\/p>\n","protected":false},"author":1,"featured_media":0,"comment_status":"open","ping_status":"closed","sticky":false,"template":"","format":"standard","meta":[],"categories":[139],"tags":[],"_links":{"self":[{"href":"https:\/\/gazdasagportal.hu\/index.php\/wp-json\/wp\/v2\/posts\/37196"}],"collection":[{"href":"https:\/\/gazdasagportal.hu\/index.php\/wp-json\/wp\/v2\/posts"}],"about":[{"href":"https:\/\/gazdasagportal.hu\/index.php\/wp-json\/wp\/v2\/types\/post"}],"author":[{"embeddable":true,"href":"https:\/\/gazdasagportal.hu\/index.php\/wp-json\/wp\/v2\/users\/1"}],"replies":[{"embeddable":true,"href":"https:\/\/gazdasagportal.hu\/index.php\/wp-json\/wp\/v2\/comments?post=37196"}],"version-history":[{"count":1,"href":"https:\/\/gazdasagportal.hu\/index.php\/wp-json\/wp\/v2\/posts\/37196\/revisions"}],"predecessor-version":[{"id":37197,"href":"https:\/\/gazdasagportal.hu\/index.php\/wp-json\/wp\/v2\/posts\/37196\/revisions\/37197"}],"wp:attachment":[{"href":"https:\/\/gazdasagportal.hu\/index.php\/wp-json\/wp\/v2\/media?parent=37196"}],"wp:term":[{"taxonomy":"category","embeddable":true,"href":"https:\/\/gazdasagportal.hu\/index.php\/wp-json\/wp\/v2\/categories?post=37196"},{"taxonomy":"post_tag","embeddable":true,"href":"https:\/\/gazdasagportal.hu\/index.php\/wp-json\/wp\/v2\/tags?post=37196"}],"curies":[{"name":"wp","href":"https:\/\/api.w.org\/{rel}","templated":true}]}}