{"id":37188,"date":"2014-06-17T08:49:20","date_gmt":"2014-06-17T06:49:20","guid":{"rendered":"http:\/\/stockportal.hu\/?p=37188"},"modified":"2014-06-17T08:49:20","modified_gmt":"2014-06-17T06:49:20","slug":"orban-interju-a-bildben-megigertem-a-valasztoimnak-hogy-juncker-utjat-allom","status":"publish","type":"post","link":"https:\/\/gazdasagportal.hu\/index.php\/orban-interju-a-bildben-megigertem-a-valasztoimnak-hogy-juncker-utjat-allom\/","title":{"rendered":"Orb\u00e1n-interj\u00fa a Bildben: &#8222;Meg\u00edg\u00e9rtem a v\u00e1laszt\u00f3imnak, hogy Juncker \u00fatj\u00e1t \u00e1llom&#8221;"},"content":{"rendered":"<p><strong>&#8222;Meg\u00edg\u00e9rtem a v\u00e1laszt\u00f3imnak, hogy Juncker \u00fatj\u00e1t \u00e1llom&#8221; c\u00edmmel k\u00f6z\u00f6lte kedden a Bild c\u00edm\u0171 n\u00e9met lap az Orb\u00e1n Viktorral k\u00e9sz\u00fclt interj\u00fa m\u00e1sodik r\u00e9sz\u00e9t, amelyben a korm\u00e1nyf\u0151 ism\u00e9telten elutas\u00edtotta Jean-Claude Juncker jel\u00f6l\u00e9s\u00e9t az Eur\u00f3pai Bizotts\u00e1g eln\u00f6ki tiszts\u00e9g\u00e9re.<\/strong><!--more--><br \/>\n<div class=\"ads-in-post1\"><div id=\"gazdasagportal.hu_fullbanner_wideboard\"><\/div>\r\n<\/div>\n<p>    Arra a k\u00e9rd\u00e9sre, hogy vannak-e 2014-ben is \u00e9rv\u00e9nyes tanuls\u00e1gai 1989-nek, Orb\u00e1n Viktor a Nagy Imre \u00e9s m\u00e1rt\u00edrt\u00e1rsai \u00fajratemet\u00e9s\u00e9nek 25. \u00e9vfordul\u00f3ja alkalm\u00e1b\u00f3l k\u00f6z\u00f6lt k\u00e9tr\u00e9szes interj\u00fa m\u00e1sodik r\u00e9sz\u00e9ben kiemelte az ukrajnai v\u00e1ls\u00e1got, amelynek kulcsk\u00e9rd\u00e9se szerinte az, hogy &#8222;mik\u00e9nt tehetj\u00fck v\u00e9gre vil\u00e1goss\u00e1, hogy Eur\u00f3pa az eur\u00f3paiak\u00e9&#8221;.<br \/>\n    Nem szabad hagyni, hogy Eur\u00f3pa sors\u00e1t ism\u00e9t Moszkva \u00e9s Washington hat\u00e1rozza meg, ez\u00e9rt az eur\u00f3paiaknak kell rendezni\u00fck az ukrajnai v\u00e1ls\u00e1got. &#8222;Meg kell tanulnunk \u00e9rv\u00e9nyes\u00edteni az \u00e9rdekeinket a saj\u00e1t f\u00f6ldr\u00e9sz\u00fcnk\u00f6n. Eur\u00f3pa azonban pillanatnyilag nem k\u00e9pes erre&#8221; &#8211; mondta a minisztereln\u00f6k.<br \/>\n    Az \u00fajabb hidegh\u00e1bor\u00fa kialakul\u00e1s\u00e1nak vesz\u00e9ly\u00e9r\u0151l \u00e9s N\u00e9metorsz\u00e1g szerep\u00e9r\u0151l azt mondta, hogy &#8222;a hidegh\u00e1bor\u00fa m\u00e1r r\u00e9gen k\u00e9zzel foghat\u00f3&#8221;, \u00e9s egy orsz\u00e1g sem tett annyira sokat a m\u00e9g nagyobb baj elker\u00fcl\u00e9s\u00e9\u00e9rt, mint N\u00e9metorsz\u00e1g.<br \/>\n    &#8222;N\u00e9metorsz\u00e1g vil\u00e1gos eur\u00f3pai elk\u00f6telez\u0151d\u00e9se n\u00e9lk\u00fcl m\u00e1r a hidegh\u00e1bor\u00fa kell\u0151s k\u00f6zep\u00e9n lenn\u00e9nk&#8221; &#8211; emelte ki Orb\u00e1n Viktor.<br \/>\n    Hozz\u00e1tette, nagy szerencse, hogy Angela Merkel vezeti a n\u00e9met korm\u00e1nyt. A kancell\u00e1r &#8222;n\u0151i m\u00f3don er\u0151s&#8221; &#8211; fogalmazott, kifejtve, hogy &#8222;a f\u00e9rfiak ord\u00edtanak, de gyakran nem t\u00f6rt\u00e9nik semmi&#8221;, a n\u0151k viszont nem kiab\u00e1lnak, &#8222;m\u00e9gis legt\u00f6bbsz\u00f6r az t\u00f6rt\u00e9nik, amit \u0151t akarnak&#8221;, &#8222;Merkel asszony&#8221; \u00e9s a n\u00e9metek pedig t\u00f6k\u00e9lyre fejlesztett\u00e9k annak m\u0171v\u00e9szet\u00e9t, hogy mik\u00e9nt lehet elker\u00fclni a visz\u00e1lyok sz\u00fcks\u00e9gtelen elm\u00e9rgesed\u00e9s\u00e9t.<br \/>\n    A minisztereln\u00f6k a tev\u00e9kenys\u00e9g\u00e9t az Eur\u00f3pai Uni\u00f3 r\u00e9sz\u00e9r\u0151l \u00e9r\u0151 b\u00edr\u00e1latokkal kapcsolatban azt mondta, hogy a b\u00edr\u00e1latok forr\u00e1sa az a meggy\u0151z\u0151d\u00e9se, hogy Eur\u00f3p\u00e1ban s\u00fcrg\u0151s ir\u00e1nyv\u00e1lt\u00e1sra van sz\u00fcks\u00e9g, k\u00fcl\u00f6nben \u00f6sszed\u0151l &#8222;az eur\u00f3pai h\u00e1z&#8221;.<br \/>\n    Magyarorsz\u00e1g p\u00e9ld\u00e1ul &#8222;tudatosan t\u00f6rekszik \u00e1llamilag t\u00e1mogatott munkahelyek teremt\u00e9s\u00e9re, hogy munk\u00e1hoz juttassa az \u00e1ll\u00e1stalanokat&#8221;, amit &#8222;az EU rendszeresen b\u00edr\u00e1l&#8221;.<br \/>\n    Magyarorsz\u00e1g tov\u00e1bb\u00e1 az Egyes\u00fclt \u00c1llamok szintj\u00e9re akarja cs\u00f6kkenteni az energia \u00e1r\u00e1t, hogy &#8222;versenyk\u00e9pess\u00e9 tegye Eur\u00f3p\u00e1t&#8221;, ami szint\u00e9n konfliktushoz vezet Br\u00fcsszellel &#8211; mondta Orb\u00e1n Viktor.<br \/>\n    Hangs\u00falyozta, hogy a k\u00e9pzett munkaer\u0151 hi\u00e1ny\u00e1t nem lehet bev\u00e1ndorl\u00e1ssal enyh\u00edteni. A mindenekel\u0151tt \u00faj t\u00e1rsadalmi konfliktusokhoz vezet\u0151 bev\u00e1ndorl\u00e1s &#8222;helyett a csal\u00e1dok t\u00e1mogat\u00e1s\u00e1ra t\u00f6rekszem, a f\u00e9rfi \u00e9s n\u0151 gyermekeket nemz\u0151 h\u00e1zass\u00e1g\u00e1ra&#8221; &#8211; jelentette ki a korm\u00e1nyf\u0151, megjegyezve, hogy az\u00e9rt a t\u00f6rekv\u00e9s\u00e9rt nacionalist\u00e1nak \u00e9s homof\u00f3bnak nevezik. Ugyanakkor &#8222;a gondolkod\u00e1sunk megv\u00e1ltoztat\u00e1sa n\u00e9lk\u00fcl nem tudjuk fenntartani az \u00e9letsz\u00ednvonalunkat Eur\u00f3p\u00e1ban&#8221; &#8211; emelte ki.<br \/>\n    Arra a felvet\u00e9sre, hogy az Egyes\u00fclt \u00c1llamok is bev\u00e1ndorl\u00f3k orsz\u00e1ga, \u00e9s a gazdas\u00e1ga n\u00f6vekedik, elmondta: azon kell gondolkodni, hogyan fordulhat el\u0151, hogy &#8222;320 milli\u00f3 amerikai er\u0151sebb, mint 500 milli\u00f3 eur\u00f3pai&#8221;.<br \/>\n    Eur\u00f3p\u00e1ban 14 \u00e9vvel ezel\u0151tt arr\u00f3l sz\u00f3lt a diskurzus, hogy mik\u00e9nt kelhet versenyre az eur\u00f3 a doll\u00e1rral, ma viszont Eur\u00f3pa azzal foglalkozik, hogy &#8222;megmentse a valut\u00e1j\u00e1t az \u00f6sszeoml\u00e1st\u00f3l&#8221; &#8211; mondta a korm\u00e1nyf\u0151, aki szerint az eur\u00f3 gyeng\u00fcl\u00e9se fejezi ki legink\u00e1bb Eur\u00f3pa hanyatl\u00e1s\u00e1t.<br \/>\n    Azzal kapcsolatban, hogy a rekl\u00e1mad\u00f3t sokan a sajt\u00f3szabads\u00e1g elleni t\u00e1mad\u00e1sk\u00e9nt \u00e9rt\u00e9kelik, hangs\u00falyozta, hogy nem a sajt\u00f3szabads\u00e1gr\u00f3l van sz\u00f3, hanem v\u00e1llalkoz\u00e1sok &#8211; k\u00fcl\u00f6n\u00f6sen telev\u00edzi\u00f3k \u00e9s nagy kiad\u00f3v\u00e1llalatok &#8211; nyeres\u00e9g\u00e9r\u0151l.<br \/>\n    Az ilyen c\u00e9gek &#8211; k\u00f6zt\u00fck k\u00fclf\u00f6ldi befektet\u0151k \u00e9rdekelts\u00e9gei &#8211; &#8222;\u00f3ri\u00e1si nyeres\u00e9get&#8221; termelnek, \u00e9s a kilencvenes \u00e9vek k\u00f6zepe \u00f3ta l\u00e9teznek tervek ennek a nyeres\u00e9gnek a &#8222;megfelel\u0151 ad\u00f3ztat\u00e1s\u00e1r\u00f3l&#8221;. Az ellen\u00e1ll\u00e1st pedig az magyar\u00e1zza, hogy &#8222;senki sem fizet sz\u00edvesen ad\u00f3t, m\u00e9diakonszernnek sem&#8221; &#8211; mondta Orb\u00e1n Viktor.<br \/>\n    Arra a k\u00e9rd\u00e9sre, hogy Jean-Claude Juncker vagy Martin Schulz ker\u00fclj\u00f6n az Eur\u00f3pai Bizotts\u00e1g eln\u00f6ki tiszts\u00e9g\u00e9be, azt mondta, hogy nem szem\u00e9lyekkel kell foglalkozni, hanem az Eur\u00f3pai Uni\u00f3 m\u0171k\u00f6d\u00e9s\u00e9t szab\u00e1lyoz\u00f3 szerz\u0151d\u00e9sekkel, amelyek egyens\u00falyt hoznak l\u00e9tre az egyik oldalon Br\u00fcsszel \u00e9s az Eur\u00f3pai Parlament (EP), \u00e9s a m\u00e1sik oldalon a tag\u00e1llamok k\u00f6z\u00f6tt. A szerz\u0151d\u00e9sek a bizotts\u00e1gi eln\u00f6ki tiszts\u00e9g bet\u00f6lt\u00e9s\u00e9r\u0151l \u00fagy rendelkeznek, hogy az \u00e1llam-. illetve korm\u00e1nyf\u0151k tesznek szem\u00e9lyi javaslatot a poz\u00edci\u00f3 bet\u00f6lt\u00e9s\u00e9re, \u00e9s nem a p\u00e1rtok, &#8222;m\u00e9ghozz\u00e1 f\u00fcggetlen\u00fcl att\u00f3l, hogy ki volt a cs\u00facsjel\u00f6lt&#8221; &#8211; fejtette ki a minisztereln\u00f6k.<br \/>\n    Arra a felvet\u00e9sre, hogy a Fidesz az EP-v\u00e1laszt\u00e1son megszerezte a szavazatok 51 sz\u00e1zal\u00e9k\u00e1t Juncker p\u00e1rtj\u00e1nak, az Eur\u00f3pai N\u00e9pp\u00e1rtnak, azt mondta, hogy a Fidesz &#8222;nem Juncker miatt&#8221; \u00e9rte el ezt az eredm\u00e9nyt. \u00c9ppen &#8222;ellenkez\u0151leg: meg\u00edg\u00e9rtem a v\u00e1laszt\u00f3imnak, hogy Juncker \u00fatj\u00e1t \u00e1llom. A v\u00e1laszt\u00e1si \u00edg\u00e9retem \u00e9s az eur\u00f3pai alapszab\u00e1lyok megszeg\u00e9se lenne, ha m\u00e9giscsak Juncker urat jel\u00f6ln\u00e9m, csak az\u00e9rt, mert az Eur\u00f3pai N\u00e9pp\u00e1rt m\u00e1s p\u00e1rtjai ezt akarj\u00e1k&#8221; &#8211; mondta Orb\u00e1n Viktor, hozz\u00e1t\u00e9ve, hogy az ilyen magatart\u00e1s &#8222;leromboln\u00e1 az Eur\u00f3pai Uni\u00f3 alapjait&#8221;.(MTI)<\/p>\n","protected":false},"excerpt":{"rendered":"<p>&#8222;Meg\u00edg\u00e9rtem a v\u00e1laszt\u00f3imnak, hogy Juncker \u00fatj\u00e1t \u00e1llom&#8221; c\u00edmmel k\u00f6z\u00f6lte kedden a Bild c\u00edm\u0171 n\u00e9met lap az Orb\u00e1n Viktorral k\u00e9sz\u00fclt interj\u00fa m\u00e1sodik r\u00e9sz\u00e9t, amelyben a korm\u00e1nyf\u0151 ism\u00e9telten elutas\u00edtotta Jean-Claude Juncker jel\u00f6l\u00e9s\u00e9t az Eur\u00f3pai Bizotts\u00e1g eln\u00f6ki tiszts\u00e9g\u00e9re.<\/p>\n","protected":false},"author":1,"featured_media":0,"comment_status":"open","ping_status":"closed","sticky":false,"template":"","format":"standard","meta":[],"categories":[18],"tags":[],"_links":{"self":[{"href":"https:\/\/gazdasagportal.hu\/index.php\/wp-json\/wp\/v2\/posts\/37188"}],"collection":[{"href":"https:\/\/gazdasagportal.hu\/index.php\/wp-json\/wp\/v2\/posts"}],"about":[{"href":"https:\/\/gazdasagportal.hu\/index.php\/wp-json\/wp\/v2\/types\/post"}],"author":[{"embeddable":true,"href":"https:\/\/gazdasagportal.hu\/index.php\/wp-json\/wp\/v2\/users\/1"}],"replies":[{"embeddable":true,"href":"https:\/\/gazdasagportal.hu\/index.php\/wp-json\/wp\/v2\/comments?post=37188"}],"version-history":[{"count":1,"href":"https:\/\/gazdasagportal.hu\/index.php\/wp-json\/wp\/v2\/posts\/37188\/revisions"}],"predecessor-version":[{"id":37189,"href":"https:\/\/gazdasagportal.hu\/index.php\/wp-json\/wp\/v2\/posts\/37188\/revisions\/37189"}],"wp:attachment":[{"href":"https:\/\/gazdasagportal.hu\/index.php\/wp-json\/wp\/v2\/media?parent=37188"}],"wp:term":[{"taxonomy":"category","embeddable":true,"href":"https:\/\/gazdasagportal.hu\/index.php\/wp-json\/wp\/v2\/categories?post=37188"},{"taxonomy":"post_tag","embeddable":true,"href":"https:\/\/gazdasagportal.hu\/index.php\/wp-json\/wp\/v2\/tags?post=37188"}],"curies":[{"name":"wp","href":"https:\/\/api.w.org\/{rel}","templated":true}]}}