{"id":37186,"date":"2014-06-17T08:46:35","date_gmt":"2014-06-17T06:46:35","guid":{"rendered":"http:\/\/stockportal.hu\/?p=37186"},"modified":"2014-06-17T08:46:35","modified_gmt":"2014-06-17T06:46:35","slug":"tobb-mint-nyolcszaz-kozfoglalkoztatott-a-nyirerdo-zrt-nel","status":"publish","type":"post","link":"https:\/\/gazdasagportal.hu\/index.php\/tobb-mint-nyolcszaz-kozfoglalkoztatott-a-nyirerdo-zrt-nel\/","title":{"rendered":"T\u00f6bb mint nyolcsz\u00e1z k\u00f6zfoglalkoztatott a Ny\u00edrerd\u0151 Zrt.-n\u00e9l"},"content":{"rendered":"<p><strong>T\u00f6bb mint nyolcsz\u00e1zan jutnak ideiglenes munk\u00e1hoz a Ny\u00edrs\u00e9gi Erd\u00e9szeti (Ny\u00edrerd\u0151) Zrt.-n\u00e9l a k\u00f6zfoglalkoztat\u00e1si programban szeptember v\u00e9g\u00e9ig &#8211; k\u00f6z\u00f6lte a t\u00e1rsas\u00e1g vez\u00e9rigazgat\u00f3ja kedden az MTI-vel.<\/strong><!--more--><br \/>\n<div class=\"ads-in-post1\"><div id=\"gazdasagportal.hu_fullbanner_wideboard\"><\/div>\r\n<\/div>\n<p>    Szalacsi \u00c1rp\u00e1d elmondta, hogy a t\u00e9li, hath\u00f3napos programban \u00e1tlagosan 545 embert foglalkoztattak, m\u00e1just\u00f3l viszont 815-nek adnak munk\u00e1t az \u00e9szakkelet-magyarorsz\u00e1gi \u00e1llami tulajdon\u00fa erd\u0151kben.<br \/>\n    Hajd\u00fa-Bihar megy\u00e9ben harminc telep\u00fcl\u00e9sr\u0151l 465, m\u00edg Szabolcs-Szatm\u00e1r-Bereg hatvan k\u00f6zs\u00e9g\u00e9b\u0151l \u00e9s v\u00e1ros\u00e1b\u00f3l 350 k\u00f6zfoglalkoztatott dolgozik a ny\u00e1ron napi nyolc \u00f3r\u00e1ban.<br \/>\n    A program k\u00f6lts\u00e9gvet\u00e9se 445,5 milli\u00f3 forint, az \u00f6sszeg teljes eg\u00e9sz\u00e9ben a Bel\u00fcgyminiszt\u00e9rium t\u00e1mogat\u00e1sa.<br \/>\n    A forr\u00e1s a b\u00e9rekre \u00e9s j\u00e1rul\u00e9kokra, munka- \u00e9s v\u00e9d\u0151ruh\u00e1ra, a munk\u00e1ba j\u00e1r\u00e1s k\u00f6lts\u00e9geire, alkalmass\u00e1gi vizsg\u00e1latra, szervez\u00e9si k\u00f6lts\u00e9gekre, valamint a munkaeszk\u00f6z\u00f6k beszerz\u00e9s\u00e9re haszn\u00e1lhat\u00f3 fel.<br \/>\n    A vez\u00e9rigazgat\u00f3 t\u00e1j\u00e9koztat\u00e1sa szerint az elm\u00falt \u00e9vekhez hasonl\u00f3an, a k\u00f6zfoglalkoztat\u00e1si programhoz oktat\u00e1s is kapcsol\u00f3dik. A megyei munka\u00fcgyi hivatalok szervez\u00e9s\u00e9ben v\u00e1rhat\u00f3an nyolcvanketten kisg\u00e9pkezel\u00e9si tanfolyamon vehetnek r\u00e9szt j\u00fanius k\u00f6zep\u00e9t\u0151l.<br \/>\n    Az alkalmazottak a legnagyobb \u00f3rasz\u00e1mban az allerg\u00e9n n\u00f6v\u00e9nyek, \u00edgy a parlagf\u0171 irt\u00e1s\u00e1ban vesznek r\u00e9szt. Emellett p\u00e9ld\u00e1ul fel\u00faj\u00edtj\u00e1k a kihelyezett k\u00f6zj\u00f3l\u00e9ti eszk\u00f6z\u00f6ket \u00e9s hullad\u00e9kot gy\u0171jtenek.<br \/>\n    A Ny\u00edrerd\u0151 Zrt. tavaly 4,615 milli\u00e1rd forint \u00e1rbev\u00e9telt \u00e9rt el. Egy \u00e9vvel kor\u00e1bban 4,481 milli\u00e1rd forint volt a bev\u00e9tele, a n\u00f6veked\u00e9s m\u00e9rt\u00e9ke 3 sz\u00e1zal\u00e9kos volt.<br \/>\n    A t\u00e1rsas\u00e1g ezzel a 22 \u00e1llami tulajdon\u00fa erd\u0151gazdas\u00e1g k\u00f6z\u00f6tt az \u00f6t\u00f6dik lett, a Bakonyerd\u0151, a Zalaerd\u0151, a somogyi Sefag, valamint a kiskuns\u00e1gi Kefag Zrt. m\u00f6g\u00f6tt.<br \/>\n    A ny\u00edrs\u00e9gi erd\u00e9szet nyeres\u00e9ge 250,5 milli\u00f3 forint volt, szemben a 2012-es 231,9 milli\u00f3val. Ezzel a Ny\u00edrerd\u0151 Zrt. a Zalaerd\u0151 Zrt. (527,4 milli\u00f3 forint) m\u00f6g\u00f6tt a m\u00e1sodik az ad\u00f3zott eredm\u00e9nyt illet\u0151en.(MTI)<\/p>\n","protected":false},"excerpt":{"rendered":"<p>T\u00f6bb mint nyolcsz\u00e1zan jutnak ideiglenes munk\u00e1hoz a Ny\u00edrs\u00e9gi Erd\u00e9szeti (Ny\u00edrerd\u0151) Zrt.-n\u00e9l a k\u00f6zfoglalkoztat\u00e1si programban szeptember v\u00e9g\u00e9ig &#8211; k\u00f6z\u00f6lte a t\u00e1rsas\u00e1g vez\u00e9rigazgat\u00f3ja kedden az MTI-vel.<\/p>\n","protected":false},"author":1,"featured_media":0,"comment_status":"open","ping_status":"closed","sticky":false,"template":"","format":"standard","meta":[],"categories":[19],"tags":[],"_links":{"self":[{"href":"https:\/\/gazdasagportal.hu\/index.php\/wp-json\/wp\/v2\/posts\/37186"}],"collection":[{"href":"https:\/\/gazdasagportal.hu\/index.php\/wp-json\/wp\/v2\/posts"}],"about":[{"href":"https:\/\/gazdasagportal.hu\/index.php\/wp-json\/wp\/v2\/types\/post"}],"author":[{"embeddable":true,"href":"https:\/\/gazdasagportal.hu\/index.php\/wp-json\/wp\/v2\/users\/1"}],"replies":[{"embeddable":true,"href":"https:\/\/gazdasagportal.hu\/index.php\/wp-json\/wp\/v2\/comments?post=37186"}],"version-history":[{"count":1,"href":"https:\/\/gazdasagportal.hu\/index.php\/wp-json\/wp\/v2\/posts\/37186\/revisions"}],"predecessor-version":[{"id":37187,"href":"https:\/\/gazdasagportal.hu\/index.php\/wp-json\/wp\/v2\/posts\/37186\/revisions\/37187"}],"wp:attachment":[{"href":"https:\/\/gazdasagportal.hu\/index.php\/wp-json\/wp\/v2\/media?parent=37186"}],"wp:term":[{"taxonomy":"category","embeddable":true,"href":"https:\/\/gazdasagportal.hu\/index.php\/wp-json\/wp\/v2\/categories?post=37186"},{"taxonomy":"post_tag","embeddable":true,"href":"https:\/\/gazdasagportal.hu\/index.php\/wp-json\/wp\/v2\/tags?post=37186"}],"curies":[{"name":"wp","href":"https:\/\/api.w.org\/{rel}","templated":true}]}}