{"id":37177,"date":"2014-06-17T05:13:14","date_gmt":"2014-06-17T03:13:14","guid":{"rendered":"http:\/\/stockportal.hu\/?p=37177"},"modified":"2014-06-16T21:14:00","modified_gmt":"2014-06-16T19:14:00","slug":"negyen-jelentkeztek-a-szelessavu-frekvenciapalyazatra","status":"publish","type":"post","link":"https:\/\/gazdasagportal.hu\/index.php\/negyen-jelentkeztek-a-szelessavu-frekvenciapalyazatra\/","title":{"rendered":"N\u00e9gyen jelentkeztek a sz\u00e9less\u00e1v\u00fa frekvenciap\u00e1ly\u00e1zatra"},"content":{"rendered":"<p><strong>N\u00e9gyen ny\u00fajtott\u00e1k be jelentkez\u00e9s\u00fcket a sz\u00e9less\u00e1v\u00fa szolg\u00e1ltat\u00e1sokhoz kapcsol\u00f3d\u00f3 frekvenciap\u00e1ly\u00e1zatra &#8211; k\u00f6z\u00f6lte a Nemzeti M\u00e9dia- \u00e9s H\u00edrk\u00f6zl\u00e9si Hat\u00f3s\u00e1g (NMHH) h\u00e9tf\u0151n.<\/strong><!--more--><br \/>\n<div class=\"ads-in-post1\"><div id=\"gazdasagportal.hu_fullbanner_wideboard\"><\/div>\r\n<\/div>\n<p>    A h\u00e9tf\u0151n 16 \u00f3rakor lez\u00e1rult jelentkez\u00e9si hat\u00e1rid\u0151ig a Digi T\u00e1vk\u00f6zl\u00e9si \u00e9s Szolg\u00e1ltat\u00f3 Kft., a Magyar Telekom Nyrt., a Telenor Magyarorsz\u00e1g Zrt. \u00e9s a Vodafone Magyarorsz\u00e1g Zrt. ny\u00fajtotta be p\u00e1ly\u00e1zati anyag\u00e1t.<br \/>\n    A p\u00e1ly\u00e1zati anyagokat j\u00fanius 17-\u00e9n 10 \u00f3rakor bontj\u00e1k fel k\u00f6zjegyz\u0151 jelenl\u00e9t\u00e9ben.<br \/>\n    A jelentkez\u00e9si hat\u00e1rid\u0151 lej\u00e1rt\u00e1t\u00f3l sz\u00e1m\u00edtott 15 napon bel\u00fcl az NMHH megvizsg\u00e1lja az alaki k\u00f6vetelm\u00e9nyeknek val\u00f3 megfelel\u00e9st, amelynek teljes\u00fcl\u00e9se eset\u00e9n p\u00e1ly\u00e1zati nyilv\u00e1ntart\u00e1sba veszi a jelentkez\u0151t. A nyilv\u00e1ntart\u00e1sba vett r\u00e9sztvev\u0151k list\u00e1j\u00e1t az NMHH a honlapj\u00e1n k\u00f6zz\u00e9teszi. A p\u00e1ly\u00e1zatok tartalmi vizsg\u00e1lat\u00e1ra csak a nyilv\u00e1ntart\u00e1sba v\u00e9telt k\u00f6vet\u0151en ker\u00fclhet sor.(MTI)<\/p>\n","protected":false},"excerpt":{"rendered":"<p>N\u00e9gyen ny\u00fajtott\u00e1k be jelentkez\u00e9s\u00fcket a sz\u00e9less\u00e1v\u00fa szolg\u00e1ltat\u00e1sokhoz kapcsol\u00f3d\u00f3 frekvenciap\u00e1ly\u00e1zatra &#8211; k\u00f6z\u00f6lte a Nemzeti M\u00e9dia- \u00e9s H\u00edrk\u00f6zl\u00e9si Hat\u00f3s\u00e1g (NMHH) h\u00e9tf\u0151n.<\/p>\n","protected":false},"author":1,"featured_media":0,"comment_status":"open","ping_status":"closed","sticky":false,"template":"","format":"standard","meta":[],"categories":[49],"tags":[],"_links":{"self":[{"href":"https:\/\/gazdasagportal.hu\/index.php\/wp-json\/wp\/v2\/posts\/37177"}],"collection":[{"href":"https:\/\/gazdasagportal.hu\/index.php\/wp-json\/wp\/v2\/posts"}],"about":[{"href":"https:\/\/gazdasagportal.hu\/index.php\/wp-json\/wp\/v2\/types\/post"}],"author":[{"embeddable":true,"href":"https:\/\/gazdasagportal.hu\/index.php\/wp-json\/wp\/v2\/users\/1"}],"replies":[{"embeddable":true,"href":"https:\/\/gazdasagportal.hu\/index.php\/wp-json\/wp\/v2\/comments?post=37177"}],"version-history":[{"count":1,"href":"https:\/\/gazdasagportal.hu\/index.php\/wp-json\/wp\/v2\/posts\/37177\/revisions"}],"predecessor-version":[{"id":37178,"href":"https:\/\/gazdasagportal.hu\/index.php\/wp-json\/wp\/v2\/posts\/37177\/revisions\/37178"}],"wp:attachment":[{"href":"https:\/\/gazdasagportal.hu\/index.php\/wp-json\/wp\/v2\/media?parent=37177"}],"wp:term":[{"taxonomy":"category","embeddable":true,"href":"https:\/\/gazdasagportal.hu\/index.php\/wp-json\/wp\/v2\/categories?post=37177"},{"taxonomy":"post_tag","embeddable":true,"href":"https:\/\/gazdasagportal.hu\/index.php\/wp-json\/wp\/v2\/tags?post=37177"}],"curies":[{"name":"wp","href":"https:\/\/api.w.org\/{rel}","templated":true}]}}