{"id":37171,"date":"2014-06-17T04:34:37","date_gmt":"2014-06-17T02:34:37","guid":{"rendered":"http:\/\/stockportal.hu\/?p=37171"},"modified":"2014-06-16T21:06:09","modified_gmt":"2014-06-16T19:06:09","slug":"eu-tisztujitas-orban-europa-az-europaiake","status":"publish","type":"post","link":"https:\/\/gazdasagportal.hu\/index.php\/eu-tisztujitas-orban-europa-az-europaiake\/","title":{"rendered":"EU-tiszt\u00faj\u00edt\u00e1s &#8211; Orb\u00e1n: Eur\u00f3pa az eur\u00f3paiak\u00e9"},"content":{"rendered":"<p><strong>Eur\u00f3pa legyen \u00fajra az eur\u00f3paiak\u00e9, a kontinens maga kezelje az eur\u00f3pai k\u00e9rd\u00e9seket &#8211; hangoztatta Orb\u00e1n Viktor minisztereln\u00f6k h\u00e9tf\u0151n a d\u00e9l-portug\u00e1liai Albufeir\u00e1ban, az Eur\u00f3pai N\u00e9pp\u00e1rt parlamenti csoportj\u00e1nak tan\u00e1cskoz\u00e1s\u00e1n.<\/strong><!--more--><br \/>\n<div class=\"ads-in-post1\"><div id=\"gazdasagportal.hu_fullbanner_wideboard\"><\/div>\r\n<\/div>\n<p>    Az ukr\u00e1n v\u00e1ls\u00e1g megold\u00e1s\u00e1ban is az Eur\u00f3pai Uni\u00f3nak vezet\u0151 szerepet kell j\u00e1tszania &#8211; mondta a 2014-2019 k\u00f6z\u00f6tti eur\u00f3pai parlamenti (EP-) ciklus n\u00e9pp\u00e1rti strat\u00e9gi\u00e1j\u00e1r\u00f3l rendezett f\u00f3rumon a korm\u00e1nyf\u0151, aki &#8211; mint arr\u00f3l a magyar k\u00f6zm\u00e9di\u00e1nak el\u0151z\u0151leg m\u00e1r besz\u00e1molt &#8211; egy Oroszorsz\u00e1g-EU-konferencia megszervez\u00e9s\u00e9t szorgalmazza, amelyen tiszt\u00e1zni lehetne a k\u00f6vetkez\u0151 \u00e9vtizedek egy\u00fcttm\u0171k\u00f6d\u00e9s\u00e9t p\u00e9ld\u00e1ul energetikai k\u00e9rd\u00e9sekben.<br \/>\n    &#8222;Azt javaslom, hogy az elk\u00f6vetkez\u0151 \u00f6t \u00e9vben geo- \u00e9s k\u00fclpolitikai szempontb\u00f3l legy\u00fcnk kezdem\u00e9nyez\u0151bbek&#8221; &#8211; mondta az eur\u00f3pai politiz\u00e1l\u00e1s radik\u00e1lis meg\u00faj\u00edt\u00e1s\u00e1t javasolva.<br \/>\n    E reform jegy\u00e9ben kit\u00e9rt a versenyk\u00e9pess\u00e9gre, amellyel kapcsolatban a gazdas\u00e1g sz\u00e1m\u00e1ra is olcs\u00f3 eur\u00f3pai energi\u00e1t s\u00fcrgetett, majd hozz\u00e1f\u0171zte, hogy \u00fajra kell gondolni az eur\u00f3pai atomenergia-politik\u00e1t is.<br \/>\n    Orb\u00e1n Viktor sz\u00f3lt tov\u00e1bb\u00e1 arr\u00f3l, hogy szerinte er\u0151teljesebb \u00e1llami szerepv\u00e1llal\u00e1sra van sz\u00fcks\u00e9g a foglalkoztat\u00e1sban. &#8222;El\u0151sz\u00f6r kell munkahelyeket teremteni, \u00e9s ez hozza majd l\u00e9tre a versenyk\u00e9pes gazdas\u00e1got&#8221; &#8211; ismertette \u00e1ll\u00e1spontj\u00e1t a minisztereln\u00f6k, aki szerint az \u00e1llamnak egy id\u0151re, am\u00edg a piacnak nem megy, igenis be kell kapcsol\u00f3dnia a munkahelyteremt\u00e9sbe, de \u00fagy, hogy ek\u00f6zben az \u00e1llamad\u00f3ss\u00e1g ne n\u0151j\u00f6n. &#8222;Ez neh\u00e9z, de nem lehetetlen feladat. Magyarorsz\u00e1gon ezt h\u00edvjuk munkaalap\u00fa t\u00e1rsadalomnak&#8221; &#8211; mondta.<br \/>\n    Magyarorsz\u00e1gr\u00f3l sz\u00f3lva Orb\u00e1n Viktor azt is kiemelte, hogy az elm\u00falt n\u00e9gy \u00e9vben az orsz\u00e1g meger\u0151s\u00f6dve l\u00e1balt ki egy komoly v\u00e1ls\u00e1gb\u00f3l &#8222;egy kicsit m\u00e1sk\u00e9pp v\u00e9grehajtott v\u00e1ls\u00e1gkezel\u00e9ssel&#8221;, mint ahogyan azt a Nemzetk\u00f6zi Valutaalap (IMF) \u00e9s az Eur\u00f3pai Bizotts\u00e1g javasolta. Magyarorsz\u00e1g az IMF-programj\u00e1t lez\u00e1rta, s\u0151t a hat\u00e1rid\u0151n\u00e9l hamarabb fizette vissza a hitelt, \u00e9s saj\u00e1t kez\u00e9be vette a gazdas\u00e1gpolitika ir\u00e1ny\u00edt\u00e1s\u00e1t &#8211; id\u00e9zte fel, hangs\u00falyozva, hogy az egyes v\u00e1ls\u00e1gkezel\u00e9si m\u00f3dok megv\u00e1laszt\u00e1sakor rugalmasnak kell lenni.<br \/>\n    Orb\u00e1n Viktor besz\u00e9d\u00e9ben kritiz\u00e1lta a Magyarorsz\u00e1gr\u00f3l kiadott eur\u00f3pai bizotts\u00e1gi orsz\u00e1gjelent\u00e9seket, amelyeket politikai szempontb\u00f3l k\u00e1rosaknak nevezett, \u00e9s azt mondta, &#8222;el\u0151bb-ut\u00f3bb politikai ellen\u0151rz\u00e9s al\u00e1 kell vonni ezeket az orsz\u00e1gjelent\u00e9seket&#8221;.<br \/>\n    &#8222;Ha az eur\u00f3pai int\u00e9zm\u00e9nyek nagyobb lehet\u0151s\u00e9get biztos\u00edtan\u00e1nak az eur\u00f3\u00f6vezeten k\u00edv\u00fcli tag\u00e1llamoknak, hogy saj\u00e1t szakpolitikai elegyet \u00e1ll\u00edtsanak el\u0151, akkor az EU j\u00f3val sikeresebb lenne&#8221; &#8211; z\u00e1rta el\u0151ad\u00e1s\u00e1t a korm\u00e1nyf\u0151 a n\u00e9pp\u00e1rti konferencia r\u00e9sztvev\u0151i el\u0151tt.(MTI)<\/p>\n","protected":false},"excerpt":{"rendered":"<p>Eur\u00f3pa legyen \u00fajra az eur\u00f3paiak\u00e9, a kontinens maga kezelje az eur\u00f3pai k\u00e9rd\u00e9seket &#8211; hangoztatta Orb\u00e1n Viktor minisztereln\u00f6k h\u00e9tf\u0151n a d\u00e9l-portug\u00e1liai Albufeir\u00e1ban, az Eur\u00f3pai N\u00e9pp\u00e1rt parlamenti csoportj\u00e1nak tan\u00e1cskoz\u00e1s\u00e1n.<\/p>\n","protected":false},"author":1,"featured_media":0,"comment_status":"open","ping_status":"closed","sticky":false,"template":"","format":"standard","meta":[],"categories":[12],"tags":[],"_links":{"self":[{"href":"https:\/\/gazdasagportal.hu\/index.php\/wp-json\/wp\/v2\/posts\/37171"}],"collection":[{"href":"https:\/\/gazdasagportal.hu\/index.php\/wp-json\/wp\/v2\/posts"}],"about":[{"href":"https:\/\/gazdasagportal.hu\/index.php\/wp-json\/wp\/v2\/types\/post"}],"author":[{"embeddable":true,"href":"https:\/\/gazdasagportal.hu\/index.php\/wp-json\/wp\/v2\/users\/1"}],"replies":[{"embeddable":true,"href":"https:\/\/gazdasagportal.hu\/index.php\/wp-json\/wp\/v2\/comments?post=37171"}],"version-history":[{"count":1,"href":"https:\/\/gazdasagportal.hu\/index.php\/wp-json\/wp\/v2\/posts\/37171\/revisions"}],"predecessor-version":[{"id":37172,"href":"https:\/\/gazdasagportal.hu\/index.php\/wp-json\/wp\/v2\/posts\/37171\/revisions\/37172"}],"wp:attachment":[{"href":"https:\/\/gazdasagportal.hu\/index.php\/wp-json\/wp\/v2\/media?parent=37171"}],"wp:term":[{"taxonomy":"category","embeddable":true,"href":"https:\/\/gazdasagportal.hu\/index.php\/wp-json\/wp\/v2\/categories?post=37171"},{"taxonomy":"post_tag","embeddable":true,"href":"https:\/\/gazdasagportal.hu\/index.php\/wp-json\/wp\/v2\/tags?post=37171"}],"curies":[{"name":"wp","href":"https:\/\/api.w.org\/{rel}","templated":true}]}}