{"id":37153,"date":"2014-06-16T17:36:59","date_gmt":"2014-06-16T15:36:59","guid":{"rendered":"http:\/\/stockportal.hu\/?p=37153"},"modified":"2014-06-16T16:57:53","modified_gmt":"2014-06-16T14:57:53","slug":"kinai-miniszterelnok-kina-meg-messze-jar-a-nyugati-gazdasagoktol","status":"publish","type":"post","link":"https:\/\/gazdasagportal.hu\/index.php\/kinai-miniszterelnok-kina-meg-messze-jar-a-nyugati-gazdasagoktol\/","title":{"rendered":"K\u00ednai minisztereln\u00f6k: K\u00edna m\u00e9g messze j\u00e1r a nyugati gazdas\u00e1gokt\u00f3l"},"content":{"rendered":"<p><strong>K\u00edna hatalmas fejl\u0151d\u00e9sen ment \u00e1t a reformok t\u00f6bb mint h\u00e1rom \u00e9vtizeddel ezel\u0151tti kezdete \u00f3ta, de a moderniz\u00e1ci\u00f3 k\u00e9sei kezdete \u00e9s a gyenge gazdas\u00e1gi alapok miatt tov\u00e1bbra is messze a nyugati gazdas\u00e1gok m\u00f6g\u00f6tt j\u00e1r sok tekintetben &#8211; \u00edrta a The Times h\u00e9tf\u0151i kiad\u00e1s\u00e1ban megjelent cikk\u00e9ben a k\u00ednai minisztereln\u00f6k.<\/strong><!--more--><br \/>\n<div class=\"ads-in-post1\"><div id=\"gazdasagportal.hu_fullbanner_wideboard\"><\/div>\r\n<\/div>\n<p>    Li Ko-csiang (Li Keqiang), aki a h\u00e9ten &#8211; n\u00e9pes \u00fczletember-k\u00fcld\u00f6tts\u00e9g \u00e9l\u00e9n &#8211; h\u00e1romnapos hivatalos l\u00e1togat\u00e1st tesz Londonban, a tekint\u00e9lyes konzervat\u00edv brit napilapban hangs\u00falyozta: K\u00edna m\u00e9g t\u00e1volr\u00f3l sem \u00e9rte el fejleszt\u00e9si c\u00e9lkit\u0171z\u00e9seit, a Vil\u00e1gbank szabv\u00e1nyaival sz\u00e1molva p\u00e9ld\u00e1ul 200 milli\u00f3 k\u00ednai most is a szeg\u00e9nys\u00e9gi k\u00fcsz\u00f6b alatti j\u00f6vedelmekb\u0151l \u00e9l.<br \/>\n    A fejl\u0151d\u00e9s meglehet\u0151sen egyenetlen a v\u00e1rosi \u00e9s a vid\u00e9ki t\u00e9rs\u00e9gek, valamint az egyes orsz\u00e1gr\u00e9szek k\u00f6z\u00f6tt: az egy f\u0151re jut\u00f3 hazai \u00f6sszterm\u00e9k (GDP) bizonyos bels\u0151 tartom\u00e1nyokban alig a harmada a tengerparti t\u00e9rs\u00e9gek\u00e9nek &#8211; \u00edrta a k\u00ednai minisztereln\u00f6k.<br \/>\n    Li a megold\u00e1sra v\u00e1r\u00f3 feladatok \u00e9rz\u00e9keltet\u00e9s\u00e9re h\u00e1rom olyan s\u00fcrget\u0151 probl\u00e9m\u00e1t sorolt fel, amelyek mindegyike 100 milli\u00f3 embert \u00e9rint. Csak Kelet-K\u00edna nagyv\u00e1rosaiban 100 milli\u00f3, vid\u00e9kr\u0151l \u00e9rkezett migr\u00e1ns munkav\u00e1llal\u00f3 st\u00e1tus\u00e1t kell rendezni, tov\u00e1bbi 100 milli\u00f3 vid\u00e9ki bev\u00e1ndorl\u00f3 \u00e1lland\u00f3 elhelyez\u00e9s\u00e9t kell megoldani K\u00edna k\u00f6z\u00e9ps\u0151 \u00e9s nyugati t\u00e9rs\u00e9geiben \u00e9s megfelel\u0151 lak\u00e1sk\u00f6r\u00fclm\u00e9nyeket kell teremteni 100 milli\u00f3 olyan v\u00e1rosi lakosnak, akik lepusztult v\u00e1rosnegyedekben \u00e9lnek.<br \/>\n    Li Ko-csiang szerint a k\u00ednai gazdas\u00e1g 7,5 sz\u00e1zal\u00e9kosra becs\u00fclt idei n\u00f6veked\u00e9si \u00fcteme lassabb, mint kor\u00e1bban, de &#8222;ez a norm\u00e1lis&#8221;, \u00e9s a k\u00ednai gazdas\u00e1g m\u00e9rete alapj\u00e1n e n\u00f6veked\u00e9si \u00fctem is \u00e9vente hozz\u00e1vet\u0151leg ezermilli\u00e1rd doll\u00e1rnyi nomin\u00e1lis gazdas\u00e1gi plusz\u00e9rt\u00e9ket jelent.<br \/>\n    Moderniz\u00e1ci\u00f3s c\u00e9ljai el\u00e9r\u00e9se v\u00e9gett K\u00edn\u00e1nak tov\u00e1bbra is a piacorient\u00e1lt reformok \u00fatj\u00e1n kell haladnia, \u00e9s m\u00e9g nagyobb m\u00e9rt\u00e9kben nyitnia kell a k\u00fclvil\u00e1g fel\u00e9. Ennek \u00e9rdek\u00e9ben a k\u00ednai korm\u00e1ny tov\u00e1bb sz\u00e9les\u00edti az egy\u00e9n \u00e9s az \u00fczleti szf\u00e9ra gazdas\u00e1gi aktivit\u00e1si mozg\u00e1ster\u00e9t, ezzel egyidej\u0171leg azonban szigor\u00fabb fel\u00fcgyeletet gyakorol, \u00e9s kem\u00e9nyebb b\u00fcntet\u00e9seket szab ki a szellemi tulajdonhoz f\u0171z\u0151d\u0151 jogok megs\u00e9rt\u00e9s\u00e9\u00e9rt, a k\u00f6rnyezetszennyez\u00e9s\u00e9rt \u00e9s az igazs\u00e1gos verseny szab\u00e1lyainak \u00e1th\u00e1g\u00e1s\u00e1\u00e9rt. Ez egyenl\u0151 felt\u00e9teleket \u00e9s sz\u00e9lesebb fejl\u0151d\u00e9si mozg\u00e1steret ad a k\u00fclf\u00f6ldi \u00e9s a k\u00ednai befektet\u0151knek egyar\u00e1nt &#8211; hangs\u00falyozza cikk\u00e9ben a k\u00ednai minisztereln\u00f6k.<br \/>\n    Li Ko-csianggal egy\u00fctt 150 k\u00ednai \u00fczletember \u00e9rkezik Londonba, \u00e9s a brit sajt\u00f3 el\u0151zetes v\u00e1rakoz\u00e1sai szerint a l\u00e1togat\u00e1s idej\u00e9n &#8211; amely alatt II. Erzs\u00e9bet kir\u00e1lyn\u0151 is fogadja a k\u00ednai korm\u00e1nyf\u0151t &#8211; 18 milli\u00e1rd font (6800 milli\u00e1rd forint) \u00e9rt\u00e9kben sz\u00fclethetnek beruh\u00e1z\u00e1si meg\u00e1llapod\u00e1sok.<br \/>\n    K\u00ednai atomenergia-ipari c\u00e9gek p\u00e9ld\u00e1ul ak\u00e1r 40 sz\u00e1zal\u00e9knyi r\u00e9szt is v\u00e1llalhatnak a d\u00e9lnyugat-angliai Somerset megy\u00e9ben tervezett 16 milli\u00e1rd fontos atomer\u0151m\u0171-\u00e9p\u00edt\u00e9si programb\u00f3l. A brit korm\u00e1ny a Hinkley Point nukle\u00e1ris l\u00e9tes\u00edtm\u00e9ny b\u0151v\u00edt\u00e9s\u00e9t tervezi egy 3200 megawattos egys\u00e9ggel, amelyben k\u00e9t reaktor m\u0171k\u00f6dne. Az er\u0151m\u0171 az \u00e9ves brit \u00e1ramsz\u00fcks\u00e9glet 7 sz\u00e1zal\u00e9k\u00e1t termeln\u00e9 meg.(MTI)<\/p>\n","protected":false},"excerpt":{"rendered":"<p>K\u00edna hatalmas fejl\u0151d\u00e9sen ment \u00e1t a reformok t\u00f6bb mint h\u00e1rom \u00e9vtizeddel ezel\u0151tti kezdete \u00f3ta, de a moderniz\u00e1ci\u00f3 k\u00e9sei kezdete \u00e9s a gyenge gazdas\u00e1gi alapok miatt tov\u00e1bbra is messze a nyugati gazdas\u00e1gok m\u00f6g\u00f6tt j\u00e1r sok tekintetben &#8211; \u00edrta a The Times h\u00e9tf\u0151i kiad\u00e1s\u00e1ban megjelent cikk\u00e9ben a k\u00ednai minisztereln\u00f6k.<\/p>\n","protected":false},"author":1,"featured_media":0,"comment_status":"open","ping_status":"closed","sticky":false,"template":"","format":"standard","meta":[],"categories":[14],"tags":[],"_links":{"self":[{"href":"https:\/\/gazdasagportal.hu\/index.php\/wp-json\/wp\/v2\/posts\/37153"}],"collection":[{"href":"https:\/\/gazdasagportal.hu\/index.php\/wp-json\/wp\/v2\/posts"}],"about":[{"href":"https:\/\/gazdasagportal.hu\/index.php\/wp-json\/wp\/v2\/types\/post"}],"author":[{"embeddable":true,"href":"https:\/\/gazdasagportal.hu\/index.php\/wp-json\/wp\/v2\/users\/1"}],"replies":[{"embeddable":true,"href":"https:\/\/gazdasagportal.hu\/index.php\/wp-json\/wp\/v2\/comments?post=37153"}],"version-history":[{"count":1,"href":"https:\/\/gazdasagportal.hu\/index.php\/wp-json\/wp\/v2\/posts\/37153\/revisions"}],"predecessor-version":[{"id":37154,"href":"https:\/\/gazdasagportal.hu\/index.php\/wp-json\/wp\/v2\/posts\/37153\/revisions\/37154"}],"wp:attachment":[{"href":"https:\/\/gazdasagportal.hu\/index.php\/wp-json\/wp\/v2\/media?parent=37153"}],"wp:term":[{"taxonomy":"category","embeddable":true,"href":"https:\/\/gazdasagportal.hu\/index.php\/wp-json\/wp\/v2\/categories?post=37153"},{"taxonomy":"post_tag","embeddable":true,"href":"https:\/\/gazdasagportal.hu\/index.php\/wp-json\/wp\/v2\/tags?post=37153"}],"curies":[{"name":"wp","href":"https:\/\/api.w.org\/{rel}","templated":true}]}}