{"id":37151,"date":"2014-06-16T21:46:00","date_gmt":"2014-06-16T19:46:00","guid":{"rendered":"http:\/\/stockportal.hu\/?p=37151"},"modified":"2014-06-16T16:56:45","modified_gmt":"2014-06-16T14:56:45","slug":"ksh-terjed-de-tovabbra-sem-jellemzo-az-atipikus-foglalkoztatas-magyarorszagon","status":"publish","type":"post","link":"https:\/\/gazdasagportal.hu\/index.php\/ksh-terjed-de-tovabbra-sem-jellemzo-az-atipikus-foglalkoztatas-magyarorszagon\/","title":{"rendered":"KSH: terjed, de tov\u00e1bbra sem jellemz\u0151 az atipikus foglalkoztat\u00e1s Magyarorsz\u00e1gon"},"content":{"rendered":"<p><strong>Az atipikus, p\u00e9ld\u00e1ul r\u00e9szmunkaid\u0151ben t\u00f6rt\u00e9n\u0151 foglalkoztat\u00e1s ar\u00e1nya n\u0151tt a v\u00e1ls\u00e1g el\u0151tti szinthez k\u00e9pest, azonban sz\u00e9les k\u00f6r\u0171 alkalmaz\u00e1sa tov\u00e1bbra sem jellemz\u0151 Magyarorsz\u00e1gon &#8211; der\u00fcl ki a K\u00f6zponti Statisztikai Hivatal (KSH) 2013-as \u00e9vk\u00f6nyv\u00e9nek online kiad\u00e1s\u00e1b\u00f3l, amely a munkaer\u0151-piaci viszonyokat is vizsg\u00e1lja.<\/strong><!--more--><br \/>\n<div class=\"ads-in-post1\"><div id=\"gazdasagportal.hu_fullbanner_wideboard\"><\/div>\r\n<\/div>\n<p>    M\u00edg a v\u00e1ls\u00e1g el\u0151tt 3-4 sz\u00e1zal\u00e9k volt a r\u00e9szmunkaid\u0151ben foglalkoztatottak ar\u00e1nya a 15-64 \u00e9ves lakoss\u00e1g k\u00f6r\u00e9ben, 2013-ra ez az ar\u00e1ny 6,3 sz\u00e1zal\u00e9kra n\u00f6vekedett. L\u00e9tsz\u00e1muk 2008 \u00e9s 2013 k\u00f6z\u00f6tt 83 ezerrel, 247 ezerre n\u00f6vekedett &#8211; olvashat\u00f3 a KSH kiadv\u00e1ny\u00e1ban, amely kiemeli azt is, hogy a n\u0151k k\u00f6r\u00fclbel\u00fcl k\u00e9tszer gyakrabban dolgoznak r\u00e9szmunkaid\u0151ben, mint a f\u00e9rfiak.<br \/>\n    A jelent\u00e9s szerint a gazdas\u00e1gi v\u00e1ls\u00e1gra adott munkaer\u0151-piaci v\u00e1laszok k\u00f6z\u00f6tt fel\u00e9rt\u00e9kel\u0151dtek a rugalmas foglalkoztat\u00e1si form\u00e1k (mint a hat\u00e1rozott idej\u0171 munkaszerz\u0151d\u00e9ssel, r\u00e9szmunkaid\u0151ben, t\u00e1vmunka keret\u00e9ben, munkaer\u0151-k\u00f6lcs\u00f6nz\u0151 c\u00e9gen kereszt\u00fcl t\u00f6rt\u00e9n\u0151 foglalkoztat\u00e1s, \u00f6nfoglalkoztat\u00e1s) szerepe.<br \/>\n    A munk\u00e1ltat\u00f3k egyre nagyobb ar\u00e1nyban \u00e9lnek a hat\u00e1rozott idej\u0171 alkalmaz\u00e1s lehet\u0151s\u00e9g\u00e9vel is, az ilyen form\u00e1ban alkalmazottak ar\u00e1nya a 2008. \u00e9vi 7,8 sz\u00e1zal\u00e9kr\u00f3l 2013-ra 10,8 sz\u00e1zal\u00e9kra emelkedett.<br \/>\n    A 2013-r\u00f3l sz\u00f3l\u00f3 jelent\u00e9s kit\u00e9r arra, hogy tavaly javultak a munkaer\u0151-piaci st\u00e1tusv\u00e1lt\u00e1s es\u00e9lyei. A gyedet, gyest, gyetet ig\u00e9nybe vev\u0151k t\u00f6bb es\u00e9llyel v\u00e1ltak foglalkoztatott\u00e1, mint munkan\u00e9lk\u00fcliv\u00e9 &#8211; b\u00e1r a 2012-ben munkan\u00e9lk\u00fcli st\u00e1tusz\u00faak k\u00f6zel k\u00e9tharmada megmaradt munkan\u00e9lk\u00fclinek 2013-ban is.<br \/>\n    Minden harmadik magyarorsz\u00e1gi foglalkoztatott naponta ing\u00e1zott a legut\u00f3bbi, 2009-2010-es id\u0151m\u00e9rleg-felv\u00e9tel adatai szerint. A naponta ing\u00e1z\u00f3 foglalkoztatottak sz\u00e1ma ekkor megk\u00f6zel\u00edtette az 1,2 milli\u00f3t.<br \/>\n    A jelent\u00e9s megeml\u00edti, hogy az OECD-tagorsz\u00e1gok gyakorlat\u00e1hoz k\u00e9pest Magyarorsz\u00e1gon a munkaer\u0151piacon jelenl\u00e9v\u0151k sokat dolgoznak. 2012-ben egy dolgoz\u00f3 \u00e1tlagosan 1888 \u00f3r\u00e1t \u2013 8 \u00f3r\u00e1s munkanappal sz\u00e1m\u00edtva 236 napot \u2013 t\u00f6lt\u00f6tt munk\u00e1val, ezzel a rangsorban a nyolcadikak a magyar munkav\u00e1llal\u00f3k. A magyarokn\u00e1l csak a chileiek, az \u00e9sztek, a g\u00f6r\u00f6g\u00f6k, az izraeliek, a d\u00e9l-koreaiak, a lengyelek \u00e9s a mexik\u00f3iak dolgoznak t\u00f6bbet a felm\u00e9r\u00e9s szerint.(MTI)<\/p>\n","protected":false},"excerpt":{"rendered":"<p>Az atipikus, p\u00e9ld\u00e1ul r\u00e9szmunkaid\u0151ben t\u00f6rt\u00e9n\u0151 foglalkoztat\u00e1s ar\u00e1nya n\u0151tt a v\u00e1ls\u00e1g el\u0151tti szinthez k\u00e9pest, azonban sz\u00e9les k\u00f6r\u0171 alkalmaz\u00e1sa tov\u00e1bbra sem jellemz\u0151 Magyarorsz\u00e1gon &#8211; der\u00fcl ki a K\u00f6zponti Statisztikai Hivatal (KSH) 2013-as \u00e9vk\u00f6nyv\u00e9nek online kiad\u00e1s\u00e1b\u00f3l, amely a munkaer\u0151-piaci viszonyokat is vizsg\u00e1lja.<\/p>\n","protected":false},"author":1,"featured_media":0,"comment_status":"open","ping_status":"closed","sticky":false,"template":"","format":"standard","meta":[],"categories":[19],"tags":[],"_links":{"self":[{"href":"https:\/\/gazdasagportal.hu\/index.php\/wp-json\/wp\/v2\/posts\/37151"}],"collection":[{"href":"https:\/\/gazdasagportal.hu\/index.php\/wp-json\/wp\/v2\/posts"}],"about":[{"href":"https:\/\/gazdasagportal.hu\/index.php\/wp-json\/wp\/v2\/types\/post"}],"author":[{"embeddable":true,"href":"https:\/\/gazdasagportal.hu\/index.php\/wp-json\/wp\/v2\/users\/1"}],"replies":[{"embeddable":true,"href":"https:\/\/gazdasagportal.hu\/index.php\/wp-json\/wp\/v2\/comments?post=37151"}],"version-history":[{"count":1,"href":"https:\/\/gazdasagportal.hu\/index.php\/wp-json\/wp\/v2\/posts\/37151\/revisions"}],"predecessor-version":[{"id":37152,"href":"https:\/\/gazdasagportal.hu\/index.php\/wp-json\/wp\/v2\/posts\/37151\/revisions\/37152"}],"wp:attachment":[{"href":"https:\/\/gazdasagportal.hu\/index.php\/wp-json\/wp\/v2\/media?parent=37151"}],"wp:term":[{"taxonomy":"category","embeddable":true,"href":"https:\/\/gazdasagportal.hu\/index.php\/wp-json\/wp\/v2\/categories?post=37151"},{"taxonomy":"post_tag","embeddable":true,"href":"https:\/\/gazdasagportal.hu\/index.php\/wp-json\/wp\/v2\/tags?post=37151"}],"curies":[{"name":"wp","href":"https:\/\/api.w.org\/{rel}","templated":true}]}}