{"id":37149,"date":"2014-06-16T21:14:26","date_gmt":"2014-06-16T19:14:26","guid":{"rendered":"http:\/\/stockportal.hu\/?p=37149"},"modified":"2014-06-16T16:55:04","modified_gmt":"2014-06-16T14:55:04","slug":"tobb-mint-masfel-szaz-diak-kezdte-meg-gyakorlatat-az-audinal","status":"publish","type":"post","link":"https:\/\/gazdasagportal.hu\/index.php\/tobb-mint-masfel-szaz-diak-kezdte-meg-gyakorlatat-az-audinal\/","title":{"rendered":"T\u00f6bb mint m\u00e1sf\u00e9l sz\u00e1z di\u00e1k kezdte meg gyakorlat\u00e1t az Audin\u00e1l"},"content":{"rendered":"<p><strong>T\u00f6bb mint m\u00e1sf\u00e9l sz\u00e1z di\u00e1k kezdte meg n\u00e9gyhetes ny\u00e1ri gyakorlat\u00e1t h\u00e9tf\u0151n az Audi Hungaria motor Kft.-n\u00e9l; \u0151k lesznek azok, akik szeptembert\u0151l a t\u00e1rsas\u00e1gn\u00e1l t\u00f6ltik szakmai gyakorlatukat a du\u00e1lis k\u00e9pz\u00e9s keret\u00e9ben.<\/strong><!--more--><br \/>\n<div class=\"ads-in-post1\"><div id=\"gazdasagportal.hu_fullbanner_wideboard\"><\/div>\r\n<\/div>\n<p>    A motor- \u00e9s j\u00e1rm\u0171gy\u00e1rt\u00e1soz kapcsol\u00f3d\u00f3 11 szakma k\u00e9pviselet\u00e9ben \u00f6sszesen 159 fiatal kapott helyet a programban, k\u00e9tharmaduk szakmunk\u00e1sk\u00e9pz\u0151 int\u00e9zm\u00e9ny tanul\u00f3ja.<br \/>\n    \u0150k egy, m\u00edg a szakk\u00f6z\u00e9piskol\u00e1sok k\u00e9t \u00e9ven kereszt\u00fcl tanulhatnak a j\u00e1rm\u0171gy\u00e1rban &#8211; mondta el az MTI \u00e9rdekl\u0151d\u00e9s\u00e9re a kezd\u0151napon Kn\u00e1b Erzs\u00e9bet, az Audi Hungaria Motor Kft. szem\u00e9ly\u00fcgyek\u00e9rt felel\u0151s \u00fcgyvezet\u0151 igazgat\u00f3ja.<br \/>\n    A t\u00e1rsas\u00e1g t\u00e1j\u00e9koztat\u00e1s szerint a di\u00e1kokat a j\u00e1rm\u0171gy\u00e1r h\u00e1rom helyi partner-k\u00f6z\u00e9piskol\u00e1j\u00e1b\u00f3l toborozt\u00e1k, k\u00f6r\u00fclbel\u00fcl k\u00e9tszer ennyi jelentkez\u0151 k\u00f6z\u00fcl v\u00e1lasztva ki \u0151ket.<br \/>\n    Az ut\u00f3bbi \u00e9vekben azt tapasztalt\u00e1k, hogy a partnerint\u00e9zm\u00e9nyekbe mind t\u00f6bb  m\u00e1s telep\u00fcl\u00e9sen \u00e9l\u0151 fiatal jelentkezik abban a rem\u00e9nyben, hogy ut\u00e1na beker\u00fclhet az Audi k\u00e9pz\u00e9si rendszer\u00e9be, majd munkat\u00e1rss\u00e1 v\u00e1lhat.<br \/>\n    Eddig \u00f6sszesen t\u00f6bb mint 1400 szakmunk\u00e1stanul\u00f3t k\u00e9pezt\u00fcnk Gy\u0151rben,az Audin\u00e1l &#8211; hangs\u00falyozta Kn\u00e1b Erzs\u00e9bet.<br \/>\n    A most be\u00e1ll\u00f3kkal egy\u00fctt mintegy 260 fiatal tanul\u00f3ja van a projekt- \u00e9s k\u00e9pz\u00e9si k\u00f6zpontnak, amelyre kulcsszerep h\u00e1rul a j\u00e1rm\u0171gy\u00e1r dolgoz\u00f3i ut\u00e1np\u00f3tl\u00e1s\u00e1nak biztos\u00edt\u00e1s\u00e1ban. A fiatalokat itt nem hagyom\u00e1nyos oktat\u00e1si programok keret\u00e9ben k\u00e9pzik, tan\u00e1raik &#8211; probl\u00e9m\u00e1k v\u00e1zol\u00e1s\u00e1val, feladatok kiad\u00e1s\u00e1val &#8211; sokkal ink\u00e1bb t\u00e1mogat\u00f3 mentork\u00e9nt l\u00e9pnek fel. (MTI)<\/p>\n","protected":false},"excerpt":{"rendered":"<p>T\u00f6bb mint m\u00e1sf\u00e9l sz\u00e1z di\u00e1k kezdte meg n\u00e9gyhetes ny\u00e1ri gyakorlat\u00e1t h\u00e9tf\u0151n az Audi Hungaria motor Kft.-n\u00e9l; \u0151k lesznek azok, akik szeptembert\u0151l a t\u00e1rsas\u00e1gn\u00e1l t\u00f6ltik szakmai gyakorlatukat a du\u00e1lis k\u00e9pz\u00e9s keret\u00e9ben.<\/p>\n","protected":false},"author":1,"featured_media":0,"comment_status":"open","ping_status":"closed","sticky":false,"template":"","format":"standard","meta":[],"categories":[19],"tags":[],"_links":{"self":[{"href":"https:\/\/gazdasagportal.hu\/index.php\/wp-json\/wp\/v2\/posts\/37149"}],"collection":[{"href":"https:\/\/gazdasagportal.hu\/index.php\/wp-json\/wp\/v2\/posts"}],"about":[{"href":"https:\/\/gazdasagportal.hu\/index.php\/wp-json\/wp\/v2\/types\/post"}],"author":[{"embeddable":true,"href":"https:\/\/gazdasagportal.hu\/index.php\/wp-json\/wp\/v2\/users\/1"}],"replies":[{"embeddable":true,"href":"https:\/\/gazdasagportal.hu\/index.php\/wp-json\/wp\/v2\/comments?post=37149"}],"version-history":[{"count":1,"href":"https:\/\/gazdasagportal.hu\/index.php\/wp-json\/wp\/v2\/posts\/37149\/revisions"}],"predecessor-version":[{"id":37150,"href":"https:\/\/gazdasagportal.hu\/index.php\/wp-json\/wp\/v2\/posts\/37149\/revisions\/37150"}],"wp:attachment":[{"href":"https:\/\/gazdasagportal.hu\/index.php\/wp-json\/wp\/v2\/media?parent=37149"}],"wp:term":[{"taxonomy":"category","embeddable":true,"href":"https:\/\/gazdasagportal.hu\/index.php\/wp-json\/wp\/v2\/categories?post=37149"},{"taxonomy":"post_tag","embeddable":true,"href":"https:\/\/gazdasagportal.hu\/index.php\/wp-json\/wp\/v2\/tags?post=37149"}],"curies":[{"name":"wp","href":"https:\/\/api.w.org\/{rel}","templated":true}]}}