{"id":37129,"date":"2014-06-16T17:27:59","date_gmt":"2014-06-16T15:27:59","guid":{"rendered":"http:\/\/stockportal.hu\/?p=37129"},"modified":"2014-06-16T16:42:08","modified_gmt":"2014-06-16T14:42:08","slug":"a-lehallgatasi-botrany-ketsegesse-teszi-a-jegybank-fuggetlenseget-es-az-allam-biztonsagat","status":"publish","type":"post","link":"https:\/\/gazdasagportal.hu\/index.php\/a-lehallgatasi-botrany-ketsegesse-teszi-a-jegybank-fuggetlenseget-es-az-allam-biztonsagat\/","title":{"rendered":"A lehallgat\u00e1si botr\u00e1ny k\u00e9ts\u00e9gess\u00e9 teszi a jegybank f\u00fcggetlens\u00e9g\u00e9t \u00e9s az \u00e1llam biztons\u00e1g\u00e1t"},"content":{"rendered":"<p><strong>A h\u00e9tv\u00e9g\u00e9n kit\u00f6rt lengyelorsz\u00e1gi lehallgat\u00e1si botr\u00e1ny k\u00e9ts\u00e9gess\u00e9 teszi a jegybank eln\u00f6k\u00e9nek f\u00fcggetlens\u00e9g\u00e9t, a bel\u00fcgyminiszter lehallgat\u00e1sa megk\u00e9rd\u0151jelezi az \u00e1llam biztons\u00e1g\u00e1t &#8211; \u00e1llap\u00edtotta meg h\u00e9tf\u0151n a lengyel sajt\u00f3.<!--more--><\/strong><br \/>\n<div class=\"ads-in-post1\"><div id=\"gazdasagportal.hu_fullbanner_wideboard\"><\/div>\r\n<\/div>\n<p>A Wprost c\u00edm\u0171 hetilap nyomtatott v\u00e1ltozata h\u00e9tf\u0151n 12 oldalon kereszt\u00fcl ismerteti a 2013 j\u00falius\u00e1ban \u00e9s 2014 febru\u00e1rj\u00e1ban lehallgatott besz\u00e9lget\u00e9seket. Ezek k\u00f6z\u00fcl a legnagyobb \u00e9rdekl\u0151d\u00e9st a Marek Belka, a Nemzeti Bank eln\u00f6ke \u00e9s Bartlomiej Sienkiewicz bel\u00fcgyminiszter k\u00f6z\u00f6tt elhangzott p\u00e1rbesz\u00e9d v\u00e1ltotta ki, amelyben a bel\u00fcgyminiszter p\u00e9nzkibocs\u00e1t\u00e1st k\u00f6vetel a jegybank eln\u00f6k\u00e9t\u0151l.<br \/>\nA k\u00f6lts\u00e9gvet\u00e9si hi\u00e1ny enyh\u00edt\u00e9s\u00e9nek ez a m\u00f3dja a v\u00e1laszt\u00e1sok neh\u00e9z \u00e9veiben seg\u00edten\u00e9 a korm\u00e1nykoal\u00edci\u00f3 f\u0151 erej\u00e9t k\u00e9pez\u0151 Polg\u00e1ri platformot, amelyet az ut\u00f3bbi id\u0151ben a n\u00e9pszer\u0171s\u00e9gi mutat\u00f3 tekintet\u00e9ben az ellenz\u00e9k megel\u0151z\u00f6tt. A p\u00e9nzkibocs\u00e1t\u00e1s\u00e9rt cser\u00e9ben Belka a lehallgatott besz\u00e9lget\u00e9s idej\u00e9n p\u00e9nz\u00fcgyminiszteri posztot bet\u00f6lt\u0151 Jacek Rostowski lev\u00e1lt\u00e1s\u00e1t k\u00e9rte. Ez n\u00e9gy h\u00f3nappal k\u00e9s\u0151bb, 2013 november\u00e9ben meg is t\u00f6rt\u00e9nt. Belka a jegybankt\u00f6rv\u00e9ny m\u00f3dos\u00edt\u00e1s\u00e1t is k\u00edv\u00e1natosnak tartotta, amely szerint a jegybank eln\u00f6ke nem a p\u00e9nz\u00fcgyminiszternek, hanem k\u00f6zvetlen\u00fcl a minisztereln\u00f6knek tartozna felel\u0151ss\u00e9ggel. A lengyel korm\u00e1ny ezen a h\u00e9ten k\u00e9sz\u00fcl foglalkozni a m\u00f3dos\u00edt\u00e1si javaslattal.<br \/>\nA Gazeta Wyborcza c\u00edm\u0171 napilap botr\u00e1nyosnak nevezi, hogy az elh\u00e1r\u00edt\u00e1s nem tudott a rendk\u00edv\u00fcl magas rang\u00fa tiszts\u00e9gvisel\u0151k lehallgat\u00e1sr\u00f3l.<br \/>\nA Rzeczpospolita c\u00edm\u0171 napilap a kisziv\u00e1rg\u00e1s okait firtatja. A lap szerint az egyik magyar\u00e1zat az lehet, hogy bizonyos k\u00f6r\u00f6k \u00edgy akartak l\u00e1zadni a titkosszolg\u00e1lati int\u00e9zm\u00e9nyeknek a bel\u00fcgyminiszter \u00e1ltal kezdem\u00e9nyezett \u00e1tszervez\u00e9se ellen. A lap ugyanakkor nem z\u00e1rta ki azt sem, hogy a h\u00e1tt\u00e9rben a Polg\u00e1ri platformon bel\u00fcli ellent\u00e9tek \u00e1llhatnak.<br \/>\nA TVN24 t\u00e9v\u00e9csatorna h\u00e9tf\u0151n 14 \u00f3rakor k\u00f6z\u00f6lte, hogy az egyik kisziv\u00e1rgott besz\u00e9lget\u00e9s r\u00e9sztvev\u0151je, Slawomir Nowak egykori sportminiszter, parlamenti k\u00e9pvisel\u0151, aki az ad\u00f3- \u00e9s vagyonbevall\u00e1s\u00e1val kapcsolatos \u00fcgyeinek az elsim\u00edt\u00e1s\u00e1t pr\u00f3b\u00e1lta el\u00e9rni, t\u00e1vozik a Polg\u00e1ri platformb\u00f3l.<br \/>\nA lengyel sajt\u00f3 ugyanakkor nem foglalkozik azzal az \u00e1ll\u00edt\u00e1ssal, amelyet t\u00f6bb m\u00e1s orsz\u00e1g lapjai &#8211; k\u00f6zt\u00fck magyar h\u00edrport\u00e1lok \u00e9s \u00fajs\u00e1gok &#8211; a The Wall Street Journal \u00e9rtes\u00fcl\u00e9sei alapj\u00e1n az eset legbotr\u00e1nyosabb elemek\u00e9nt id\u00e9znek, miszerint Belka a p\u00e9nz\u00fcgyiminiszter zsid\u00f3 sz\u00e1rmaz\u00e1s\u00e1ra is utalt, amikor k\u00f6vetelte Jacek Rostrowski elt\u00e1vol\u00edt\u00e1s\u00e1t. (MTI)<\/p>\n<p><a title=\"Hely megnyit\u00e1sa\" href=\"http:\/\/www.rp.pl\/artykul\/173943\" target=\"_blank\" rel=\"noopener\">http:\/\/www.rp.pl\/artykul\/173943<\/a>,1118316-Afera-podsluchowa-dopiero-sie-rozkreca.html<\/p>\n<p><a title=\"Hely megnyit\u00e1sa\" href=\"http:\/\/wiadomosci.onet.pl\/kraj\/afera-tasmowa-relacja-na-zywo\/dwbkz\" target=\"_blank\" rel=\"noopener\">http:\/\/wiadomosci.onet.pl\/kraj\/afera-tasmowa-relacja-na-zywo\/dwbkz<\/a><\/p><div id=\"gazda-1268673924\" class=\"gazda-tartalomban gazda-entity-placement\"><script async src=\"https:\/\/pagead2.googlesyndication.com\/pagead\/js\/adsbygoogle.js\"><\/script>\r\n<ins class=\"adsbygoogle\"\r\n     style=\"display:block\"\r\n     data-ad-format=\"fluid\"\r\n     data-ad-layout-key=\"-6t+ed+2i-1n-4w\"\r\n     data-ad-client=\"ca-pub-1959107119989764\"\r\n     data-ad-slot=\"4008251320\"><\/ins>\r\n<script>\r\n     (adsbygoogle = window.adsbygoogle || []).push({});\r\n<\/script><\/div>\n","protected":false},"excerpt":{"rendered":"<p>A h\u00e9tv\u00e9g\u00e9n kit\u00f6rt lengyelorsz\u00e1gi lehallgat\u00e1si botr\u00e1ny k\u00e9ts\u00e9gess\u00e9 teszi a jegybank eln\u00f6k\u00e9nek f\u00fcggetlens\u00e9g\u00e9t, a bel\u00fcgyminiszter lehallgat\u00e1sa megk\u00e9rd\u0151jelezi az \u00e1llam biztons\u00e1g\u00e1t &#8211; \u00e1llap\u00edtotta meg h\u00e9tf\u0151n a lengyel sajt\u00f3.<\/p>\n","protected":false},"author":1,"featured_media":0,"comment_status":"open","ping_status":"closed","sticky":false,"template":"","format":"standard","meta":[],"categories":[12],"tags":[],"_links":{"self":[{"href":"https:\/\/gazdasagportal.hu\/index.php\/wp-json\/wp\/v2\/posts\/37129"}],"collection":[{"href":"https:\/\/gazdasagportal.hu\/index.php\/wp-json\/wp\/v2\/posts"}],"about":[{"href":"https:\/\/gazdasagportal.hu\/index.php\/wp-json\/wp\/v2\/types\/post"}],"author":[{"embeddable":true,"href":"https:\/\/gazdasagportal.hu\/index.php\/wp-json\/wp\/v2\/users\/1"}],"replies":[{"embeddable":true,"href":"https:\/\/gazdasagportal.hu\/index.php\/wp-json\/wp\/v2\/comments?post=37129"}],"version-history":[{"count":1,"href":"https:\/\/gazdasagportal.hu\/index.php\/wp-json\/wp\/v2\/posts\/37129\/revisions"}],"predecessor-version":[{"id":37130,"href":"https:\/\/gazdasagportal.hu\/index.php\/wp-json\/wp\/v2\/posts\/37129\/revisions\/37130"}],"wp:attachment":[{"href":"https:\/\/gazdasagportal.hu\/index.php\/wp-json\/wp\/v2\/media?parent=37129"}],"wp:term":[{"taxonomy":"category","embeddable":true,"href":"https:\/\/gazdasagportal.hu\/index.php\/wp-json\/wp\/v2\/categories?post=37129"},{"taxonomy":"post_tag","embeddable":true,"href":"https:\/\/gazdasagportal.hu\/index.php\/wp-json\/wp\/v2\/tags?post=37129"}],"curies":[{"name":"wp","href":"https:\/\/api.w.org\/{rel}","templated":true}]}}