{"id":37123,"date":"2014-06-16T16:36:24","date_gmt":"2014-06-16T14:36:24","guid":{"rendered":"http:\/\/stockportal.hu\/?p=37123"},"modified":"2014-06-16T16:36:24","modified_gmt":"2014-06-16T14:36:24","slug":"iraki-lazadas-kerry-lehetseges-valaszlepes-a-legicsapas","status":"publish","type":"post","link":"https:\/\/gazdasagportal.hu\/index.php\/iraki-lazadas-kerry-lehetseges-valaszlepes-a-legicsapas\/","title":{"rendered":"Iraki l\u00e1zad\u00e1s &#8211; Kerry: lehets\u00e9ges v\u00e1laszl\u00e9p\u00e9s a l\u00e9gicsap\u00e1s"},"content":{"rendered":"<p><strong>Az Egyes\u00fclt \u00c1llamok lehets\u00e9ges v\u00e1laszl\u00e9p\u00e9snek tartja, hogy l\u00e9gicsap\u00e1sokat m\u00e9rjen az iraki iszlamista l\u00e1zad\u00f3kra, akik nemcsak a K\u00f6zel-Kelet b\u00e9k\u00e9j\u00e9t vesz\u00e9lyeztetik, hanem Amerik\u00e1nak \u00e9s Eur\u00f3p\u00e1nak is k\u00e1rt akarnak okozni &#8211; mondta John Kerry amerikai k\u00fcl\u00fcgyminiszter h\u00e9tf\u0151n.<!--more--><\/strong><br \/>\n<div class=\"ads-in-post1\"><div id=\"gazdasagportal.hu_fullbanner_wideboard\"><\/div>\r\n<\/div>\n<p>A l\u00e9gicsap\u00e1sok m\u00e9r\u00e9se &#8222;nem a v\u00e1lasz eg\u00e9sze, de a fontos opci\u00f3k egyike lehet&#8221; &#8211; fogalmazott Kerry a Yahoo! News h\u00edrport\u00e1lnak adott interj\u00faban. Kiemelte ugyanakkor, hogy Barack Obama eln\u00f6k r\u00e9szletekbe men\u0151en megvizsg\u00e1l minden lehets\u00e9ges l\u00e9p\u00e9st, amely meg\u00e1ll\u00edthatn\u00e1 az Irak l\u00e9tez\u00e9s\u00e9re vesz\u00e9lyt jelent\u0151 iszlamist\u00e1kat.<br \/>\nKerry meger\u0151s\u00edtette, hogy az Iraki \u00e9s Levantei Iszl\u00e1m \u00c1llam (ILI\u00c1) nev\u0171 radik\u00e1lis csoport meg\u00e1ll\u00edt\u00e1sa \u00e9rdek\u00e9ben Washington k\u00e9sz p\u00e1rbesz\u00e9det kezdeni Ir\u00e1nnal is. Erre vonatkoz\u00f3an azt mondta, nem z\u00e1r ki &#8222;semmit sem, ami konstrukt\u00edv&#8221; lenne az iraki v\u00e1ls\u00e1g enyh\u00edt\u00e9s\u00e9t illet\u0151en.<br \/>\nAz ILI\u00c1 &#8211; amely szunnita kalif\u00e1tust akar l\u00e9trehozni a K\u00f6zel-Keleten &#8211; az ut\u00f3bbi napokban t\u00f6bb iraki v\u00e1rost is ellen\u0151rz\u00e9se al\u00e1 vont, \u00e9s az interneten a csoport \u00e1ltal publik\u00e1lt felv\u00e9telek szerint t\u00f6megesen v\u00e9gzett ki iraki katon\u00e1kat.<br \/>\nKerry a h\u00e9tf\u0151i interj\u00faban \u00fagy fogalmazott, az ilyen m\u00e9sz\u00e1rl\u00e1sokat meg kell \u00e1ll\u00edtani.<br \/>\nAz amerikai diplom\u00e1cia vezet\u0151je egy\u00fattal burkoltan b\u00edr\u00e1lta N\u00fari al-M\u00e1liki iraki korm\u00e1nyf\u0151t is, miut\u00e1n azt mondta, hogy a bagdadi kabinetnek nyitnia kell m\u00e1s vall\u00e1si csoportok fel\u00e9 is.<br \/>\nSokan azzal v\u00e1dolj\u00e1k a M\u00e1liki vezette s\u00edita korm\u00e1nyt, hogy szunnitaellenes politik\u00e1ja vezetett a mostani fesz\u00fclts\u00e9gekhez.<br \/>\nKerry azt is hangs\u00falyozta, hogy az ILI\u00c1 nemcsak a K\u00f6zel-Kelet stabilit\u00e1s\u00e1t vesz\u00e9lyezteti, hanem Amerik\u00e1ra \u00e9s Eur\u00f3p\u00e1ra n\u00e9zve is fenyeget\u00e9st jelent. Mint mondta, a sz\u00edriai polg\u00e1rh\u00e1bor\u00faban is akt\u00edv ILI\u00c1, illetve m\u00e1s ottani fegyveres csoportok soraiban ausztr\u00e1l, brit, kanadai, francia, n\u00e9met, holland \u00e9s amerikai \u00e1llampolg\u00e1rok is vannak, akik hazat\u00e9rve ezekben az orsz\u00e1gokban is t\u00e1mad\u00e1sokat hajthatnak v\u00e9gre.(MTI)<br \/>\n<a title=\"Hely megnyit\u00e1sa\" href=\"http:\/\/news.yahoo.com\/katie-couric--john-kerry-interview-213218299.html\" target=\"_blank\" rel=\"noopener\">http:\/\/news.yahoo.com\/katie-couric&#8211;john-kerry-interview-213218299.html<\/a><\/p>\n","protected":false},"excerpt":{"rendered":"<p>Az Egyes\u00fclt \u00c1llamok lehets\u00e9ges v\u00e1laszl\u00e9p\u00e9snek tartja, hogy l\u00e9gicsap\u00e1sokat m\u00e9rjen az iraki iszlamista l\u00e1zad\u00f3kra, akik nemcsak a K\u00f6zel-Kelet b\u00e9k\u00e9j\u00e9t vesz\u00e9lyeztetik, hanem Amerik\u00e1nak \u00e9s Eur\u00f3p\u00e1nak is k\u00e1rt akarnak okozni &#8211; mondta John Kerry amerikai k\u00fcl\u00fcgyminiszter h\u00e9tf\u0151n.<\/p>\n","protected":false},"author":1,"featured_media":0,"comment_status":"open","ping_status":"closed","sticky":false,"template":"","format":"standard","meta":[],"categories":[16],"tags":[],"_links":{"self":[{"href":"https:\/\/gazdasagportal.hu\/index.php\/wp-json\/wp\/v2\/posts\/37123"}],"collection":[{"href":"https:\/\/gazdasagportal.hu\/index.php\/wp-json\/wp\/v2\/posts"}],"about":[{"href":"https:\/\/gazdasagportal.hu\/index.php\/wp-json\/wp\/v2\/types\/post"}],"author":[{"embeddable":true,"href":"https:\/\/gazdasagportal.hu\/index.php\/wp-json\/wp\/v2\/users\/1"}],"replies":[{"embeddable":true,"href":"https:\/\/gazdasagportal.hu\/index.php\/wp-json\/wp\/v2\/comments?post=37123"}],"version-history":[{"count":1,"href":"https:\/\/gazdasagportal.hu\/index.php\/wp-json\/wp\/v2\/posts\/37123\/revisions"}],"predecessor-version":[{"id":37124,"href":"https:\/\/gazdasagportal.hu\/index.php\/wp-json\/wp\/v2\/posts\/37123\/revisions\/37124"}],"wp:attachment":[{"href":"https:\/\/gazdasagportal.hu\/index.php\/wp-json\/wp\/v2\/media?parent=37123"}],"wp:term":[{"taxonomy":"category","embeddable":true,"href":"https:\/\/gazdasagportal.hu\/index.php\/wp-json\/wp\/v2\/categories?post=37123"},{"taxonomy":"post_tag","embeddable":true,"href":"https:\/\/gazdasagportal.hu\/index.php\/wp-json\/wp\/v2\/tags?post=37123"}],"curies":[{"name":"wp","href":"https:\/\/api.w.org\/{rel}","templated":true}]}}