{"id":37119,"date":"2014-06-16T16:21:12","date_gmt":"2014-06-16T14:21:12","guid":{"rendered":"http:\/\/stockportal.hu\/?p=37119"},"modified":"2014-06-16T16:21:12","modified_gmt":"2014-06-16T14:21:12","slug":"devizahitelek-rogan-minden-visszajar-amit-tisztessegtelenul-vettek-el-a-devizahitelesektol","status":"publish","type":"post","link":"https:\/\/gazdasagportal.hu\/index.php\/devizahitelek-rogan-minden-visszajar-amit-tisztessegtelenul-vettek-el-a-devizahitelesektol\/","title":{"rendered":"Devizahitelek &#8211; Rog\u00e1n: minden visszaj\u00e1r, amit tisztess\u00e9gtelen\u00fcl vettek el a devizahitelesekt\u0151l"},"content":{"rendered":"<p><strong>Az \u0151szi parlamenti \u00fcl\u00e9s kezdet\u00e9ig elk\u00e9sz\u00fcl az a t\u00f6rv\u00e9nyjavaslat, amelynek alapelve: minden visszaj\u00e1r a devizahiteleseknek, amelyet a bankok a K\u00faria jogegys\u00e9gi hat\u00e1rozata \u00e9rtelm\u00e9ben tisztess\u00e9gtelen\u00fcl vettek el \u2013 k\u00f6z\u00f6lte a Fidesz frakci\u00f3vezet\u0151je h\u00e9tf\u0151i sajt\u00f3t\u00e1j\u00e9koztat\u00f3j\u00e1n.<br \/>\n<\/strong><!--more--><br \/>\n<div class=\"ads-in-post1\"><div id=\"gazdasagportal.hu_fullbanner_wideboard\"><\/div>\r\n<\/div>\n    Rog\u00e1n Antal szerint a K\u00faria egy\u00e9rtelm\u0171en kimondta, hogy a bankok tisztess\u00e9gtelen m\u00f3dszerekkel vett\u00e9k el a p\u00e9nzt az emberekt\u0151l.<br \/>\n    Hozz\u00e1tette: amint \u00edr\u00e1sban k\u00e9zhez kapj\u00e1k a K\u00faria d\u00f6nt\u00e9s\u00e9t, t\u00e1rgyal\u00f3asztalhoz \u00fclnek az \u00e9rintettekkel, de m\u00e9g a h\u00e9ten megkezd\u0151dnek az egyeztet\u00e9sek a devizaperekben \u00e9rintett jog\u00e1szokkal, majd az ad\u00f3sokat k\u00e9pvisel\u0151 szervezetekkel is, de a korm\u00e1ny a banksz\u00f6vets\u00e9ggel is egyeztetni fog.(MTI)<\/p>\n","protected":false},"excerpt":{"rendered":"<p>Az \u0151szi parlamenti \u00fcl\u00e9s kezdet\u00e9ig elk\u00e9sz\u00fcl az a t\u00f6rv\u00e9nyjavaslat, amelynek alapelve: minden visszaj\u00e1r a devizahiteleseknek, amelyet a bankok a K\u00faria jogegys\u00e9gi hat\u00e1rozata \u00e9rtelm\u00e9ben tisztess\u00e9gtelen\u00fcl vettek el \u2013 k\u00f6z\u00f6lte a Fidesz frakci\u00f3vezet\u0151je h\u00e9tf\u0151i sajt\u00f3t\u00e1j\u00e9koztat\u00f3j\u00e1n.<\/p>\n","protected":false},"author":1,"featured_media":0,"comment_status":"open","ping_status":"closed","sticky":false,"template":"","format":"standard","meta":[],"categories":[19,112],"tags":[],"_links":{"self":[{"href":"https:\/\/gazdasagportal.hu\/index.php\/wp-json\/wp\/v2\/posts\/37119"}],"collection":[{"href":"https:\/\/gazdasagportal.hu\/index.php\/wp-json\/wp\/v2\/posts"}],"about":[{"href":"https:\/\/gazdasagportal.hu\/index.php\/wp-json\/wp\/v2\/types\/post"}],"author":[{"embeddable":true,"href":"https:\/\/gazdasagportal.hu\/index.php\/wp-json\/wp\/v2\/users\/1"}],"replies":[{"embeddable":true,"href":"https:\/\/gazdasagportal.hu\/index.php\/wp-json\/wp\/v2\/comments?post=37119"}],"version-history":[{"count":1,"href":"https:\/\/gazdasagportal.hu\/index.php\/wp-json\/wp\/v2\/posts\/37119\/revisions"}],"predecessor-version":[{"id":37120,"href":"https:\/\/gazdasagportal.hu\/index.php\/wp-json\/wp\/v2\/posts\/37119\/revisions\/37120"}],"wp:attachment":[{"href":"https:\/\/gazdasagportal.hu\/index.php\/wp-json\/wp\/v2\/media?parent=37119"}],"wp:term":[{"taxonomy":"category","embeddable":true,"href":"https:\/\/gazdasagportal.hu\/index.php\/wp-json\/wp\/v2\/categories?post=37119"},{"taxonomy":"post_tag","embeddable":true,"href":"https:\/\/gazdasagportal.hu\/index.php\/wp-json\/wp\/v2\/tags?post=37119"}],"curies":[{"name":"wp","href":"https:\/\/api.w.org\/{rel}","templated":true}]}}