{"id":37048,"date":"2014-06-16T09:02:35","date_gmt":"2014-06-16T07:02:35","guid":{"rendered":"http:\/\/stockportal.hu\/?p=37048"},"modified":"2014-06-16T10:34:38","modified_gmt":"2014-06-16T08:34:38","slug":"befejezodott-a-jozsefvarosi-piac-atvizsgalasa","status":"publish","type":"post","link":"https:\/\/gazdasagportal.hu\/index.php\/befejezodott-a-jozsefvarosi-piac-atvizsgalasa\/","title":{"rendered":"Befejez\u0151d\u00f6tt a j\u00f3zsefv\u00e1rosi piac \u00e1tvizsg\u00e1l\u00e1sa"},"content":{"rendered":"<p><strong>Befejezt\u00e9k a rend\u0151r\u00f6k a budapesti K\u0151b\u00e1nyai \u00fati j\u00f3zsefv\u00e1rosi piac ter\u00fclet\u00e9nek \u00e1tvizsg\u00e1l\u00e1s\u00e1t, illet\u00e9ktelen szem\u00e9lyt nem tal\u00e1ltak.<\/strong><!--more--><br \/>\n<div class=\"ads-in-post1\"><div id=\"gazdasagportal.hu_fullbanner_wideboard\"><\/div>\r\n<\/div>\n<p>   Schmidt Zolt\u00e1n \u00f6n\u00e1ll\u00f3 b\u00edr\u00f3s\u00e1gi v\u00e9grehajt\u00f3 \u00fajs\u00e1g\u00edr\u00f3knak elmondta, hogy a ter\u00fcletet lez\u00e1rj\u00e1k, lelt\u00e1rozz\u00e1k, jegyz\u0151k\u00f6nyvet vesznek fel \u00e9s 30 napra felel\u0151s \u0151rz\u00e9sre a M\u00c1V Zrt.-nek \u00e1tadj\u00e1k.<br \/>\n    Mintegy 80 rend\u0151r \u00e9s Schmidt Zolt\u00e1n k\u00f6zrem\u0171k\u00f6d\u00e9s\u00e9vel h\u00e9tf\u0151n reggel kezd\u0151d\u00f6tt meg a j\u00f3zsefv\u00e1rosi piac ter\u00fclet\u00e9nek visszaszolg\u00e1ltat\u00e1sa a M\u00c1V-nak.<br \/>\n    A viszonylag nagy rend\u0151ri er\u0151t az indokolta, hogy ha illet\u00e9ktelen szem\u00e9lyeket tal\u00e1lnak a ter\u00fcleten, akkor \u0151ket onnan elt\u00e1vol\u00edts\u00e1k.<br \/>\n    A piacon az \u00e9p\u00edtett el\u00e1rus\u00edt\u00f3 helyek berendez\u00e9seit kor\u00e1bban sz\u00e9tszedt\u00e9k, nem egyn\u00e9l a b\u00f3d\u00e9k k\u00f6z\u00e9 dobt\u00e1k. Rengeteg volt az \u00fcvegcser\u00e9p \u00e9s a vasmaradv\u00e1ny, tov\u00e1bb\u00e1 a ter\u00fclet sz\u00e9l\u00e9n felhalmozott kont\u00e9ner.<br \/>\n    Az \u00e1tad\u00e1s a J\u00f3zsefv\u00e1rosi p\u00e1lyaudvar fel\u0151li bej\u00e1ratn\u00e1l kezd\u0151d\u00f6tt \u00e9s a K\u0151b\u00e1nya fel\u0151li v\u00e9g\u00e9n fejez\u0151d\u00f6tt be. K\u00f6r\u00fclbel\u00fcl f\u00e9l\u00faton kapcsol\u00f3dott be az elj\u00e1r\u00e1sba B\u00e1lint Gy\u00f6rgy, a piacot b\u00e9rl\u0151 Komondor Kft. \u00fcgyvezet\u0151je. Azt k\u00e9rte a v\u00e9grehajt\u00f3t\u00f3l, hogy a c\u00e9ge kapjon m\u00e9g k\u00e9t hetet a teljes ki\u00fcr\u00edt\u00e9sre, \u00e9s akkor nem az ad\u00f3fizet\u0151k p\u00e9nz\u00e9n kell az eredeti \u00e1llapotot helyre\u00e1ll\u00edtani.<br \/>\n    Schmidt Zolt\u00e1n k\u00f6z\u00f6lte az \u00fcgyvezet\u0151vel, hogy ebben \u0151 nem illet\u00e9kes, az esetleges halad\u00e9k a M\u00c1V \u00fcgye.<br \/>\n    A bej\u00e1r\u00e1s v\u00e9g\u00e9n Kors\u00f3s Bogl\u00e1rka, a M\u00c1V Zrt. vagyonkezel\u00e9si \u00e9s gazd\u00e1lkod\u00e1si igazgat\u00f3ja a sajt\u00f3nak elmondta, hogy tulajdonosi utas\u00edt\u00e1sra a M\u00c1V a m\u00falt \u00e9v november 21-\u00e9n mondta fel a b\u00e9rleti szerz\u0151d\u00e9st a Komondor Kft.-vel. A c\u00e9gnek 150 napja volt a ki\u00fcr\u00edt\u00e9sre, amelyet nem tartott be, arra hivatkozva, hogy a felmond\u00e1s \u00e9rv\u00e9nytelen\u00edt\u00e9s\u00e9re pert ind\u00edtott. A b\u00edr\u00f3s\u00e1g azonban a per folyam\u00e1n \u00fagy d\u00f6nt\u00f6tt, hogy az nem akad\u00e1lya a v\u00e9grehajt\u00e1snak, vagyis a ter\u00fclet M\u00c1V r\u00e9sz\u00e9re t\u00f6rt\u00e9n\u0151 \u00e1tad\u00e1s\u00e1nak.<br \/>\n    A Komondor Kft. azonban csak akkor kezdte ki\u00fcr\u00edteni a ter\u00fcletet, amikor a v\u00e9grehajt\u00f3 is felsz\u00f3l\u00edtotta. Ez\u00e9rt halad\u00e9kr\u00f3l sz\u00f3 sem lehet &#8211; tette hozz\u00e1 Kors\u00f3s Bogl\u00e1rka, kiemelve azt, hogy a b\u00e9rl\u0151 mintegy negyedmilli\u00e1rd forint b\u00e9rleti d\u00edjjal \u00e9s k\u00f6z\u00fczemi k\u00f6lts\u00e9ggel tartozik a M\u00c1V-nak.<br \/>\n    B\u00e1lint Gy\u00f6rgy tov\u00e1bbra sem \u00e9rti a felmond\u00e1s ok\u00e1t, amikor a c\u00e9ge \u00e9vi f\u00e9lmilli\u00e1rd forint b\u00e9rleti d\u00edjat fizetett, \u00e9s ellen\u0151rz\u00f6tt felt\u00e9teleket biztos\u00edtott a keresked\u0151knek, akik most a K\u0151b\u00e1nyai \u00fat t\u00faloldal\u00e1ra, a volt Ganz gy\u00e1r ter\u00fclet\u00e9re k\u00f6lt\u00f6ztek. Sz\u00e1m\u00edt\u00e1sa szerint 8-9 ezer ember meg\u00e9lhet\u00e9s\u00e9t biztos\u00edtotta a piac. A ki\u00fcr\u00edt\u00e9s pedig az\u00e9rt tartott sok\u00e1ig, mivel 8-9 nemzetis\u00e9gb\u0151l val\u00f3 rengeteg b\u00e9rl\u0151vel kellett meg\u00e1llapodniuk.<br \/>\n    A bej\u00e1r\u00e1s v\u00e9g\u00e9n a ter\u00fcletet lez\u00e1rj\u00e1k, a v\u00e9grehajt\u00f3 jegyz\u0151k\u00f6nyvet vesz fel \u00e9s \u00e1tadja a ter\u00fcletet a tulajdonosnak. Ezt k\u00f6vet\u0151en a ter\u00fclet 30 napra a M\u00c1V felel\u0151s \u0151rz\u00e9s\u00e9be ker\u00fcl. Ez alatt lelt\u00e1rt vesznek fel, majd &#8211; a volt b\u00e9rl\u0151 k\u00f6lts\u00e9g\u00e9re &#8211; befejezik a bont\u00e1st. Ezt k\u00f6veti a birtok\u00e1ba jutott ing\u00f3s\u00e1gok \u00e9rt\u00e9kes\u00edt\u00e9se.(MTI)<\/p>\n","protected":false},"excerpt":{"rendered":"<p>Befejezt\u00e9k a rend\u0151r\u00f6k a budapesti K\u0151b\u00e1nyai \u00fati j\u00f3zsefv\u00e1rosi piac ter\u00fclet\u00e9nek \u00e1tvizsg\u00e1l\u00e1s\u00e1t, illet\u00e9ktelen szem\u00e9lyt nem tal\u00e1ltak.<\/p>\n","protected":false},"author":1,"featured_media":0,"comment_status":"open","ping_status":"closed","sticky":false,"template":"","format":"standard","meta":[],"categories":[19],"tags":[],"_links":{"self":[{"href":"https:\/\/gazdasagportal.hu\/index.php\/wp-json\/wp\/v2\/posts\/37048"}],"collection":[{"href":"https:\/\/gazdasagportal.hu\/index.php\/wp-json\/wp\/v2\/posts"}],"about":[{"href":"https:\/\/gazdasagportal.hu\/index.php\/wp-json\/wp\/v2\/types\/post"}],"author":[{"embeddable":true,"href":"https:\/\/gazdasagportal.hu\/index.php\/wp-json\/wp\/v2\/users\/1"}],"replies":[{"embeddable":true,"href":"https:\/\/gazdasagportal.hu\/index.php\/wp-json\/wp\/v2\/comments?post=37048"}],"version-history":[{"count":4,"href":"https:\/\/gazdasagportal.hu\/index.php\/wp-json\/wp\/v2\/posts\/37048\/revisions"}],"predecessor-version":[{"id":37069,"href":"https:\/\/gazdasagportal.hu\/index.php\/wp-json\/wp\/v2\/posts\/37048\/revisions\/37069"}],"wp:attachment":[{"href":"https:\/\/gazdasagportal.hu\/index.php\/wp-json\/wp\/v2\/media?parent=37048"}],"wp:term":[{"taxonomy":"category","embeddable":true,"href":"https:\/\/gazdasagportal.hu\/index.php\/wp-json\/wp\/v2\/categories?post=37048"},{"taxonomy":"post_tag","embeddable":true,"href":"https:\/\/gazdasagportal.hu\/index.php\/wp-json\/wp\/v2\/tags?post=37048"}],"curies":[{"name":"wp","href":"https:\/\/api.w.org\/{rel}","templated":true}]}}