{"id":37046,"date":"2014-06-16T08:51:19","date_gmt":"2014-06-16T06:51:19","guid":{"rendered":"http:\/\/stockportal.hu\/?p=37046"},"modified":"2014-06-16T09:38:48","modified_gmt":"2014-06-16T07:38:48","slug":"mintegy-80-rendor-kozremukodesevel-megkezdtek-a-jozsefvarosi-piac-visszaadasat-a-mav-nak","status":"publish","type":"post","link":"https:\/\/gazdasagportal.hu\/index.php\/mintegy-80-rendor-kozremukodesevel-megkezdtek-a-jozsefvarosi-piac-visszaadasat-a-mav-nak\/","title":{"rendered":"Mintegy 80 rend\u0151r k\u00f6zrem\u0171k\u00f6d\u00e9s\u00e9vel megkezdt\u00e9k a j\u00f3zsefv\u00e1rosi piac visszaad\u00e1s\u00e1t a M\u00c1V-nak"},"content":{"rendered":"<p><strong>Mintegy 80 rend\u0151r \u00e9s Schmidt Zolt\u00e1n \u00f6n\u00e1ll\u00f3 b\u00edr\u00f3s\u00e1gi v\u00e9grehajt\u00f3 k\u00f6zrem\u0171k\u00f6d\u00e9s\u00e9vel megkezd\u0151d\u00f6tt h\u00e9tf\u0151n reggel a budapesti K\u0151b\u00e1nyai \u00fati j\u00f3zsefv\u00e1rosi piac ter\u00fclet\u00e9nek visszaszolg\u00e1ltat\u00e1sa a M\u00c1V-nak.<\/strong><!--more--><br \/>\n<div class=\"ads-in-post1\"><div id=\"gazdasagportal.hu_fullbanner_wideboard\"><\/div>\r\n<\/div>\n<p><a href=\"http:\/\/stockportal.hu\/wp-content\/uploads\/2014\/06\/jozsefvpiac.jpg\" target=\"_blank\" rel=\"noopener\"><img decoding=\"async\" loading=\"lazy\" src=\"http:\/\/stockportal.hu\/wp-content\/uploads\/2014\/06\/jozsefvpiac-300x199.jpg\" alt=\"jozsefvpiac\" width=\"300\" height=\"199\" class=\"alignleft size-medium wp-image-37059\" srcset=\"https:\/\/gazdasagportal.hu\/wp-content\/uploads\/2014\/06\/jozsefvpiac-300x199.jpg 300w, https:\/\/gazdasagportal.hu\/wp-content\/uploads\/2014\/06\/jozsefvpiac.jpg 600w\" sizes=\"(max-width: 300px) 100vw, 300px\" \/><\/a>    A ter\u00fclet romos, a rend\u0151r\u00f6k, a v\u00e9grehajt\u00f3, \u00e9s az esem\u00e9nyen r\u00e9szvev\u0151 \u00fajs\u00e1g\u00edr\u00f3k nehezen k\u00f6zlekednek a b\u00f3d\u00e9k k\u00f6z\u00f6tt.(MTI)<\/p>\n","protected":false},"excerpt":{"rendered":"<p>Mintegy 80 rend\u0151r \u00e9s Schmidt Zolt\u00e1n \u00f6n\u00e1ll\u00f3 b\u00edr\u00f3s\u00e1gi v\u00e9grehajt\u00f3 k\u00f6zrem\u0171k\u00f6d\u00e9s\u00e9vel megkezd\u0151d\u00f6tt h\u00e9tf\u0151n reggel a budapesti K\u0151b\u00e1nyai \u00fati j\u00f3zsefv\u00e1rosi piac ter\u00fclet\u00e9nek visszaszolg\u00e1ltat\u00e1sa a M\u00c1V-nak.<\/p>\n","protected":false},"author":1,"featured_media":37059,"comment_status":"open","ping_status":"closed","sticky":false,"template":"","format":"standard","meta":[],"categories":[19],"tags":[],"_links":{"self":[{"href":"https:\/\/gazdasagportal.hu\/index.php\/wp-json\/wp\/v2\/posts\/37046"}],"collection":[{"href":"https:\/\/gazdasagportal.hu\/index.php\/wp-json\/wp\/v2\/posts"}],"about":[{"href":"https:\/\/gazdasagportal.hu\/index.php\/wp-json\/wp\/v2\/types\/post"}],"author":[{"embeddable":true,"href":"https:\/\/gazdasagportal.hu\/index.php\/wp-json\/wp\/v2\/users\/1"}],"replies":[{"embeddable":true,"href":"https:\/\/gazdasagportal.hu\/index.php\/wp-json\/wp\/v2\/comments?post=37046"}],"version-history":[{"count":2,"href":"https:\/\/gazdasagportal.hu\/index.php\/wp-json\/wp\/v2\/posts\/37046\/revisions"}],"predecessor-version":[{"id":37060,"href":"https:\/\/gazdasagportal.hu\/index.php\/wp-json\/wp\/v2\/posts\/37046\/revisions\/37060"}],"wp:featuredmedia":[{"embeddable":true,"href":"https:\/\/gazdasagportal.hu\/index.php\/wp-json\/wp\/v2\/media\/37059"}],"wp:attachment":[{"href":"https:\/\/gazdasagportal.hu\/index.php\/wp-json\/wp\/v2\/media?parent=37046"}],"wp:term":[{"taxonomy":"category","embeddable":true,"href":"https:\/\/gazdasagportal.hu\/index.php\/wp-json\/wp\/v2\/categories?post=37046"},{"taxonomy":"post_tag","embeddable":true,"href":"https:\/\/gazdasagportal.hu\/index.php\/wp-json\/wp\/v2\/tags?post=37046"}],"curies":[{"name":"wp","href":"https:\/\/api.w.org\/{rel}","templated":true}]}}