{"id":37010,"date":"2014-06-16T00:12:58","date_gmt":"2014-06-15T22:12:58","guid":{"rendered":"http:\/\/stockportal.hu\/?p=37010"},"modified":"2014-06-16T00:16:29","modified_gmt":"2014-06-15T22:16:29","slug":"iraki-lazadas-blair-nem-szaddam-huszein-eltavolitasa-az-oka-a-valsagnak","status":"publish","type":"post","link":"https:\/\/gazdasagportal.hu\/index.php\/iraki-lazadas-blair-nem-szaddam-huszein-eltavolitasa-az-oka-a-valsagnak\/","title":{"rendered":"Iraki l\u00e1zad\u00e1s &#8211; Blair: nem Szadd\u00e1m Huszein elt\u00e1vol\u00edt\u00e1sa az oka a v\u00e1ls\u00e1gnak"},"content":{"rendered":"<p><strong>A jelenlegi iraki iszlamista felkel\u00e9snek nem az az oka, hogy a nyugati sz\u00f6vets\u00e9gesek 2003-ban katonai beavatkoz\u00e1ssal elt\u00e1vol\u00edtott\u00e1k Szadd\u00e1m Huszein n\u00e9hai iraki eln\u00f6k rezsimj\u00e9t &#8211; mondta vas\u00e1rnap Tony Blair.<\/strong><!--more--><br \/>\n<div class=\"ads-in-post1\"><div id=\"gazdasagportal.hu_fullbanner_wideboard\"><\/div>\r\n<\/div>\n<p>    Nagy-Britannia egykori munk\u00e1sp\u00e1rti minisztereln\u00f6ke, aki az iraki inv\u00e1zi\u00f3 idej\u00e9n \u00e1llt a brit korm\u00e1ny \u00e9l\u00e9n, a BBC vas\u00e1rnapi politikai magazinm\u0171sor\u00e1ban kijelentette: a sz\u00edriai polg\u00e1rh\u00e1bor\u00fa p\u00e9ld\u00e1ja is mutatja, hogy egy &#8222;brut\u00e1lis dikt\u00e1tor hatalmon hagy\u00e1s\u00e1val m\u00e9g nem m\u00falnak el a probl\u00e9m\u00e1k&#8221;.<br \/>\n    Blair szerint az iraki v\u00e1ls\u00e1g &#8222;mindenkit \u00e9rint\u0151 region\u00e1lis probl\u00e9ma&#8221;.<br \/>\n    A volt brit korm\u00e1nyf\u0151 saj\u00e1t honlapj\u00e1n is megjelentetett egy \u00e9rt\u00e9kel\u00e9st, amelyben \u00fagy v\u00e9lekedik: a jelenlegi iraki er\u0151szakcselekm\u00e9nyek kirobban\u00e1sa &#8222;megj\u00f3solhat\u00f3&#8221; volt m\u00e1r akkor, amikor a Nyugat \u00fagy d\u00f6nt\u00f6tt, hogy nem tesz semmit Sz\u00edri\u00e1ban. Blair szerint a m\u00e1sodik legnagyobb iraki v\u00e1ros, Moszul elfoglal\u00e1s\u00e1t a szunnita fegyveres l\u00e1zad\u00f3k &#8222;a hat\u00e1r t\u00faloldal\u00e1n&#8221;, Sz\u00edri\u00e1ban tervelt\u00e9k ki. A l\u00e1zad\u00f3kat Sz\u00edri\u00e1ban k\u00e9pezt\u00e9k ki \u00e9s a sz\u00edriai polg\u00e1rh\u00e1bor\u00fa csat\u00e1iban edz\u0151dtek. Az iszlamista sz\u00e9ls\u0151s\u00e9g \u00fajj\u00e1\u00e9p\u00fcl\u00e9s\u00e9t, finansz\u00edroz\u00e1si forr\u00e1sainak meg\u00fajul\u00e1s\u00e1t \u00e9s \u00fajb\u00f3li felfegyverz\u00e9s\u00e9t az tette lehet\u0151v\u00e9, hogy ezek a csoportok a sz\u00edriai h\u00e1bor\u00faban terjeszkedhettek \u00e9s szerezhettek tapasztalatokat &#8211; \u00edrta a brit politikus.<br \/>\n    Tony Blair ugyanakkor az iraki fejlem\u00e9nyek els\u0151dleges okak\u00e9nt N\u00fari al-M\u00e1liki iraki minisztereln\u00f6k korm\u00e1ny\u00e1nak &#8222;szektarianizmus\u00e1t&#8221; nevezi meg. Az iraki korm\u00e1ny val\u00f3s lehet\u0151s\u00e9get szalasztott el arra, hogy megteremtsen egy \u00f6sszetart\u00f3 orsz\u00e1got. Mindemellett az olajexport-bev\u00e9teleket sem az orsz\u00e1g \u00fajj\u00e1\u00e9p\u00edt\u00e9s\u00e9re haszn\u00e1lta fel, \u00e9s az iraki fegyveres er\u0151k sem l\u00e1tt\u00e1k el megfelel\u0151en feladatukat.<br \/>\n    Mindez elidegen\u00edtette az iraki szunnita k\u00f6z\u00f6ss\u00e9get, \u00e9s felvethet\u0151 az a k\u00e9rd\u00e9s is, hogy az amerikai fegyveres er\u0151ket nem vont\u00e1k-e ki t\u00fal hamar Irakb\u00f3l &#8211; \u00e1ll Blair \u00edr\u00e1s\u00e1ban.<br \/>\n    &#8222;Meg kell szabadulnunk att\u00f3l a gondolatt\u00f3l, hogy (az iraki v\u00e1ls\u00e1got) mi okoztuk, mert nem mi okoztuk&#8221; &#8211; \u00e1llap\u00edtja meg mindezek alapj\u00e1n a volt brit korm\u00e1nyf\u0151.<br \/>\n    K\u00f6vetkeztet\u00e9seinek mindazon\u00e1ltal t\u00f6bb szak\u00e9rt\u0151 is ellentmondott.<br \/>\n    Sir Christopher Meyer, az egyik legtekint\u00e9lyesebb brit diplomata, aki 1997 \u00e9s 2003 k\u00f6z\u00f6tt &#8211; vagyis Blair korm\u00e1nyra ker\u00fcl\u00e9s\u00e9t\u0151l az iraki beavatkoz\u00e1s \u00e9v\u00e9ig &#8211; Nagy-Britannia washingtoni nagyk\u00f6vete volt, a Mail on Sunday c\u00edm\u0171 konzervat\u00edv vas\u00e1rnapi brit lapban azt \u00edrta: a Huszein-rezsim elleni hadj\u00e1rat \u00e9s az ut\u00e1na kialakult iraki helyzet kezel\u00e9si m\u00f3dja &#8222;tal\u00e1n a legjelent\u0151sebb oka&#8221; annak, hogy Irakot most szektari\u00e1nus er\u0151szakhull\u00e1m \u00f6nt\u00f6tte el.<br \/>\n    &#8222;Most aratjuk le, amit 2003-ban elvetett\u00fcnk (&#8230;) Ez nem ut\u00f3lagos okoskod\u00e1s, a h\u00e1bor\u00fa el\u0151tt is tudtuk, hogy Szadd\u00e1m Huszein elt\u00e1vol\u00edt\u00e1sa s\u00falyos m\u00e9rt\u00e9kben destabiliz\u00e1lja Irakot, amelyet Huszein 24 \u00e9vig vasmarokkal ir\u00e1ny\u00edtott&#8221; &#8211; fogalmaz \u00edr\u00e1s\u00e1ban Sir Christopher Meyer.<br \/>\n    Eric Groves professzor, a liverpooli egyetem biztons\u00e1gpolitikai szak\u00e9rt\u0151je a BBC-nek adott vas\u00e1rnapi nyilatkozat\u00e1ban &#8222;bizarrnak&#8221; nevezte Blair okfejt\u00e9s\u00e9t. Hangs\u00falyozta, hogy Sz\u00edri\u00e1ban az a sz\u00e9ls\u0151s\u00e9ges szunnita csoport &#8211; az Iraki \u00e9s Levantei Iszl\u00e1m \u00c1llam (ILI\u00c1) &#8211; is harcol Bass\u00e1r el-Aszad eln\u00f6k rezsimje ellen, amely Irakban jelent\u0151s ter\u00fcleteket hajtott ellen\u0151rz\u00e9se al\u00e1. Ha a Nyugat Sz\u00edri\u00e1ban beavatkozott volna, azt nem az ILI\u00c1, hanem az Aszad-rezsim ellen tette volna, \u00e9s az intervenci\u00f3 \u00e9ppen az ILI\u00c1 \u00e9rdekeit szolg\u00e1lta volna &#8211; mondta Groves.(MTI)<\/p>\n","protected":false},"excerpt":{"rendered":"<p>A jelenlegi iraki iszlamista felkel\u00e9snek nem az az oka, hogy a nyugati sz\u00f6vets\u00e9gesek 2003-ban katonai beavatkoz\u00e1ssal elt\u00e1vol\u00edtott\u00e1k Szadd\u00e1m Huszein n\u00e9hai iraki eln\u00f6k rezsimj\u00e9t &#8211; mondta vas\u00e1rnap Tony Blair.<\/p>\n","protected":false},"author":1,"featured_media":0,"comment_status":"open","ping_status":"closed","sticky":false,"template":"","format":"standard","meta":[],"categories":[16],"tags":[],"_links":{"self":[{"href":"https:\/\/gazdasagportal.hu\/index.php\/wp-json\/wp\/v2\/posts\/37010"}],"collection":[{"href":"https:\/\/gazdasagportal.hu\/index.php\/wp-json\/wp\/v2\/posts"}],"about":[{"href":"https:\/\/gazdasagportal.hu\/index.php\/wp-json\/wp\/v2\/types\/post"}],"author":[{"embeddable":true,"href":"https:\/\/gazdasagportal.hu\/index.php\/wp-json\/wp\/v2\/users\/1"}],"replies":[{"embeddable":true,"href":"https:\/\/gazdasagportal.hu\/index.php\/wp-json\/wp\/v2\/comments?post=37010"}],"version-history":[{"count":1,"href":"https:\/\/gazdasagportal.hu\/index.php\/wp-json\/wp\/v2\/posts\/37010\/revisions"}],"predecessor-version":[{"id":37011,"href":"https:\/\/gazdasagportal.hu\/index.php\/wp-json\/wp\/v2\/posts\/37010\/revisions\/37011"}],"wp:attachment":[{"href":"https:\/\/gazdasagportal.hu\/index.php\/wp-json\/wp\/v2\/media?parent=37010"}],"wp:term":[{"taxonomy":"category","embeddable":true,"href":"https:\/\/gazdasagportal.hu\/index.php\/wp-json\/wp\/v2\/categories?post=37010"},{"taxonomy":"post_tag","embeddable":true,"href":"https:\/\/gazdasagportal.hu\/index.php\/wp-json\/wp\/v2\/tags?post=37010"}],"curies":[{"name":"wp","href":"https:\/\/api.w.org\/{rel}","templated":true}]}}