{"id":36956,"date":"2014-06-13T18:08:14","date_gmt":"2014-06-13T16:08:14","guid":{"rendered":"http:\/\/stockportal.hu\/?p=36956"},"modified":"2014-06-13T17:09:05","modified_gmt":"2014-06-13T15:09:05","slug":"pioneer-alapkezelo-kis-lepesekben-meg-tovabb-csokkenhet-az-alapkamat","status":"publish","type":"post","link":"https:\/\/gazdasagportal.hu\/index.php\/pioneer-alapkezelo-kis-lepesekben-meg-tovabb-csokkenhet-az-alapkamat\/","title":{"rendered":"Pioneer Alapkezel\u0151: kis l\u00e9p\u00e9sekben m\u00e9g tov\u00e1bb cs\u00f6kkenhet az alapkamat"},"content":{"rendered":"<p><strong>Kis l\u00e9p\u00e9sekben m\u00e9g tov\u00e1bb cs\u00f6kkentheti az alapkamatot a jegybank monet\u00e1ris tan\u00e1csa &#8211; mondta a Pioneer Alapkezel\u0151 befektet\u00e9si igazgat\u00f3ja p\u00e9nteken Budapesten sajt\u00f3besz\u00e9lget\u00e9sen.<\/strong><!--more--><br \/>\n<div class=\"ads-in-post1\"><div id=\"gazdasagportal.hu_fullbanner_wideboard\"><\/div>\r\n<\/div>\n<p>    Fori\u00e1n-Szab\u00f3 Gergely kiemelte: kor\u00e1bban a piaci elemz\u0151k \u00fagy v\u00e9lt\u00e9k, hogy a jegybanki kamatcs\u00f6kkent\u00e9s meg\u00e1ll 2,5 sz\u00e1zal\u00e9kn\u00e1l, azonban tov\u00e1bbra is &#8222;laz\u00e1k a monet\u00e1ris kond\u00edci\u00f3k&#8221;. \u00cdgy nem kiz\u00e1rt, hogy t\u00f6bb, kisebb m\u00e9rt\u00e9k\u0171 kamatcs\u00f6kkent\u00e9st megl\u00e9p m\u00e9g az MNB monet\u00e1ris d\u00f6nt\u00e9shoz\u00f3 test\u00fclete, s\u0151t m\u00e9g az sem elk\u00e9pzelhetetlen, hogy f\u00e9l \u00e9v m\u00falva 2 sz\u00e1zal\u00e9k lehet az alapkamat &#8211; tette hozz\u00e1.<br \/>\n    &#8222;Az infl\u00e1ci\u00f3 oldal\u00e1r\u00f3l z\u00f6ld l\u00e1mp\u00e1t kapott a jegybank, m\u00e9g tov\u00e1bb laz\u00edthat az MNB&#8221; &#8211; mondta Fori\u00e1n-Szab\u00f3 Gergely, hozz\u00e1f\u0171zve, hogy &#8222;defl\u00e1ci\u00f3s p\u00e1nikra, kapkod\u00e1sra nincs ok, Magyarorsz\u00e1gon nincs defl\u00e1ci\u00f3s vesz\u00e9ly&#8221;.<br \/>\n    Kifejtette: a defl\u00e1ci\u00f3 ugyanis a fogyaszt\u00f3i \u00e1rak \u00e1ltal\u00e1nos \u00e9s tart\u00f3s cs\u00f6kken\u00e9s\u00e9t jelenti, err\u0151l Magyarorsz\u00e1gon egyel\u0151re nem lehet besz\u00e9lni, mert a piaci szolg\u00e1ltat\u00e1sok infl\u00e1ci\u00f3ja m\u00e9g mindig 3 sz\u00e1zal\u00e9k felett van, a belf\u00f6ldi kereslet \u00e9l\u00e9nk\u00fcl \u00e9s a h\u00e1ztart\u00e1sok fogyaszt\u00e1sa is b\u0151v\u00fcl.<br \/>\n    A befektet\u00e9si igazgat\u00f3 kifejtette: az Eur\u00f3pai Uni\u00f3 (EU) perif\u00e9ria-orsz\u00e1gaiban a leger\u0151sebb a defl\u00e1ci\u00f3s vesz\u00e9ly.<br \/>\n    Kiemelte, hogy id\u00e9n \u00e1prilisban az EU 28 tag\u00e1llam\u00e1b\u00f3l h\u00e9tben negat\u00edv volt az \u00e9v\/\u00e9v \u00e1rindex (Bulg\u00e1ri\u00e1ban, Cipruson, G\u00f6r\u00f6gorsz\u00e1gban, Horv\u00e1torsz\u00e1gban, Magyarorsz\u00e1gon, Portug\u00e1li\u00e1ban, Szlov\u00e1ki\u00e1ban).<br \/>\n    Elmondta: az Eur\u00f3pai K\u00f6zponti Bank (EKB) hivatalosan m\u00e9g nem besz\u00e9l defl\u00e1ci\u00f3s vesz\u00e9lyr\u0151l, csak tart\u00f3san a c\u00e9l alatti infl\u00e1ci\u00f3r\u00f3l, a j\u00fanius 5-i monet\u00e1ris laz\u00edt\u00f3 l\u00e9p\u00e9sek egyik c\u00e9lja az infl\u00e1ci\u00f3 gyors\u00edt\u00e1sa volt.<br \/>\n    A fejlett vil\u00e1gban jelenleg csak Jap\u00e1nt \u00e9s Eur\u00f3p\u00e1t fenyegeti defl\u00e1ci\u00f3s vesz\u00e9ly, Eur\u00f3p\u00e1nak azonban viszonylag j\u00f3 es\u00e9lyei vannak arra, hogy elker\u00fclje a Jap\u00e1nban jelentkez\u0151 szindr\u00f3m\u00e1t &#8211; h\u00fazta al\u00e1 Fori\u00e1n-Szab\u00f3 Gergely.<br \/>\n    R\u00e1mutatott: a defl\u00e1ci\u00f3s vesz\u00e9ly tov\u00e1bbra is Jap\u00e1nban t\u0171nik a legkomolyabbnak, ahol 20 \u00e9ves sikertelen k\u00fczdelem ut\u00e1n \u00e9ppen egy kit\u00f6r\u00e9si k\u00eds\u00e9rlet zajlik. Egy val\u00f3di defl\u00e1ci\u00f3s spir\u00e1l a vil\u00e1ggazdas\u00e1g jelenlegi elad\u00f3sodott \u00e1llapot\u00e1ban nagyon komoly fenyeget\u00e9st jelentene, ugyanis m\u00e9g viszonylag alacsony kamatszint mellett is fenntarthatatlann\u00e1 v\u00e1ln\u00e1nak az egyes orsz\u00e1gok ad\u00f3ss\u00e1g\u00e1llom\u00e1nyai &#8211; mondta Fori\u00e1n-Szab\u00f3 Gergely.(MTI)<\/p>\n","protected":false},"excerpt":{"rendered":"<p>Kis l\u00e9p\u00e9sekben m\u00e9g tov\u00e1bb cs\u00f6kkentheti az alapkamatot a jegybank monet\u00e1ris tan\u00e1csa &#8211; mondta a Pioneer Alapkezel\u0151 befektet\u00e9si igazgat\u00f3ja p\u00e9nteken Budapesten sajt\u00f3besz\u00e9lget\u00e9sen.<\/p>\n","protected":false},"author":1,"featured_media":0,"comment_status":"open","ping_status":"closed","sticky":false,"template":"","format":"standard","meta":[],"categories":[19],"tags":[],"_links":{"self":[{"href":"https:\/\/gazdasagportal.hu\/index.php\/wp-json\/wp\/v2\/posts\/36956"}],"collection":[{"href":"https:\/\/gazdasagportal.hu\/index.php\/wp-json\/wp\/v2\/posts"}],"about":[{"href":"https:\/\/gazdasagportal.hu\/index.php\/wp-json\/wp\/v2\/types\/post"}],"author":[{"embeddable":true,"href":"https:\/\/gazdasagportal.hu\/index.php\/wp-json\/wp\/v2\/users\/1"}],"replies":[{"embeddable":true,"href":"https:\/\/gazdasagportal.hu\/index.php\/wp-json\/wp\/v2\/comments?post=36956"}],"version-history":[{"count":1,"href":"https:\/\/gazdasagportal.hu\/index.php\/wp-json\/wp\/v2\/posts\/36956\/revisions"}],"predecessor-version":[{"id":36957,"href":"https:\/\/gazdasagportal.hu\/index.php\/wp-json\/wp\/v2\/posts\/36956\/revisions\/36957"}],"wp:attachment":[{"href":"https:\/\/gazdasagportal.hu\/index.php\/wp-json\/wp\/v2\/media?parent=36956"}],"wp:term":[{"taxonomy":"category","embeddable":true,"href":"https:\/\/gazdasagportal.hu\/index.php\/wp-json\/wp\/v2\/categories?post=36956"},{"taxonomy":"post_tag","embeddable":true,"href":"https:\/\/gazdasagportal.hu\/index.php\/wp-json\/wp\/v2\/tags?post=36956"}],"curies":[{"name":"wp","href":"https:\/\/api.w.org\/{rel}","templated":true}]}}