{"id":36938,"date":"2014-06-13T14:45:16","date_gmt":"2014-06-13T12:45:16","guid":{"rendered":"http:\/\/stockportal.hu\/?p=36938"},"modified":"2014-06-13T14:45:16","modified_gmt":"2014-06-13T12:45:16","slug":"mnb-a-jegybanki-eszkoztar-atalakitasanak-kedvezo-hatasai-mar-most-mutatkoznak","status":"publish","type":"post","link":"https:\/\/gazdasagportal.hu\/index.php\/mnb-a-jegybanki-eszkoztar-atalakitasanak-kedvezo-hatasai-mar-most-mutatkoznak\/","title":{"rendered":"MNB: a jegybanki eszk\u00f6zt\u00e1r \u00e1talak\u00edt\u00e1s\u00e1nak kedvez\u0151 hat\u00e1sai m\u00e1r most mutatkoznak"},"content":{"rendered":"<p><strong>Az MNB szerint a jegybanki eszk\u00f6zt\u00e1r \u00e1talak\u00edt\u00e1sa m\u00e1r az eszk\u00f6z\u00f6k t\u00e9nyleges bevezet\u00e9se el\u0151tt kedvez\u0151 piaci hat\u00e1sokkal j\u00e1r, ennek k\u00f6sz\u00f6nhet\u0151en m\u00e1r most javul az \u00e1llamad\u00f3ss\u00e1g szerkezete, cs\u00f6kken az \u00e1llamad\u00f3ss\u00e1g finansz\u00edroz\u00e1s\u00e1nak k\u00f6lts\u00e9ge, ami komoly k\u00f6lts\u00e9gvet\u00e9si megtakar\u00edt\u00e1st eredm\u00e9nyez \u00e9s seg\u00edti az \u00e1llamad\u00f3ss\u00e1g GDP ar\u00e1nyos m\u00e9rs\u00e9kl\u0151d\u00e9s\u00e9t &#8211; olvashat\u00f3 a jegybank p\u00e9nteki k\u00f6zlem\u00e9nyben.<\/strong><!--more--><br \/>\n<div class=\"ads-in-post1\"><div id=\"gazdasagportal.hu_fullbanner_wideboard\"><\/div>\r\n<\/div>\n<p>    Felid\u00e9zik, hogy a Magyar Nemzeti Bank (MNB) j\u00fanius 16-\u00e1t\u00f3l bevezeti a jegybanki forint kamatcsere eszk\u00f6zt, amelynek els\u0151 aukci\u00f3j\u00e1t j\u00fanius 26-\u00e1n tartja. Ezzel p\u00e1rhuzamosan a potenci\u00e1lis jegybanki eszk\u00f6zt\u00e1r r\u00e9sz\u00e9v\u00e9 v\u00e1lik egy 3 \u00e9ves lej\u00e1rat\u00fa fedezett forinthitel, valamint egy eszk\u00f6zcsere \u00fcgylet, emellett 2014. augusztus 1-j\u00e9t\u0151l a jelenlegi k\u00e9thetes MNB-k\u00f6tv\u00e9nyt k\u00e9thetes lej\u00e1rat\u00fa, lek\u00f6t\u00f6tt bet\u00e9tt\u00e9 alak\u00edtj\u00e1k \u00e1t.<br \/>\n    K\u00f6z\u00f6lt\u00e9k: a jegybanki k\u00f6tv\u00e9ny bet\u00e9tt\u00e9 alak\u00edt\u00e1sa \u00e9s a kamatcsere eszk\u00f6z a bankokat arra \u00f6szt\u00f6nzi, hogy n\u00f6velj\u00e9k \u00e1llampap\u00edr-kereslet\u00fcket. A kamatcsere eszk\u00f6z lejegyz\u00e9se eset\u00e9n a bankok v\u00e1llalj\u00e1k, hogy a m\u00e1r megv\u00e1s\u00e1rolt \u00e1llampap\u00edrokat tart\u00f3san a m\u00e9rleg\u00fckben tartj\u00e1k.<br \/>\n    A jegybank kor\u00e1bban k\u00f6z\u00f6lte: az MNB \u00f6nfinansz\u00edroz\u00e1si koncepci\u00f3ja az \u00e1llamad\u00f3ss\u00e1g bels\u0151 forr\u00e1sokb\u00f3l t\u00f6rt\u00e9n\u0151 finansz\u00edroz\u00e1s\u00e1nak er\u0151s\u00edt\u00e9s\u00e9re, a k\u00fcls\u0151 forr\u00e1sokra val\u00f3 r\u00e1utalts\u00e1g cs\u00f6kkent\u00e9s\u00e9re ir\u00e1nyul.<br \/>\n    Az MNB k\u00f6zlem\u00e9nye szerint a bet\u00e9tes\u00edt\u00e9s egyik k\u00f6vetkezm\u00e9nye, hogy a k\u00fclf\u00f6ldiek nem helyezhetik el a p\u00e9nz\u00fcket a jegybankn\u00e1l. Ennek hat\u00e1s\u00e1ra a jegybank bejelent\u00e9s\u00e9t k\u00f6vet\u0151en a k\u00fclf\u00f6ldiek MNB-k\u00f6tv\u00e9ny\u00e1llom\u00e1nya jelent\u0151sen cs\u00f6kkent. A felszabadul\u00f3 forintlikvidit\u00e1s m\u00e1s forinteszk\u00f6z\u00f6kbe \u00e1ramlott, \u00edgy nem gyakorolt hat\u00e1st a devizapiaci folyamatokra.<br \/>\n    A jegybanki eszk\u00f6zt\u00e1r meg\u00faj\u00edt\u00e1s\u00e1nak bejelent\u00e9s\u00e9re az elm\u00falt hetekben a kor\u00e1bbi id\u0151szakot is meghalad\u00f3 \u00e9rdekl\u0151d\u00e9s mutatkozott mind a fix, mind a v\u00e1ltoz\u00f3 kamatoz\u00e1s\u00fa \u00e1llampap\u00edr-aukci\u00f3kon.<br \/>\n    Az MNB c\u00e9lja, hogy az \u00f6nfinansz\u00edroz\u00e1si koncepci\u00f3hoz kapcsol\u00f3d\u00f3 pozit\u00edv folyamatok tart\u00f3sak legyenek, \u00edgy a jegybank eszk\u00f6zt\u00e1r\u00e1nak m\u0171k\u00f6dtet\u00e9se sor\u00e1n ennek el\u0151seg\u00edt\u00e9s\u00e9re t\u00f6rekszik a j\u00f6v\u0151ben is &#8211; olvashat\u00f3 a jegybanki k\u00f6zlem\u00e9nyben.(MTI)<\/p>\n","protected":false},"excerpt":{"rendered":"<p>Az MNB szerint a jegybanki eszk\u00f6zt\u00e1r \u00e1talak\u00edt\u00e1sa m\u00e1r az eszk\u00f6z\u00f6k t\u00e9nyleges bevezet\u00e9se el\u0151tt kedvez\u0151 piaci hat\u00e1sokkal j\u00e1r, ennek k\u00f6sz\u00f6nhet\u0151en m\u00e1r most javul az \u00e1llamad\u00f3ss\u00e1g szerkezete, cs\u00f6kken az \u00e1llamad\u00f3ss\u00e1g finansz\u00edroz\u00e1s\u00e1nak k\u00f6lts\u00e9ge, ami komoly k\u00f6lts\u00e9gvet\u00e9si megtakar\u00edt\u00e1st eredm\u00e9nyez \u00e9s seg\u00edti az \u00e1llamad\u00f3ss\u00e1g GDP ar\u00e1nyos m\u00e9rs\u00e9kl\u0151d\u00e9s\u00e9t &#8211; olvashat\u00f3 a jegybank p\u00e9nteki k\u00f6zlem\u00e9nyben.<\/p>\n","protected":false},"author":1,"featured_media":0,"comment_status":"open","ping_status":"closed","sticky":false,"template":"","format":"standard","meta":[],"categories":[19],"tags":[],"_links":{"self":[{"href":"https:\/\/gazdasagportal.hu\/index.php\/wp-json\/wp\/v2\/posts\/36938"}],"collection":[{"href":"https:\/\/gazdasagportal.hu\/index.php\/wp-json\/wp\/v2\/posts"}],"about":[{"href":"https:\/\/gazdasagportal.hu\/index.php\/wp-json\/wp\/v2\/types\/post"}],"author":[{"embeddable":true,"href":"https:\/\/gazdasagportal.hu\/index.php\/wp-json\/wp\/v2\/users\/1"}],"replies":[{"embeddable":true,"href":"https:\/\/gazdasagportal.hu\/index.php\/wp-json\/wp\/v2\/comments?post=36938"}],"version-history":[{"count":1,"href":"https:\/\/gazdasagportal.hu\/index.php\/wp-json\/wp\/v2\/posts\/36938\/revisions"}],"predecessor-version":[{"id":36939,"href":"https:\/\/gazdasagportal.hu\/index.php\/wp-json\/wp\/v2\/posts\/36938\/revisions\/36939"}],"wp:attachment":[{"href":"https:\/\/gazdasagportal.hu\/index.php\/wp-json\/wp\/v2\/media?parent=36938"}],"wp:term":[{"taxonomy":"category","embeddable":true,"href":"https:\/\/gazdasagportal.hu\/index.php\/wp-json\/wp\/v2\/categories?post=36938"},{"taxonomy":"post_tag","embeddable":true,"href":"https:\/\/gazdasagportal.hu\/index.php\/wp-json\/wp\/v2\/tags?post=36938"}],"curies":[{"name":"wp","href":"https:\/\/api.w.org\/{rel}","templated":true}]}}