{"id":36934,"date":"2014-06-13T14:26:24","date_gmt":"2014-06-13T12:26:24","guid":{"rendered":"http:\/\/stockportal.hu\/?p=36934"},"modified":"2014-06-13T14:26:24","modified_gmt":"2014-06-13T12:26:24","slug":"navracsics-megujulhat-es-megerosodhet-a-magyarorszag-es-kuvait-kozotti-baratsag","status":"publish","type":"post","link":"https:\/\/gazdasagportal.hu\/index.php\/navracsics-megujulhat-es-megerosodhet-a-magyarorszag-es-kuvait-kozotti-baratsag\/","title":{"rendered":"Navracsics: meg\u00fajulhat \u00e9s meger\u0151s\u00f6dhet a Magyarorsz\u00e1g \u00e9s Kuvait k\u00f6z\u00f6tti bar\u00e1ts\u00e1g"},"content":{"rendered":"<p><strong>A Magyarorsz\u00e1g \u00e9s Kuvait k\u00f6z\u00f6tti diplom\u00e1ciai kapcsolatok felv\u00e9tel\u00e9nek 50. \u00e9vfordul\u00f3ja j\u00f3 alkalmat k\u00edn\u00e1l arra, hogy meger\u0151s\u00edts\u00e9k \u00e9s meg\u00faj\u00edts\u00e1k a k\u00e9t orsz\u00e1got \u00f6sszek\u00f6t\u0151 bar\u00e1ts\u00e1got &#8211; mondta Navracsics Tibor k\u00fclgazdas\u00e1gi \u00e9s k\u00fcl\u00fcgyminiszter p\u00e9nteken Budapesten.<\/strong><br \/>\n<div class=\"ads-in-post1\"><div id=\"gazdasagportal.hu_fullbanner_wideboard\"><\/div>\r\n<\/div><!--more--><\/p>\n<p>    A t\u00e1rcavezet\u0151 megbesz\u00e9l\u00e9st folytatott Szab\u00e1h el-H\u00e1led el-Hamad esz-Szab\u00e1h kuvaiti minisztereln\u00f6k-helyettessel, k\u00fcl\u00fcgyminiszterrel, \u00e9s az azt k\u00f6vet\u0151 sajt\u00f3t\u00e1j\u00e9koztat\u00f3jukon kiemelte: egy bar\u00e1ts\u00e1g akkor er\u0151s, ha id\u0151r\u0151l id\u0151re meg\u00fajul \u00e9s m\u00e9g er\u0151sebb\u00e9 tud v\u00e1lni. A Magyarorsz\u00e1g \u00e9s Kuvait k\u00f6z\u00f6tti kapcsolatok t\u00f6bb szempontb\u00f3l is meger\u0151s\u00f6dhetnek. Mindk\u00e9t orsz\u00e1g politikai szempontb\u00f3l az egyik legink\u00e1bb stabil \u00e1llam a t\u00e9rs\u00e9g\u00e9ben, ami lehet\u0151v\u00e9 teszi: ahogyan Kuvait az arab vil\u00e1g elemz\u00e9s\u00e9hez Magyarorsz\u00e1gnak, \u00fagy Magyarorsz\u00e1g a k\u00f6z\u00e9p-eur\u00f3pai folyamatok meg\u00e9rt\u00e9s\u00e9ben Kuvaitnak ny\u00fajthat seg\u00edts\u00e9get &#8211; magyar\u00e1zta.<br \/>\n    Navracsics Tibor k\u00f6z\u00f6lte: emellett a k\u00e9t orsz\u00e1g egy\u00fcttm\u0171k\u00f6dik k\u00fcl\u00f6nb\u00f6z\u0151 szakpolitik\u00e1kban, \u00e9s a most al\u00e1\u00edrt mez\u0151gazdas\u00e1gi, v\u00edzgazd\u00e1lkod\u00e1si \u00e9s eg\u00e9szs\u00e9g\u00fcgyi t\u00e9m\u00e1j\u00fa egyezm\u00e9nyek mindk\u00e9t orsz\u00e1gnak hasznosak lehetnek a kapcsolataik fejleszt\u00e9s\u00e9hez.<br \/>\n    A miniszter arr\u00f3l is besz\u00e9lt, hogy ha Magyarorsz\u00e1gnak \u00e9s Kuvaitnak hasonl\u00f3 az \u00e1ll\u00e1spontja bizonyos k\u00e9rd\u00e9sekben, k\u00f6z\u00f6sen l\u00e9phetnek fel a nemzetk\u00f6zi szervezetekben, ez\u00e1ltal n\u00f6velve befoly\u00e1sukat.<br \/>\n    Navracsics Tibor eml\u00e9keztetett: Kuvait az els\u0151 orsz\u00e1g volt az \u00d6b\u00f6l-t\u00e9rs\u00e9gben, amellyel 1964-ben diplom\u00e1ciai kapcsolatot l\u00e9tes\u00edtett Magyarorsz\u00e1g. Ez azt is jelenti, hogy az elm\u00falt 50 \u00e9vben olyan kapcsolatok alakultak ki a k\u00e9t orsz\u00e1g k\u00f6z\u00f6tt, amelyek tal\u00e1n szorosabbak, mint a t\u00e9rs\u00e9g t\u00f6bbi orsz\u00e1g\u00e1hoz f\u0171z\u0151d\u0151 viszony &#8211; mutatott r\u00e1.<br \/>\n    A kuvaiti k\u00fcl\u00fcgyminiszter hangs\u00falyozta: a diplom\u00e1ciai kapcsolatfelv\u00e9tel 50. \u00e9vfordul\u00f3j\u00e1n okkal sz\u00e1m\u00edthatnak a k\u00e9toldal\u00fa kapcsolatok tov\u00e1bbi javul\u00e1s\u00e1ra \u00e9s b\u0151v\u00fcl\u00e9s\u00e9re, k\u00fcl\u00f6n\u00f6sen az egyezm\u00e9nyek \u00e1ltal \u00e9rintett ter\u00fcleteken.<br \/>\n    Szab\u00e1h el-H\u00e1led el-Hamad esz-Szab\u00e1h elmondta: az elm\u00falt id\u0151szakban t\u00f6bb alkalommal is tal\u00e1lkoztak a k\u00e9t orsz\u00e1g vezet\u0151i, hogy \u00e1ttekints\u00e9k a kapcsolataik fejleszt\u00e9s\u00e9nek j\u00f6v\u0151beli lehet\u0151s\u00e9geit.<br \/>\n    A kuvaiti t\u00e1rcavezet\u0151 v\u00e9g\u00fcl sok sikert k\u00edv\u00e1nt az \u00fajonnan megalakult magyar korm\u00e1nynak, \u00e9s \u00f6r\u00f6m\u00e9t fejezte ki, hogy \u0151 lehetett az els\u0151 k\u00fcl\u00fcgyminiszter, akit Budapesten fogadott Navracsics Tibor k\u00fclgazdas\u00e1gi \u00e9s k\u00fcl\u00fcgyminiszterk\u00e9nt.<br \/>\n    A sajt\u00f3t\u00e1j\u00e9koztat\u00f3 ut\u00e1n a miniszterek k\u00e9toldal\u00fa meg\u00e1llapod\u00e1sokat \u00edrtak al\u00e1. Az els\u0151 sz\u00e1nd\u00e9knyilatkozat arr\u00f3l sz\u00f3l, hogy a k\u00e9t orsz\u00e1g \u00e9l\u00e9nk\u00edti kapcsolatait \u00e9s az egy\u00fcttm\u0171k\u00f6d\u00e9s\u00e9t a mez\u0151gazdas\u00e1gban. A m\u00e1sodik sz\u00e1nd\u00e9knyilatkozat c\u00e9lja az orsz\u00e1gok technol\u00f3giai, tudom\u00e1nyos \u00e9s igazgat\u00e1si adotts\u00e1gainak er\u0151s\u00edt\u00e9se a v\u00edzgazd\u00e1lkod\u00e1sban. V\u00e9g\u00fcl a harmadik al\u00e1\u00edrt dokumentum egy egyet\u00e9rt\u00e9si meg\u00e1llapod\u00e1s, amely szerint Magyarorsz\u00e1g \u00e9s Kuvait er\u0151s\u00edtik \u00e9s fejlesztik egy\u00fcttm\u0171k\u00f6d\u00e9s\u00fcket az eg\u00e9szs\u00e9g\u00fcgy ter\u00fclet\u00e9n.(MTI)<\/p>\n","protected":false},"excerpt":{"rendered":"<p>A Magyarorsz\u00e1g \u00e9s Kuvait k\u00f6z\u00f6tti diplom\u00e1ciai kapcsolatok felv\u00e9tel\u00e9nek 50. \u00e9vfordul\u00f3ja j\u00f3 alkalmat k\u00edn\u00e1l arra, hogy meger\u0151s\u00edts\u00e9k \u00e9s meg\u00faj\u00edts\u00e1k a k\u00e9t orsz\u00e1got \u00f6sszek\u00f6t\u0151 bar\u00e1ts\u00e1got &#8211; mondta Navracsics Tibor k\u00fclgazdas\u00e1gi \u00e9s k\u00fcl\u00fcgyminiszter p\u00e9nteken Budapesten.<\/p>\n","protected":false},"author":1,"featured_media":0,"comment_status":"open","ping_status":"closed","sticky":false,"template":"","format":"standard","meta":[],"categories":[19],"tags":[],"_links":{"self":[{"href":"https:\/\/gazdasagportal.hu\/index.php\/wp-json\/wp\/v2\/posts\/36934"}],"collection":[{"href":"https:\/\/gazdasagportal.hu\/index.php\/wp-json\/wp\/v2\/posts"}],"about":[{"href":"https:\/\/gazdasagportal.hu\/index.php\/wp-json\/wp\/v2\/types\/post"}],"author":[{"embeddable":true,"href":"https:\/\/gazdasagportal.hu\/index.php\/wp-json\/wp\/v2\/users\/1"}],"replies":[{"embeddable":true,"href":"https:\/\/gazdasagportal.hu\/index.php\/wp-json\/wp\/v2\/comments?post=36934"}],"version-history":[{"count":1,"href":"https:\/\/gazdasagportal.hu\/index.php\/wp-json\/wp\/v2\/posts\/36934\/revisions"}],"predecessor-version":[{"id":36937,"href":"https:\/\/gazdasagportal.hu\/index.php\/wp-json\/wp\/v2\/posts\/36934\/revisions\/36937"}],"wp:attachment":[{"href":"https:\/\/gazdasagportal.hu\/index.php\/wp-json\/wp\/v2\/media?parent=36934"}],"wp:term":[{"taxonomy":"category","embeddable":true,"href":"https:\/\/gazdasagportal.hu\/index.php\/wp-json\/wp\/v2\/categories?post=36934"},{"taxonomy":"post_tag","embeddable":true,"href":"https:\/\/gazdasagportal.hu\/index.php\/wp-json\/wp\/v2\/tags?post=36934"}],"curies":[{"name":"wp","href":"https:\/\/api.w.org\/{rel}","templated":true}]}}