{"id":36774,"date":"2014-06-11T15:35:58","date_gmt":"2014-06-11T13:35:58","guid":{"rendered":"http:\/\/stockportal.hu\/?p=36774"},"modified":"2014-06-11T15:35:58","modified_gmt":"2014-06-11T13:35:58","slug":"forex-tozsde-deviza-arany-olaj-technikai-es-fundamentalis-elemzese-2014-06-11","status":"publish","type":"post","link":"https:\/\/gazdasagportal.hu\/index.php\/forex-tozsde-deviza-arany-olaj-technikai-es-fundamentalis-elemzese-2014-06-11\/","title":{"rendered":"Forex, t\u0151zsde, deviza, arany, olaj technikai \u00e9s fundament\u00e1lis elemz\u00e9se  &#8211; 2014.06.11"},"content":{"rendered":"<p><strong>K\u00f6z\u00e9ppontban az Egyes\u00fclt Kir\u00e1lys\u00e1g\u2026 Kedden bejelentett\u00e9k, hogy az Egyes\u00fclt Kir\u00e1lys\u00e1g gy\u00e1rt\u00e1si termel\u00e9se \u00e9ves szinten a v\u00e1rtn\u00e1l jobban emelkedett \u00e1prilisban, ami \u00e1ltal az \u00e1ltal\u00e1nos ipari termel\u00e9s \u00e9ves szinten 2,8%-r\u00f3l 3,0%-ra emelkedett, amely 2011 janu\u00e1rja \u00f3ta a legjobb r\u00e1ta. Az adatok hozz\u00e1j\u00e1rultak ahhoz a t\u00e9nyhez, hogy az Egyes\u00fclt Kir\u00e1lys\u00e1g gazdas\u00e1gi helyre\u00e1ll\u00e1sa felgyorsult a m\u00e1sodik negyed\u00e9vben. <\/strong><!--more--><br \/>\n<div class=\"ads-in-post1\"><div id=\"gazdasagportal.hu_fullbanner_wideboard\"><\/div>\r\n<\/div>\n<p><strong><a title=\"IronFX\" href=\"https:\/\/www.ironfx.com\/hu\/forex-demo-competition?utm_source=631980&amp;utm_medium=ib_link&amp;utm_campaign=IB\" target=\"_blank\" rel=\"noopener\"><strong>IronFX<\/strong><\/a>\u00a0napi elemz\u00e9s:<\/strong><\/p>\n<p>K\u00f6z\u00e9ppontban az Egyes\u00fclt Kir\u00e1lys\u00e1g\u2026 Kedden bejelentett\u00e9k, hogy az Egyes\u00fclt Kir\u00e1lys\u00e1g gy\u00e1rt\u00e1si termel\u00e9se \u00e9ves szinten a v\u00e1rtn\u00e1l jobban emelkedett \u00e1prilisban, ami \u00e1ltal az \u00e1ltal\u00e1nos ipari termel\u00e9s \u00e9ves szinten 2,8%-r\u00f3l 3,0%-ra emelkedett, amely 2011 janu\u00e1rja \u00f3ta a legjobb r\u00e1ta. Az adatok hozz\u00e1j\u00e1rultak ahhoz a t\u00e9nyhez, hogy az Egyes\u00fclt Kir\u00e1lys\u00e1g gazdas\u00e1gi helyre\u00e1ll\u00e1sa felgyorsult a m\u00e1sodik negyed\u00e9vben. Hacsaknem az ipari termel\u00e9s stagn\u00e1l vagy visszaesik a m\u00e1sodik negyed\u00e9v h\u00e1tral\u00e9v\u0151 r\u00e9sz\u00e9ben, az ipari \u00e1gazat n\u00e9gy \u00e9vet tekintve a legnagyobb m\u00e9rt\u00e9kben k\u00e9pes hozz\u00e1j\u00e1rulni az orsz\u00e1g negyed\u00e9ves GDP-j\u00e9hez.<\/p>\n<ul>\n<li>Ma az Egyes\u00fclt Kir\u00e1lys\u00e1g munkaer\u0151-piaci adatai v\u00e1rhat\u00f3an jelzik, hogy a munkan\u00e9lk\u00fclis\u00e9gi r\u00e1ta a m\u00e1rciusi 6,8%-r\u00f3l \u00e1prilisban 6,7%-ra cs\u00f6kkent, ami arra utal, hogy a munkan\u00e9lk\u00fclis\u00e9g tov\u00e1bbra is gyorsan cs\u00f6kken. A m\u00falt h\u00f3napban &#8211; b\u00e1r a r\u00e1ta 6,9%-r\u00f3l 6,8%-ra cs\u00f6kkent &#8211; a f\u00f3kuszban a heti \u00e1tlagkeresetek \u00e1lltak, amelyek a piaci el\u0151rejelz\u00e9sekn\u00e9l kev\u00e9sb\u00e9 emelkedtek, ami miatt az angol font gyeng\u00fclt. A sajt\u00f3konferenci\u00e1n, ahol bejelentett\u00e9k a BoE negyed\u00e9ves infl\u00e1ci\u00f3s jelent\u00e9s\u00e9t, Carney korm\u00e1nyz\u00f3 megjegyezte, hogy tov\u00e1bbra is jelent\u0151s lanyhas\u00e1g uralkodik a munkaer\u0151-piacon. Ez\u00fattal az \u00e1tlagkeresetek n\u00f6veked\u00e9si r\u00e1t\u00e1ja v\u00e1rhat\u00f3an \u00e9ves szinten +1,7%-r\u00f3l +1,2%-ra cs\u00f6kkent \u00e1prilisban, ami j\u00f3csk\u00e1n alulmarad az \u00e9ves szinten +1,8%-os infl\u00e1ci\u00f3s r\u00e1t\u00e1n. Ez arra utal, hogy b\u00e1r a munkan\u00e9lk\u00fclis\u00e9gi r\u00e1t\u00e1ban cs\u00f6kken\u00e9s tapasztalhat\u00f3, a fennmarad\u00f3 lanyhas\u00e1g a b\u00e9rek ker\u00e9kk\u00f6t\u0151je. A m\u00falt havi reakci\u00f3 alapj\u00e1n az \u00e1tlagkeresetek n\u00f6veked\u00e9si r\u00e1t\u00e1j\u00e1ban bek\u00f6vetkez\u0151 visszaes\u00e9s negat\u00edv hat\u00e1st gyakorolhat az angol fontra.<\/li>\n<li>M\u00e1shol: A doll\u00e1r er\u0151s\u00f6d\u00f6tt a legt\u00f6bb G10 devizap\u00e1rj\u00e1val szemben, mivel az USA kincst\u00e1rjegyeinek hozamai kedden emelkedtek, ami jelzi, hogy a piac val\u00f3sz\u00edn\u0171leg lehets\u00e9gesnek tartja, hogy a Fed a v\u00e1rtn\u00e1l hamarabb emeli a kamatl\u00e1bakat. Ek\u00f6zben a Munka\u00fcgyi Miniszt\u00e9rium bejelentette, hogy az USA-ban a bet\u00f6ltetlen \u00e1ll\u00e1sok sz\u00e1ma 4,46 milli\u00f3ra emelkedett \u00e1prilisban, ami 2007 szeptembere \u00f3ta a legmagasabb \u00e9rt\u00e9k. A JOLTS index (Job Opening and Labor Turnover survey, azaz \u00faj munkahelyekkel \u00e9s a munkaer\u0151 forg\u00e1s\u00e1val kapcsolatos index) a Fed eln\u00f6ke, Janet Yellen \u00e1ltal figyelemmel k\u00eds\u00e9rt kilenc mutat\u00f3sz\u00e1m egyike, \u00e9s a m\u00falt p\u00e9nteki foglalkoztat\u00e1si jelent\u00e9ssel egy\u00fctt tov\u00e1bbi javul\u00e1sra utal a munkaer\u0151-piacon.<\/li>\n<li>A d\u00e9l-afrikai rand a felt\u00f6rekv\u0151 piacokbeli vesztes deviz\u00e1k k\u00f6z\u00f6tt volt, miut\u00e1n a d\u00e9l-afrikai korm\u00e1ny ism\u00e9t sikertelen k\u00eds\u00e9rletet tett a platinab\u00e1ny\u00e1szok sztr\u00e1jkj\u00e1nak befejez\u00e9s\u00e9re. T\u00f6bb mint 70 ezer b\u00e1ny\u00e1sz sztr\u00e1jkol D\u00e9l-Afrik\u00e1ban, a vil\u00e1g legnagyobb platina-kitermel\u0151 \u00e9s m\u00e1sodik legnagyobb pall\u00e1dium-kitermel\u0151 orsz\u00e1g\u00e1ban. A sztr\u00e1jk megold\u00e1sra v\u00e1r \u00e9s fokoz\u00f3dhat, ami jelent\u0151sen cs\u00f6kkenti a platinaell\u00e1t\u00e1st. A platina \u00e9s a pall\u00e1dium kedden jelent\u0151sen emelkedett. Az SARB korm\u00e1nyz\u00f3ja, Gill Marcus elmondta, hogy a sztr\u00e1jkok miatt agg\u00e1lyok mer\u00fcltek fel D\u00e9l-Afrika 2. negyed\u00e9ves n\u00f6veked\u00e9s\u00e9vel kapcsolatban. M\u00e1jus 27-\u00e9n az orsz\u00e1g k\u00f6zz\u00e9tette a v\u00e1rtn\u00e1l kedvez\u0151tlenebb 1. negyed\u00e9ves GDP adat\u00e1t. Az elh\u00faz\u00f3d\u00f3 platina-szr\u00e1jk kedvez\u0151tlen\u00fcl \u00e9rintette a termel\u00e9st, \u00e9s a GDP negyed\u00e9ves szinten 0,6%-kal cs\u00f6kkent az 1. negyed\u00e9vben. Fenntartjuk medve jelleg\u0171 n\u00e9zet\u00fcnket a d\u00e9l-afrikai randdal kapcsolatban, \u00e9s szerint\u00fcnk nem megfelel\u0151 opci\u00f3 a carry trade \u00fcgyletekhez.<\/li>\n<li>Az Egyes\u00fclt Kir\u00e1lys\u00e1g foglalkoztat\u00e1si adatai mellett csak az USA-beli MBA jelz\u00e1logk\u00f6lcs\u00f6n-ig\u00e9nyl\u00e9sek adat\u00e1t publik\u00e1lj\u00e1k a j\u00fanius 6-\u00e1n befejez\u0151d\u00f6tt h\u00e9tre vonatkoz\u00f3an. Szok\u00e1s szerint nem \u00e1ll rendelkez\u00e9sre el\u0151rejelz\u00e9s.<\/li>\n<li>A szerdai napirend szerint \u00f6ten tartanak besz\u00e9det. Az EKB eln\u00f6ke, Mario Draghi \u00e9s a n\u00e9met kancell\u00e1r, Angela Merkel t\u00e1rgyal\u00e1sokat folytatnak Berlinben, mik\u00f6zben az EKB Korm\u00e1nyz\u00f3tan\u00e1cs\u00e1nak tagja, Ewald Nowotny egy b\u00e9csi konferenci\u00e1n besz\u00e9l; az EKB Igazgat\u00f3tan\u00e1cs\u00e1nak tagja, Yves Mersch a Global ABS konferenci\u00e1n sz\u00f3lal fel. A BoE Monet\u00e1ris Politikai Bizotts\u00e1g\u00e1nak tagja, Ben Broadbent a \u201eTreasury Select Committee\u201d (kincst\u00e1ri bizotts\u00e1g) el\u0151tt jelenik meg a Bank of England monet\u00e1ris politikai helyettes korm\u00e1nyz\u00f3j\u00e1v\u00e1 val\u00f3 kinevez\u00e9se \u00fcgy\u00e9ben.<\/li>\n<\/ul>\n<p><strong>Az EUR\/USD p\u00e1r k\u00e9szen \u00e1ll az 1,3500-\u00f6s tartom\u00e1ny tesztel\u00e9s\u00e9re<\/strong><\/p><div id=\"gazda-1076456079\" class=\"gazda-tartalomban gazda-entity-placement\"><script async src=\"https:\/\/pagead2.googlesyndication.com\/pagead\/js\/adsbygoogle.js\"><\/script>\r\n<ins class=\"adsbygoogle\"\r\n     style=\"display:block\"\r\n     data-ad-format=\"fluid\"\r\n     data-ad-layout-key=\"-6t+ed+2i-1n-4w\"\r\n     data-ad-client=\"ca-pub-1959107119989764\"\r\n     data-ad-slot=\"4008251320\"><\/ins>\r\n<script>\r\n     (adsbygoogle = window.adsbygoogle || []).push({});\r\n<\/script><\/div>\n<ul>\n<li>Az<strong>\u00a0EUR\/USD\u00a0<\/strong>p\u00e1r cs\u00f6kken\u00e9se kedden folytat\u00f3dott, \u00e9s sikeresen lefel\u00e9 \u00e1tt\u00f6rte az 1,3587-es (E1) ellen\u00e1ll\u00e1sszinti korl\u00e1tot. Ez meger\u0151s\u00edt, hogy a cs\u00fct\u00f6rt\u00f6ki el\u0151remenetel csup\u00e1n a m\u00e1jus 8. \u00e9s j\u00fanius 5. k\u00f6z\u00f6tti cs\u00f6kken\u00e9s 38,2%-os visszat\u00e9r\u00e9si szintje volt. Az \u00edr\u00e1s idej\u00e9n a p\u00e1r az 1,3500-\u00f6s (T1) t\u00e1maszszinti korl\u00e1t fel\u00e9 tart. A k\u00f6vetkez\u0151 t\u00e1maszszint a febru\u00e1ri minimum szint (1,3475 &#8211; T2). Ezen szint egy\u00e9rtelm\u0171, lefel\u00e9 t\u00f6rt\u00e9n\u0151 \u00e1tt\u00f6r\u00e9se el\u0151k\u00e9sz\u00edtheti az utat az 1,3400-es (T3) tartom\u00e1ny fel\u00e9. Az RSI cs\u00f6kken\u0151 \u00fatvonala folytat\u00f3dik, mik\u00f6zben az MACD jelz\u0151 \u00e9s z\u00e9rus vonala alatt marad, meger\u0151s\u00edtve a k\u00f6zelm\u00faltbeli negat\u00edv momentumot.<\/li>\n<li>T\u00e1maszszint: 1,3500 (T1), 1,3475 (T2), 1,3400 (T3).<\/li>\n<li>Ellen\u00e1ll\u00e1sszint: 1,3587 (E1), 1,3685 (E2), 1,3745 (E3).<\/li>\n<\/ul>\n<p>&nbsp;<\/p>\n<p><strong>Az EUR\/JPY p\u00e1r a 138,00-as tartom\u00e1ny fel\u00e9 tart<\/strong><\/p>\n<p>&nbsp;<\/p>\n<ul>\n<li>Az<strong>\u00a0EUR\/JPY<\/strong>\u00a0p\u00e1r tegnap jelent\u0151sen esett, \u00e9s lefel\u00e9 \u00e1tt\u00f6rte a 138,65-\u00f6s korl\u00e1tot. Egy ilyen jelleg\u0171 cs\u00f6kken\u00e9s v\u00e1rhat\u00f3an hosszabb\u00edt\u00e1sokat ind\u00edt el a 138,00-as (T1) t\u00e1maszszinti akad\u00e1lyig. A 138,00-as (T1) szint lefel\u00e9 t\u00f6rt\u00e9n\u0151 \u00e1tt\u00f6r\u00e9se megc\u00e9lozhatja a k\u00f6vetkez\u0151, 137,55-\u00f6s (T2) t\u00e1maszszintet, amely a 200 napos mozg\u00f3\u00e1tlag k\u00f6zel\u00e9ben van. Az MACD ind\u00edt\u00f3 \u00e9s z\u00e9rus vonala alatt van, lefel\u00e9 mutat, ami meger\u0151s\u00edt az \u00e1rfolyam mozg\u00e1s\u00e1nak k\u00f6zelm\u00faltbeli medve jelleg\u0171 momentum\u00e1t.<\/li>\n<li>T\u00e1maszszint: 138,00 (T1), 137,55 (T2), 136,20 (T3).<\/li>\n<li>Ellen\u00e1ll\u00e1sszint: 138,65 (E1), 139,35 (E2), 140,00 (E3).<\/li>\n<\/ul>\n<p><strong>A GBP\/USD p\u00e1r a cs\u00f6kken\u0151 trendbeli tartom\u00e1nyon bel\u00fcl marad<\/strong><\/p>\n<p>&nbsp;<\/p>\n<ul>\n<li><strong>A GBP\/USD\u00a0<\/strong>p\u00e1r cs\u00f6kkent, miut\u00e1n ellen\u00e1ll\u00e1sszintre tal\u00e1lt a k\u00e9k cs\u00f6kken\u0151 tartom\u00e1ny fels\u0151 hat\u00e1ra k\u00f6zel\u00e9ben. A p\u00e1r lefel\u00e9 \u00e1tt\u00f6rte az 1,6785-\u00f6s korl\u00e1tot, \u00e9s v\u00e1rhat\u00f3an folytat\u00f3dik cs\u00f6kken\u00e9se, majd teszteli az 1,6700-es (T1) t\u00e1maszszinti akad\u00e1lyt. Az 1,6700-es (T1) tartom\u00e1ny egy\u00e9rtelm\u0171, lefel\u00e9 t\u00f6rt\u00e9n\u0151 \u00e1tt\u00f6r\u00e9se tov\u00e1bbi medve jelleg\u0171 hosszabb\u00edt\u00e1sokat v\u00e1lthat ki, \u00e9s megc\u00e9lozza a k\u00f6vetkez\u0151 t\u00e1maszszintet (1,6600 &#8211; T2). Az MACD lefel\u00e9 \u00e1tt\u00e9rt jelz\u0151 \u00e9s z\u00e9rus vonal\u00e1n, ami jelzi az \u00e1rfolyam mozg\u00e1s\u00e1nak negat\u00edv momentum\u00e1t.<\/li>\n<li>T\u00e1maszszint: 1,6700 (T1), 1,6600 (T2), 1,6550 (T3).<\/li>\n<\/ul>\n<ul>\n<li>Ellen\u00e1ll\u00e1sszint: 1,6785 (E1), 1,6845 (E2), 1,6900 (E3).<\/li>\n<\/ul>\n<p><strong>Az arany emelked\u00e9se folytat\u00f3dik<\/strong><\/p>\n<p>&nbsp;<\/p>\n<ul>\n<li>Az<strong>\u00a0arany\u00a0<\/strong>emelked\u00e9se folytat\u00f3dott, \u00e9s \u00e1tl\u00e9pte az 50 peri\u00f3dus\u00fa mozg\u00f3\u00e1tlagot. Figyelembe v\u00e9ve, hogy az MACD a jelz\u0151 \u00e9s z\u00e9rus vonal felett marad, \u00e9s az RSI n\u00f6vekv\u0151 \u00fatvonala folytat\u00f3dik, a nemesf\u00e9m v\u00e1rhat\u00f3an teszteli az 1268-as (E1) ellen\u00e1ll\u00e1sszinti tartom\u00e1nyt. Mindazon\u00e1ltal, mivel tov\u00e1bbra is fenn\u00e1ll az alacsonyabb maximum szint val\u00f3sz\u00edn\u0171s\u00e9ge, a k\u00f6zelm\u00faltbeli el\u0151remenetelt egyel\u0151re korrekci\u00f3s f\u00e1zisnak tartan\u00e1m.<\/li>\n<li>T\u00e1maszszint: 1240 (T1), 1218 (T2), 1200 (T3).<\/li>\n<li>Ellen\u00e1ll\u00e1sszint: 1268 (E1), 1280 (E2), 1305 (E3).<\/li>\n<\/ul>\n<p><strong>A WTI ellen\u00e1ll\u00e1sszintre tal\u00e1lt a 105,00-\u00f6s szinten<\/strong><\/p>\n<p>&nbsp;<\/p>\n<ul>\n<li>A<strong>\u00a0WTI<\/strong>\u00a0er\u0151s ellen\u00e1ll\u00e1sszintre tal\u00e1lt a 105,00-\u00f6s pszichol\u00f3giai korl\u00e1ton, majd cs\u00f6kkent, \u00e9s t\u00e1maszszintre tal\u00e1lt a 104,10-es (T1) szinten. Az RSI kil\u00e9pett t\u00falv\u00e1s\u00e1rolt tartom\u00e1ny\u00e1b\u00f3l \u00e9s cs\u00f6kkent, mik\u00f6zben az MACD a cs\u00facsra ker\u00fcl\u00e9s jeleit mutatja, \u00e9s k\u00e9szen \u00e1llni l\u00e1tszik jelz\u0151 vonal\u00e1n lefel\u00e9 val\u00f3 \u00e1tt\u00e9r\u00e9sre a k\u00f6zelj\u00f6v\u0151ben. Ennek eredm\u00e9nyek\u00e9ppen nem z\u00e1rhat\u00f3 ki a visszat\u00e9r\u00e9s folytat\u00f3d\u00e1sa vagy bizonyos m\u00e9rt\u00e9k\u0171 konszolid\u00e1ci\u00f3. Az \u00e1ltal\u00e1nos r\u00f6vid t\u00e1v\u00fa k\u00e9p azonban n\u00f6vekv\u0151, \u00e9s a 105,00-\u00f6s (E1) szint egy\u00e9rtelm\u0171, felfel\u00e9 val\u00f3 \u00e1tt\u00f6r\u00e9se el\u0151k\u00e9sz\u00edtheti az utat a 108,00-as (E2) tartom\u00e1ny fel\u00e9.<\/li>\n<li>T\u00e1maszszint: 104,10 (T1), 103,65 (T2), 102,30 (T3).<\/li>\n<li>Ellen\u00e1ll\u00e1sszint: 105,00 (E1), 108,00 (E2), 110,00 (E3).<\/li>\n<\/ul>\n<p>&nbsp;<\/p>\n","protected":false},"excerpt":{"rendered":"<p>K\u00f6z\u00e9ppontban az Egyes\u00fclt Kir\u00e1lys\u00e1g\u2026 Kedden bejelentett\u00e9k, hogy az Egyes\u00fclt Kir\u00e1lys\u00e1g gy\u00e1rt\u00e1si termel\u00e9se \u00e9ves szinten a v\u00e1rtn\u00e1l jobban emelkedett \u00e1prilisban, ami \u00e1ltal az \u00e1ltal\u00e1nos ipari termel\u00e9s \u00e9ves szinten 2,8%-r\u00f3l 3,0%-ra emelkedett, amely 2011 janu\u00e1rja \u00f3ta a legjobb r\u00e1ta. Az adatok hozz\u00e1j\u00e1rultak ahhoz a t\u00e9nyhez, hogy az Egyes\u00fclt Kir\u00e1lys\u00e1g gazdas\u00e1gi helyre\u00e1ll\u00e1sa felgyorsult a m\u00e1sodik negyed\u00e9vben.<\/p>\n","protected":false},"author":1,"featured_media":20409,"comment_status":"open","ping_status":"closed","sticky":false,"template":"","format":"standard","meta":[],"categories":[146,8,131],"tags":[],"_links":{"self":[{"href":"https:\/\/gazdasagportal.hu\/index.php\/wp-json\/wp\/v2\/posts\/36774"}],"collection":[{"href":"https:\/\/gazdasagportal.hu\/index.php\/wp-json\/wp\/v2\/posts"}],"about":[{"href":"https:\/\/gazdasagportal.hu\/index.php\/wp-json\/wp\/v2\/types\/post"}],"author":[{"embeddable":true,"href":"https:\/\/gazdasagportal.hu\/index.php\/wp-json\/wp\/v2\/users\/1"}],"replies":[{"embeddable":true,"href":"https:\/\/gazdasagportal.hu\/index.php\/wp-json\/wp\/v2\/comments?post=36774"}],"version-history":[{"count":2,"href":"https:\/\/gazdasagportal.hu\/index.php\/wp-json\/wp\/v2\/posts\/36774\/revisions"}],"predecessor-version":[{"id":36803,"href":"https:\/\/gazdasagportal.hu\/index.php\/wp-json\/wp\/v2\/posts\/36774\/revisions\/36803"}],"wp:featuredmedia":[{"embeddable":true,"href":"https:\/\/gazdasagportal.hu\/index.php\/wp-json\/wp\/v2\/media\/20409"}],"wp:attachment":[{"href":"https:\/\/gazdasagportal.hu\/index.php\/wp-json\/wp\/v2\/media?parent=36774"}],"wp:term":[{"taxonomy":"category","embeddable":true,"href":"https:\/\/gazdasagportal.hu\/index.php\/wp-json\/wp\/v2\/categories?post=36774"},{"taxonomy":"post_tag","embeddable":true,"href":"https:\/\/gazdasagportal.hu\/index.php\/wp-json\/wp\/v2\/tags?post=36774"}],"curies":[{"name":"wp","href":"https:\/\/api.w.org\/{rel}","templated":true}]}}