{"id":36750,"date":"2014-06-11T11:43:28","date_gmt":"2014-06-11T09:43:28","guid":{"rendered":"http:\/\/stockportal.hu\/?p=36750"},"modified":"2014-06-11T11:43:28","modified_gmt":"2014-06-11T09:43:28","slug":"elemzok-tovabbra-sem-lesz-jelentos-inflacios-nyomas","status":"publish","type":"post","link":"https:\/\/gazdasagportal.hu\/index.php\/elemzok-tovabbra-sem-lesz-jelentos-inflacios-nyomas\/","title":{"rendered":"Elemz\u0151k: tov\u00e1bbra sem lesz jelent\u0151s infl\u00e1ci\u00f3s nyom\u00e1s"},"content":{"rendered":"<p><strong>Tov\u00e1bbra sem lesz jelent\u0151s infl\u00e1ci\u00f3s nyom\u00e1s az Erste \u00e9s az ING makroelemz\u0151i szerint, akik \u00fagy v\u00e9lik, hogy b\u00e1r az \u00e9v v\u00e9g\u00e9re 2,2 sz\u00e1zal\u00e9k k\u00f6r\u00fclire gyorsulhat az infl\u00e1ci\u00f3, az \u00e9ves \u00e1tlagos index igen alacsony lesz. Az NGM kiemeli: a negat\u00edv fogyaszt\u00f3i\u00e1r-index ellen\u00e9re Magyarorsz\u00e1gon nincs defl\u00e1ci\u00f3.<!--more--><\/strong><br \/>\n<div class=\"ads-in-post1\"><div id=\"gazdasagportal.hu_fullbanner_wideboard\"><\/div>\r\n<\/div>\n<p>A K\u00f6zponti Statisztikai Hivatal (KSH) kedden k\u00f6z\u00f6lt adatai szerint \u00e1prilis ut\u00e1n m\u00e1jusban is 0,1 sz\u00e1zal\u00e9kkal cs\u00f6kkentek a fogyaszt\u00f3i \u00e1rak az egy \u00e9vvel kor\u00e1bbihoz k\u00e9pest. \u00c1prilishoz k\u00e9pest 0,2 sz\u00e1zal\u00e9kkal m\u00e9rs\u00e9kl\u0151dtek az \u00e1rak.<br \/>\nA Nemzetgazdas\u00e1gi Miniszt\u00e9rium (NGM) szerdai, MTI-hez eljuttatott k\u00f6zlem\u00e9ny\u00e9ben kiemeli: az \u00e1rstabilit\u00e1s els\u0151sorban tov\u00e1bbra is a kedvez\u0151 vil\u00e1gpiaci \u00e9lelmiszer\u00e1raknak, a gazdas\u00e1gpolitikai int\u00e9zked\u00e9seknek, illetve az ingyenes k\u00e9szp\u00e9nzfelv\u00e9tel \u00e9s a rezsics\u00f6kkent\u00e9sek bevezet\u00e9s\u00e9nek is k\u00f6sz\u00f6nhet\u0151. M\u00e1just\u00f3l a g\u00e1z \u00e1r\u00e1nak \u00e1prilisban v\u00e9grehajtott 6,5 sz\u00e1zal\u00e9kos cs\u00f6kkent\u00e9se is megjelent az indexben. A mindennapi \u00e9letben az \u00e1rak stabilit\u00e1sa hozz\u00e1j\u00e1rul a j\u00f6vedelmek, a b\u00e9rek \u00e9s nyugd\u00edjak \u00e9rt\u00e9k\u00e1ll\u00f3s\u00e1g\u00e1hoz, amely el\u0151seg\u00edti a fogyaszt\u00e1s \u00e9l\u00e9nk\u00fcl\u00e9s\u00e9t is &#8211; olvashat\u00f3 a k\u00f6zlem\u00e9nyben.<br \/>\nAz alacsony infl\u00e1ci\u00f3 k\u00fcl\u00f6n\u00f6sen kedvez\u0151 a nyugd\u00edjasok sz\u00e1m\u00e1ra is. Az \u00fagynevezett nyugd\u00edjas fogyaszt\u00f3i \u00e1rindex az el\u0151z\u0151 h\u00f3napokban m\u00e9rtn\u00e9l is er\u0151teljesebb, 0,8 sz\u00e1zal\u00e9kos \u00e1rcs\u00f6kken\u00e9st jelez. A nyugd\u00edjasok \u00e1ltal legink\u00e1bb fogyasztott javak \u00f6sszess\u00e9g\u00e9ben kevesebbe ker\u00fclnek, mik\u00f6zben a nyugd\u00edjak n\u0151nek &#8211; hangs\u00falyozza a miniszt\u00e9rium.<br \/>\nA magyar adat ugyanakkor az euroz\u00f3n\u00e1hoz viszony\u00edtva is sz\u00e1mottev\u0151en alacsonyabb. Az NGM szerint a negat\u00edv fogyaszt\u00f3i\u00e1r-index ellen\u00e9re Magyarorsz\u00e1gon nincs defl\u00e1ci\u00f3, ami az \u00e1rak tart\u00f3s cs\u00f6kken\u00e9s\u00e9t jelenten\u00e9 \u00e9s a fogyaszt\u00e1s elhalaszt\u00e1s\u00e1t &#8211; \u00edgy pedig a bels\u0151 kereslet visszaes\u00e9s\u00e9t &#8211; okozhatn\u00e1.<br \/>\nAz NGM kifejti, hogy az \u00e1prilisban, illetve m\u00e1jusban regisztr\u00e1lt \u00e1rcs\u00f6kken\u00e9s \u00e1tmeneti, az \u00e9v m\u00e1sodik fel\u00e9ben az egyszeri t\u00e9nyez\u0151k b\u00e1zisb\u00f3l val\u00f3 kies\u00e9s\u00e9vel \u00e9s a bels\u0151 fogyaszt\u00e1s \u00e9l\u00e9nk\u00fcl\u00e9s\u00e9vel p\u00e1rhuzamosan a fogyaszt\u00f3i \u00e1rszint kism\u00e9rt\u00e9k\u0171 emelked\u00e9se val\u00f3sz\u00edn\u0171s\u00edthet\u0151.<br \/>\nBalatoni Andr\u00e1s, az ING Bank vezet\u0151 makroelemz\u0151je az MTI-nek elmondta, hogy az \u00e9v v\u00e9g\u00e9re 2,2 sz\u00e1zal\u00e9k k\u00f6r\u00fclire gyorsulhat a fogyaszt\u00f3i \u00e1rak n\u00f6veked\u00e9s\u00e9nek \u00fcteme, de tov\u00e1bbra sem lesz jelent\u0151s infl\u00e1ci\u00f3s nyom\u00e1s, ink\u00e1bb normaliz\u00e1l\u00f3d\u00e1s jellemz\u0151. Az \u00e9v v\u00e9g\u00e9re v\u00e1rt \u00e1remelked\u00e9st vet\u00edti el\u0151re a tavalyi rezsics\u00f6kkent\u00e9s bel\u00e9p\u00e9se a b\u00e1zisba, a mez\u0151gazdas\u00e1gi \u00e1rak m\u00e1sodik f\u00e9l\u00e9vre v\u00e1rt \u00e9ves \u00f6sszevet\u00e9s\u0171 n\u00f6veked\u00e9se, illetve a kiskereskedelmi szektorban tapasztalt nagy ar\u00e1ny\u00fa forgalomn\u00f6veked\u00e9s infl\u00e1ci\u00f3n\u00f6vel\u0151 hat\u00e1sa.<br \/>\nAz ING elemz\u0151je szerint j\u00falius-augusztust\u00f3l, a mez\u0151gazdas\u00e1gi termel\u00e9si \u00e1rak n\u00f6veked\u00e9s\u00e9vel jelenik majd meg az \u00e9ves indexben az \u00e9lelmiszer\u00e1rak emelked\u00e9se. A szak\u00e9rt\u0151 szerint az \u00e1prilisi 6,5 sz\u00e1zal\u00e9kos g\u00e1z\u00e1rcs\u00f6kkent\u00e9s hat\u00e1s\u00e1t m\u00e1r \u00e1prilisban belekalkul\u00e1lt\u00e1k a harmoniz\u00e1lt fogyaszt\u00f3i \u00e1rindexbe, \u00edgy annak m\u00e9rs\u00e9kl\u0151 hat\u00e1s\u00e1val m\u00e1r akkor sz\u00e1moltak az elemz\u0151k. A magyar m\u00f3dszertan szerint sz\u00e1molt adatokban m\u00e1jusban jelent meg ez a cs\u00f6kkent\u0151 t\u00e9nyez\u0151, amely 0,2 sz\u00e1zal\u00e9kkal m\u00e9rs\u00e9kelte a fogyaszt\u00f3i \u00e1rindexet.<br \/>\nA tart\u00f3s fogyaszt\u00e1si cikkek \u00e1rsz\u00ednvonala 2 h\u00f3napja folyamatosan cs\u00f6kken, amelynek az ING szak\u00e9rt\u0151je szerint az alacsony k\u00fcls\u0151 infl\u00e1ci\u00f3 az oka, mivel ezek a term\u00e9kek f\u0151leg importb\u00f3l sz\u00e1rmaznak. A szolg\u00e1ltat\u00e1si szektor, amely j\u00f3 indik\u00e1tora az infl\u00e1ci\u00f3s v\u00e1rakoz\u00e1soknak, nem jelez nagym\u00e9rt\u00e9k\u0171 \u00e1remelked\u00e9st &#8211; f\u0171zte hozz\u00e1 Balatoni Andr\u00e1s.<br \/>\nA szezon\u00e1lisan kiigaz\u00edtott maginfl\u00e1ci\u00f3 m\u00e1jusban kis m\u00e9rt\u00e9kben, 2,5 sz\u00e1zal\u00e9kra n\u0151tt az \u00e1prilisi 2,4 sz\u00e1zal\u00e9kr\u00f3l, a szint konzisztensnek mondhat\u00f3 a 3 sz\u00e1zal\u00e9kos infl\u00e1ci\u00f3s c\u00e9llal.<br \/>\nNyeste Orsolya, az Erste Bank makroelemz\u0151je a k\u00f6vetkez\u0151 h\u00f3napokban 0 sz\u00e1zal\u00e9k k\u00f6r\u00fcli, illetve kisebb m\u00e9rt\u00e9kben 0 sz\u00e1zal\u00e9k f\u00f6l\u00e9 emelked\u0151 \u00e9ves infl\u00e1ci\u00f3t v\u00e1r. A 12 h\u00f3napos index v\u00e1rhat\u00f3an csak az \u00e9v utols\u00f3 h\u00f3napjaiban fogja el\u00e9rni az 1 sz\u00e1zal\u00e9kot, a tavalyi alacsony b\u00e1zisadatok miatt. Az \u00e9ves \u00e1tlagos infl\u00e1ci\u00f3s mutat\u00f3 is igen alacsony lesz, lehets\u00e9ges, hogy a f\u00e9l sz\u00e1zal\u00e9kot sem \u00e9ri el az id\u00e9n &#8211; v\u00e9li a szak\u00e9rt\u0151.<br \/>\nAz Erste elemz\u0151je az MTI-hez eljuttatott komment\u00e1rj\u00e1ban kifejti: b\u00e1r a m\u00e1jusi 0,1 sz\u00e1zal\u00e9kos fogyaszt\u00f3i \u00e1rsz\u00ednvonal cs\u00f6kken\u00e9s nem t\u00e9r el sokkal a 0 sz\u00e1zal\u00e9kos v\u00e1rakoz\u00e1st\u00f3l, azonban a tov\u00e1bbra is negat\u00edv tartom\u00e1nyban l\u00e9v\u0151 \u00e9ves fogyaszt\u00f3i \u00e1rindex j\u00f3l jelzi, hogy a 3 sz\u00e1zal\u00e9kos k\u00f6z\u00e9pt\u00e1v\u00fa infl\u00e1ci\u00f3s c\u00e9lhoz val\u00f3 felz\u00e1rk\u00f3z\u00e1s a kor\u00e1bban gondoltn\u00e1l j\u00f3val lassabban fog bek\u00f6vetkezni.<br \/>\nNyeste Orsolya kifejtette: a szezon\u00e1lis maginfl\u00e1ci\u00f3 is alacsony szinten maradt, 2,5 sz\u00e1zal\u00e9kos volt m\u00e1jusban, jelezve az alapinfl\u00e1ci\u00f3s folyamatok visszafogotts\u00e1g\u00e1t.<br \/>\nHozz\u00e1f\u0171zte: a monet\u00e1ris politik\u00e1t illet\u0151en az alacsony infl\u00e1ci\u00f3, a t\u00e1mogat\u00f3 k\u00fcls\u0151 piaci k\u00f6rnyezet, \u00e9s az Eur\u00f3pai K\u00f6zponti Bank m\u00falt h\u00e9ten bejelentett monet\u00e1ris enyh\u00edt\u00e9sei tov\u00e1bbi teret ny\u00fajtanak a magyar jegybanknak a kamatcs\u00f6kkent\u00e9sek folytat\u00e1s\u00e1ra. A j\u00faniusi kamatmeghat\u00e1roz\u00f3 \u00fcl\u00e9sen az Erste elemz\u0151inek v\u00e1rakoz\u00e1sa szerint \u00fajabb 10 b\u00e1zisponttal cs\u00f6kkenhet a jegybanki alapkamat.(MTI)<\/p>\n","protected":false},"excerpt":{"rendered":"<p>Tov\u00e1bbra sem lesz jelent\u0151s infl\u00e1ci\u00f3s nyom\u00e1s az Erste \u00e9s az ING makroelemz\u0151i szerint, akik \u00fagy v\u00e9lik, hogy b\u00e1r az \u00e9v v\u00e9g\u00e9re 2,2 sz\u00e1zal\u00e9k k\u00f6r\u00fclire gyorsulhat az infl\u00e1ci\u00f3, az \u00e9ves \u00e1tlagos index igen alacsony lesz. Az NGM kiemeli: a negat\u00edv fogyaszt\u00f3i\u00e1r-index ellen\u00e9re Magyarorsz\u00e1gon nincs defl\u00e1ci\u00f3.<\/p>\n","protected":false},"author":1,"featured_media":0,"comment_status":"open","ping_status":"closed","sticky":false,"template":"","format":"standard","meta":[],"categories":[19],"tags":[],"_links":{"self":[{"href":"https:\/\/gazdasagportal.hu\/index.php\/wp-json\/wp\/v2\/posts\/36750"}],"collection":[{"href":"https:\/\/gazdasagportal.hu\/index.php\/wp-json\/wp\/v2\/posts"}],"about":[{"href":"https:\/\/gazdasagportal.hu\/index.php\/wp-json\/wp\/v2\/types\/post"}],"author":[{"embeddable":true,"href":"https:\/\/gazdasagportal.hu\/index.php\/wp-json\/wp\/v2\/users\/1"}],"replies":[{"embeddable":true,"href":"https:\/\/gazdasagportal.hu\/index.php\/wp-json\/wp\/v2\/comments?post=36750"}],"version-history":[{"count":1,"href":"https:\/\/gazdasagportal.hu\/index.php\/wp-json\/wp\/v2\/posts\/36750\/revisions"}],"predecessor-version":[{"id":36751,"href":"https:\/\/gazdasagportal.hu\/index.php\/wp-json\/wp\/v2\/posts\/36750\/revisions\/36751"}],"wp:attachment":[{"href":"https:\/\/gazdasagportal.hu\/index.php\/wp-json\/wp\/v2\/media?parent=36750"}],"wp:term":[{"taxonomy":"category","embeddable":true,"href":"https:\/\/gazdasagportal.hu\/index.php\/wp-json\/wp\/v2\/categories?post=36750"},{"taxonomy":"post_tag","embeddable":true,"href":"https:\/\/gazdasagportal.hu\/index.php\/wp-json\/wp\/v2\/tags?post=36750"}],"curies":[{"name":"wp","href":"https:\/\/api.w.org\/{rel}","templated":true}]}}